{"id":19031,"date":"2026-09-02T11:58:30","date_gmt":"2026-09-02T14:58:30","guid":{"rendered":"https:\/\/municipales.org.ar\/festram\/?p=19031"},"modified":"2026-09-02T11:58:40","modified_gmt":"2026-09-02T14:58:40","slug":"ley-provincial-de-emergencia-en-violencia-de-genero-ya","status":"publish","type":"post","link":"https:\/\/municipales.org.ar\/festram\/ley-provincial-de-emergencia-en-violencia-de-genero-ya\/","title":{"rendered":"Ley Provincial de Emergencia en Violencia de G\u00e9nero YA!!!!"},"content":{"rendered":"\n<h2 class=\"wp-block-heading\">Desde la Secretar\u00eda de Pol\u00edticas de G\u00e9nero, FESTRAM particip\u00f3 de la Conferencia de prensa y encuentro por la Emergencia Ni Una Menos junto a integrantes de la Asamblea Ni Una Menos y militantes de Mumal\u00e1 de Rosario para exigir la declaraci\u00f3n de la LEY DE EMERGENCIA EN VIOLENCIA DE G\u00c9NERO. La provincia de Santa Fe es la segunda a nivel nacional con el mayor n\u00famero de femicidios y transfemicidios.<br><\/h2>\n\n\n\n<p>Tras analizar estad\u00edsticas, las activistas coincidieron en la urgencia de \u00abimplementar una campa\u00f1a, una lucha fundamentalmente exigiendo al gobierno provincial, pero tambi\u00e9n el nacional y a los locales, una ley provincial local de emergencia por violencia\u00bb.<\/p>\n\n\n\n<p>El problema no radica \u00fanicamente en la falta de un marco normativo de emergencia, sino en el desfinanciamiento sistem\u00e1tico de las \u00e1reas encargadas de llevar adelante las escasas pol\u00edticas de g\u00e9nero que existen actualmente. Denuncian un avasallamiento por parte de los distintos gobiernos nacional, provincial y locales en lo que tiene que ver con los recursos y la sub ejecuci\u00f3n de los presupuestos para las organizaciones que trabajan las situaciones de violencia en los distintos territorios. No hay Presupuestos.<br><\/p>\n\n\n<p><iframe loading=\"lazy\" src=\"https:\/\/www.facebook.com\/plugins\/video.php?height=476&#038;href=https%3A%2F%2Fweb.facebook.com%2Freel%2F1560788081803347%2F&#038;show_text=true&#038;width=267&#038;t=0\" width=\"267\" height=\"591\" style=\"border:none;overflow:hidden\" scrolling=\"no\" frameborder=\"0\" allowfullscreen=\"true\" allow=\"autoplay; clipboard-write; encrypted-media; picture-in-picture; web-share\" allowFullScreen=\"true\"><\/iframe><\/p>\n\n\n\n<p><br><br>Las organizaciones territoriales deben redoblar esfuerzos de forma constante para obtener recursos b\u00e1sicos para su subsistencia y poder sostener los espacios de cuidados y comedores. Es alarmante el desamparo en el que se encuentran las v\u00edctimas de violencia cuando acuden a los espacios comunitarios en busca de protecci\u00f3n, ante un Estado que no ofrece respuestas habitacionales ni de asistencia integral. <\/p>\n\n\n\n<p>No hay pol\u00edticas p\u00fablicas que puedan darle respuesta a una mujer que ha sido golpeada, que no tiene d\u00f3nde volver, d\u00f3nde alojarse, d\u00f3nde estar con sus hijos. El desamparo es una forma de violencia institucionalizada.<\/p>\n","protected":false},"excerpt":{"rendered":"<p>Desde la Secretar\u00eda de Pol\u00edticas de G\u00e9nero, FESTRAM particip\u00f3 de la Conferencia de prensa y encuentro por la Emergencia Ni Una Menos junto a integrantes de la Asamblea Ni Una Menos y militantes de Mumal\u00e1 de Rosario para exigir la declaraci\u00f3n de la LEY DE EMERGENCIA EN VIOLENCIA DE G\u00c9NERO. La provincia de Santa Fe es la segunda a nivel nacional con el mayor n\u00famero de femicidios y transfemicidios.<\/p>\n","protected":false},"author":1,"featured_media":19032,"comment_status":"closed","ping_status":"closed","sticky":false,"template":"","format":"standard","meta":{"_jetpack_memberships_contains_paid_content":false,"footnotes":"","jetpack_publicize_message":"","jetpack_publicize_feature_enabled":true,"jetpack_social_post_already_shared":true,"jetpack_social_options":{"image_generator_settings":{"template":"highway","default_image_id":0,"font":"","enabled":false},"version":2}},"categories":[261,50],"tags":[87,119],"class_list":["post-19031","post","type-post","status-publish","format-standard","has-post-thumbnail","hentry","category-comunicados-2026","category-genero","tag-genero-2","tag-titular"],"yoast_head":"<!-- This site is optimized with the Yoast SEO plugin v25.9 - https:\/\/yoast.com\/wordpress\/plugins\/seo\/ -->\n<title>Ley Provincial de Emergencia en Violencia de G\u00e9nero YA!!!! &#8211; FESTRAM<\/title>\n<meta name=\"description\" content=\"Desde la Secretar\u00eda de Pol\u00edticas de G\u00e9nero, FESTRAM particip\u00f3 de la Conferencia de prensa y encuentro por la Emergencia Ni Una Menos junto a integrantes de la Asamblea Ni Una Menos y militantes de Mumal\u00e1 de Rosario para exigir la declaraci\u00f3n de la LEY DE EMERGENCIA EN VIOLENCIA DE G\u00c9NERO. La provincia de Santa Fe es la segunda a nivel nacional con el mayor n\u00famero de femicidios y transfemicidios.\" \/>\n<meta name=\"robots\" content=\"index, follow, max-snippet:-1, max-image-preview:large, max-video-preview:-1\" \/>\n<link rel=\"canonical\" href=\"https:\/\/municipales.org.ar\/festram\/ley-provincial-de-emergencia-en-violencia-de-genero-ya\/\" \/>\n<meta property=\"og:locale\" content=\"es_ES\" \/>\n<meta property=\"og:type\" content=\"article\" \/>\n<meta property=\"og:title\" content=\"Ley Provincial de Emergencia en Violencia de G\u00e9nero YA!!!! &#8211; FESTRAM\" \/>\n<meta property=\"og:description\" content=\"Desde la Secretar\u00eda de Pol\u00edticas de G\u00e9nero, FESTRAM particip\u00f3 de la Conferencia de prensa y encuentro por la Emergencia Ni Una Menos junto a integrantes de la Asamblea Ni Una Menos y militantes de Mumal\u00e1 de Rosario para exigir la declaraci\u00f3n de la LEY DE EMERGENCIA EN VIOLENCIA DE G\u00c9NERO. La provincia de Santa Fe es la segunda a nivel nacional con el mayor n\u00famero de femicidios y transfemicidios.\" \/>\n<meta property=\"og:url\" content=\"https:\/\/municipales.org.ar\/festram\/ley-provincial-de-emergencia-en-violencia-de-genero-ya\/\" \/>\n<meta property=\"og:site_name\" content=\"FESTRAM\" \/>\n<meta property=\"article:publisher\" content=\"https:\/\/www.facebook.com\/MunicipalesSF\" \/>\n<meta property=\"article:published_time\" content=\"2026-09-02T14:58:30+00:00\" \/>\n<meta property=\"article:modified_time\" content=\"2026-09-02T14:58:40+00:00\" \/>\n<meta property=\"og:image\" content=\"https:\/\/municipales.org.ar\/festram\/wp-content\/uploads\/2026\/09\/WhatsApp-Image-2026-09-02-at-11.34.52.jpeg\" \/>\n\t<meta property=\"og:image:width\" content=\"1600\" \/>\n\t<meta property=\"og:image:height\" content=\"900\" \/>\n\t<meta property=\"og:image:type\" content=\"image\/jpeg\" \/>\n<meta name=\"author\" content=\"mun_admin\" \/>\n<meta name=\"twitter:card\" content=\"summary_large_image\" \/>\n<meta name=\"twitter:creator\" content=\"@MunicipalesSF\" \/>\n<meta name=\"twitter:site\" content=\"@MunicipalesSF\" \/>\n<meta name=\"twitter:label1\" content=\"Escrito por\" \/>\n\t<meta name=\"twitter:data1\" content=\"mun_admin\" \/>\n\t<meta name=\"twitter:label2\" content=\"Tiempo de lectura\" \/>\n\t<meta name=\"twitter:data2\" content=\"2 minutos\" \/>\n<script type=\"application\/ld+json\" class=\"yoast-schema-graph\">{\"@context\":\"https:\/\/schema.org\",\"@graph\":[{\"@type\":\"Article\",\"@id\":\"https:\/\/municipales.org.ar\/festram\/ley-provincial-de-emergencia-en-violencia-de-genero-ya\/#article\",\"isPartOf\":{\"@id\":\"https:\/\/municipales.org.ar\/festram\/ley-provincial-de-emergencia-en-violencia-de-genero-ya\/\"},\"author\":{\"name\":\"mun_admin\",\"@id\":\"https:\/\/municipales.org.ar\/festram\/#\/schema\/person\/49096a774c48ce9063df4d59ec059f9e\"},\"headline\":\"Ley Provincial de Emergencia en Violencia de G\u00e9nero YA!!!!\",\"datePublished\":\"2026-09-02T14:58:30+00:00\",\"dateModified\":\"2026-09-02T14:58:40+00:00\",\"mainEntityOfPage\":{\"@id\":\"https:\/\/municipales.org.ar\/festram\/ley-provincial-de-emergencia-en-violencia-de-genero-ya\/\"},\"wordCount\":310,\"publisher\":{\"@id\":\"https:\/\/municipales.org.ar\/festram\/#organization\"},\"image\":{\"@id\":\"https:\/\/municipales.org.ar\/festram\/ley-provincial-de-emergencia-en-violencia-de-genero-ya\/#primaryimage\"},\"thumbnailUrl\":\"https:\/\/municipales.org.ar\/festram\/wp-content\/uploads\/2026\/09\/WhatsApp-Image-2026-09-02-at-11.34.52.jpeg\",\"keywords\":[\"g\u00e9nero\",\"titular\"],\"articleSection\":[\"Comunicados 2026\",\"G\u00e9nero\"],\"inLanguage\":\"es\"},{\"@type\":\"WebPage\",\"@id\":\"https:\/\/municipales.org.ar\/festram\/ley-provincial-de-emergencia-en-violencia-de-genero-ya\/\",\"url\":\"https:\/\/municipales.org.ar\/festram\/ley-provincial-de-emergencia-en-violencia-de-genero-ya\/\",\"name\":\"Ley Provincial de Emergencia en Violencia de G\u00e9nero YA!!!! &#8211; FESTRAM\",\"isPartOf\":{\"@id\":\"https:\/\/municipales.org.ar\/festram\/#website\"},\"primaryImageOfPage\":{\"@id\":\"https:\/\/municipales.org.ar\/festram\/ley-provincial-de-emergencia-en-violencia-de-genero-ya\/#primaryimage\"},\"image\":{\"@id\":\"https:\/\/municipales.org.ar\/festram\/ley-provincial-de-emergencia-en-violencia-de-genero-ya\/#primaryimage\"},\"thumbnailUrl\":\"https:\/\/municipales.org.ar\/festram\/wp-content\/uploads\/2026\/09\/WhatsApp-Image-2026-09-02-at-11.34.52.jpeg\",\"datePublished\":\"2026-09-02T14:58:30+00:00\",\"dateModified\":\"2026-09-02T14:58:40+00:00\",\"description\":\"Desde la Secretar\u00eda de Pol\u00edticas de G\u00e9nero, FESTRAM particip\u00f3 de la Conferencia de prensa y encuentro por la Emergencia Ni Una Menos junto a integrantes de la Asamblea Ni Una Menos y militantes de Mumal\u00e1 de Rosario para exigir la declaraci\u00f3n de la LEY DE EMERGENCIA EN VIOLENCIA DE G\u00c9NERO. La provincia de Santa Fe es la segunda a nivel nacional con el mayor n\u00famero de femicidios y transfemicidios.\",\"breadcrumb\":{\"@id\":\"https:\/\/municipales.org.ar\/festram\/ley-provincial-de-emergencia-en-violencia-de-genero-ya\/#breadcrumb\"},\"inLanguage\":\"es\",\"potentialAction\":[{\"@type\":\"ReadAction\",\"target\":[\"https:\/\/municipales.org.ar\/festram\/ley-provincial-de-emergencia-en-violencia-de-genero-ya\/\"]}]},{\"@type\":\"ImageObject\",\"inLanguage\":\"es\",\"@id\":\"https:\/\/municipales.org.ar\/festram\/ley-provincial-de-emergencia-en-violencia-de-genero-ya\/#primaryimage\",\"url\":\"https:\/\/municipales.org.ar\/festram\/wp-content\/uploads\/2026\/09\/WhatsApp-Image-2026-09-02-at-11.34.52.jpeg\",\"contentUrl\":\"https:\/\/municipales.org.ar\/festram\/wp-content\/uploads\/2026\/09\/WhatsApp-Image-2026-09-02-at-11.34.52.jpeg\",\"width\":1600,\"height\":900},{\"@type\":\"BreadcrumbList\",\"@id\":\"https:\/\/municipales.org.ar\/festram\/ley-provincial-de-emergencia-en-violencia-de-genero-ya\/#breadcrumb\",\"itemListElement\":[{\"@type\":\"ListItem\",\"position\":1,\"name\":\"Portada\",\"item\":\"https:\/\/municipales.org.ar\/festram\/\"},{\"@type\":\"ListItem\",\"position\":2,\"name\":\"Ley Provincial de Emergencia en Violencia de G\u00e9nero YA!!!!\"}]},{\"@type\":\"WebSite\",\"@id\":\"https:\/\/municipales.org.ar\/festram\/#website\",\"url\":\"https:\/\/municipales.org.ar\/festram\/\",\"name\":\"FESTRAM\",\"description\":\"La web de los trabajadores municipales\",\"publisher\":{\"@id\":\"https:\/\/municipales.org.ar\/festram\/#organization\"},\"potentialAction\":[{\"@type\":\"SearchAction\",\"target\":{\"@type\":\"EntryPoint\",\"urlTemplate\":\"https:\/\/municipales.org.ar\/festram\/?s={search_term_string}\"},\"query-input\":{\"@type\":\"PropertyValueSpecification\",\"valueRequired\":true,\"valueName\":\"search_term_string\"}}],\"inLanguage\":\"es\"},{\"@type\":\"Organization\",\"@id\":\"https:\/\/municipales.org.ar\/festram\/#organization\",\"name\":\"Federaci\u00f3n de Sindicatos de Trabajadores Municipales de la Provincia de Santa Fe\",\"url\":\"https:\/\/municipales.org.ar\/festram\/\",\"logo\":{\"@type\":\"ImageObject\",\"inLanguage\":\"es\",\"@id\":\"https:\/\/municipales.org.ar\/festram\/#\/schema\/logo\/image\/\",\"url\":\"https:\/\/www.municipales.org.ar\/festram\/wp-content\/uploads\/2014\/07\/logo_fes.jpg\",\"contentUrl\":\"https:\/\/www.municipales.org.ar\/festram\/wp-content\/uploads\/2014\/07\/logo_fes.jpg\",\"width\":661,\"height\":673,\"caption\":\"Federaci\u00f3n de Sindicatos de Trabajadores Municipales de la Provincia de Santa Fe\"},\"image\":{\"@id\":\"https:\/\/municipales.org.ar\/festram\/#\/schema\/logo\/image\/\"},\"sameAs\":[\"https:\/\/www.facebook.com\/MunicipalesSF\",\"https:\/\/x.com\/MunicipalesSF\",\"https:\/\/www.youtube.com\/user\/festram\"]},{\"@type\":\"Person\",\"@id\":\"https:\/\/municipales.org.ar\/festram\/#\/schema\/person\/49096a774c48ce9063df4d59ec059f9e\",\"name\":\"mun_admin\"}]}<\/script>\n<!-- \/ Yoast SEO plugin. -->","yoast_head_json":{"title":"Ley Provincial de Emergencia en Violencia de G\u00e9nero YA!!!! &#8211; FESTRAM","description":"Desde la Secretar\u00eda de Pol\u00edticas de G\u00e9nero, FESTRAM particip\u00f3 de la Conferencia de prensa y encuentro por la Emergencia Ni Una Menos junto a integrantes de la Asamblea Ni Una Menos y militantes de Mumal\u00e1 de Rosario para exigir la declaraci\u00f3n de la LEY DE EMERGENCIA EN VIOLENCIA DE G\u00c9NERO. La provincia de Santa Fe es la segunda a nivel nacional con el mayor n\u00famero de femicidios y transfemicidios.","robots":{"index":"index","follow":"follow","max-snippet":"max-snippet:-1","max-image-preview":"max-image-preview:large","max-video-preview":"max-video-preview:-1"},"canonical":"https:\/\/municipales.org.ar\/festram\/ley-provincial-de-emergencia-en-violencia-de-genero-ya\/","og_locale":"es_ES","og_type":"article","og_title":"Ley Provincial de Emergencia en Violencia de G\u00e9nero YA!!!! &#8211; FESTRAM","og_description":"Desde la Secretar\u00eda de Pol\u00edticas de G\u00e9nero, FESTRAM particip\u00f3 de la Conferencia de prensa y encuentro por la Emergencia Ni Una Menos junto a integrantes de la Asamblea Ni Una Menos y militantes de Mumal\u00e1 de Rosario para exigir la declaraci\u00f3n de la LEY DE EMERGENCIA EN VIOLENCIA DE G\u00c9NERO. La provincia de Santa Fe es la segunda a nivel nacional con el mayor n\u00famero de femicidios y transfemicidios.","og_url":"https:\/\/municipales.org.ar\/festram\/ley-provincial-de-emergencia-en-violencia-de-genero-ya\/","og_site_name":"FESTRAM","article_publisher":"https:\/\/www.facebook.com\/MunicipalesSF","article_published_time":"2026-09-02T14:58:30+00:00","article_modified_time":"2026-09-02T14:58:40+00:00","og_image":[{"width":1600,"height":900,"url":"https:\/\/municipales.org.ar\/festram\/wp-content\/uploads\/2026\/09\/WhatsApp-Image-2026-09-02-at-11.34.52.jpeg","type":"image\/jpeg"}],"author":"mun_admin","twitter_card":"summary_large_image","twitter_creator":"@MunicipalesSF","twitter_site":"@MunicipalesSF","twitter_misc":{"Escrito por":"mun_admin","Tiempo de lectura":"2 minutos"},"schema":{"@context":"https:\/\/schema.org","@graph":[{"@type":"Article","@id":"https:\/\/municipales.org.ar\/festram\/ley-provincial-de-emergencia-en-violencia-de-genero-ya\/#article","isPartOf":{"@id":"https:\/\/municipales.org.ar\/festram\/ley-provincial-de-emergencia-en-violencia-de-genero-ya\/"},"author":{"name":"mun_admin","@id":"https:\/\/municipales.org.ar\/festram\/#\/schema\/person\/49096a774c48ce9063df4d59ec059f9e"},"headline":"Ley Provincial de Emergencia en Violencia de G\u00e9nero YA!!!!","datePublished":"2026-09-02T14:58:30+00:00","dateModified":"2026-09-02T14:58:40+00:00","mainEntityOfPage":{"@id":"https:\/\/municipales.org.ar\/festram\/ley-provincial-de-emergencia-en-violencia-de-genero-ya\/"},"wordCount":310,"publisher":{"@id":"https:\/\/municipales.org.ar\/festram\/#organization"},"image":{"@id":"https:\/\/municipales.org.ar\/festram\/ley-provincial-de-emergencia-en-violencia-de-genero-ya\/#primaryimage"},"thumbnailUrl":"https:\/\/municipales.org.ar\/festram\/wp-content\/uploads\/2026\/09\/WhatsApp-Image-2026-09-02-at-11.34.52.jpeg","keywords":["g\u00e9nero","titular"],"articleSection":["Comunicados 2026","G\u00e9nero"],"inLanguage":"es"},{"@type":"WebPage","@id":"https:\/\/municipales.org.ar\/festram\/ley-provincial-de-emergencia-en-violencia-de-genero-ya\/","url":"https:\/\/municipales.org.ar\/festram\/ley-provincial-de-emergencia-en-violencia-de-genero-ya\/","name":"Ley Provincial de Emergencia en Violencia de G\u00e9nero YA!!!! &#8211; FESTRAM","isPartOf":{"@id":"https:\/\/municipales.org.ar\/festram\/#website"},"primaryImageOfPage":{"@id":"https:\/\/municipales.org.ar\/festram\/ley-provincial-de-emergencia-en-violencia-de-genero-ya\/#primaryimage"},"image":{"@id":"https:\/\/municipales.org.ar\/festram\/ley-provincial-de-emergencia-en-violencia-de-genero-ya\/#primaryimage"},"thumbnailUrl":"https:\/\/municipales.org.ar\/festram\/wp-content\/uploads\/2026\/09\/WhatsApp-Image-2026-09-02-at-11.34.52.jpeg","datePublished":"2026-09-02T14:58:30+00:00","dateModified":"2026-09-02T14:58:40+00:00","description":"Desde la Secretar\u00eda de Pol\u00edticas de G\u00e9nero, FESTRAM particip\u00f3 de la Conferencia de prensa y encuentro por la Emergencia Ni Una Menos junto a integrantes de la Asamblea Ni Una Menos y militantes de Mumal\u00e1 de Rosario para exigir la declaraci\u00f3n de la LEY DE EMERGENCIA EN VIOLENCIA DE G\u00c9NERO. La provincia de Santa Fe es la segunda a nivel nacional con el mayor n\u00famero de femicidios y transfemicidios.","breadcrumb":{"@id":"https:\/\/municipales.org.ar\/festram\/ley-provincial-de-emergencia-en-violencia-de-genero-ya\/#breadcrumb"},"inLanguage":"es","potentialAction":[{"@type":"ReadAction","target":["https:\/\/municipales.org.ar\/festram\/ley-provincial-de-emergencia-en-violencia-de-genero-ya\/"]}]},{"@type":"ImageObject","inLanguage":"es","@id":"https:\/\/municipales.org.ar\/festram\/ley-provincial-de-emergencia-en-violencia-de-genero-ya\/#primaryimage","url":"https:\/\/municipales.org.ar\/festram\/wp-content\/uploads\/2026\/09\/WhatsApp-Image-2026-09-02-at-11.34.52.jpeg","contentUrl":"https:\/\/municipales.org.ar\/festram\/wp-content\/uploads\/2026\/09\/WhatsApp-Image-2026-09-02-at-11.34.52.jpeg","width":1600,"height":900},{"@type":"BreadcrumbList","@id":"https:\/\/municipales.org.ar\/festram\/ley-provincial-de-emergencia-en-violencia-de-genero-ya\/#breadcrumb","itemListElement":[{"@type":"ListItem","position":1,"name":"Portada","item":"https:\/\/municipales.org.ar\/festram\/"},{"@type":"ListItem","position":2,"name":"Ley Provincial de Emergencia en Violencia de G\u00e9nero YA!!!!"}]},{"@type":"WebSite","@id":"https:\/\/municipales.org.ar\/festram\/#website","url":"https:\/\/municipales.org.ar\/festram\/","name":"FESTRAM","description":"La web de los trabajadores municipales","publisher":{"@id":"https:\/\/municipales.org.ar\/festram\/#organization"},"potentialAction":[{"@type":"SearchAction","target":{"@type":"EntryPoint","urlTemplate":"https:\/\/municipales.org.ar\/festram\/?s={search_term_string}"},"query-input":{"@type":"PropertyValueSpecification","valueRequired":true,"valueName":"search_term_string"}}],"inLanguage":"es"},{"@type":"Organization","@id":"https:\/\/municipales.org.ar\/festram\/#organization","name":"Federaci\u00f3n de Sindicatos de Trabajadores Municipales de la Provincia de Santa Fe","url":"https:\/\/municipales.org.ar\/festram\/","logo":{"@type":"ImageObject","inLanguage":"es","@id":"https:\/\/municipales.org.ar\/festram\/#\/schema\/logo\/image\/","url":"https:\/\/www.municipales.org.ar\/festram\/wp-content\/uploads\/2014\/07\/logo_fes.jpg","contentUrl":"https:\/\/www.municipales.org.ar\/festram\/wp-content\/uploads\/2014\/07\/logo_fes.jpg","width":661,"height":673,"caption":"Federaci\u00f3n de Sindicatos de Trabajadores Municipales de la Provincia de Santa Fe"},"image":{"@id":"https:\/\/municipales.org.ar\/festram\/#\/schema\/logo\/image\/"},"sameAs":["https:\/\/www.facebook.com\/MunicipalesSF","https:\/\/x.com\/MunicipalesSF","https:\/\/www.youtube.com\/user\/festram"]},{"@type":"Person","@id":"https:\/\/municipales.org.ar\/festram\/#\/schema\/person\/49096a774c48ce9063df4d59ec059f9e","name":"mun_admin"}]}},"jetpack_publicize_connections":[],"jetpack_featured_media_url":"https:\/\/municipales.org.ar\/festram\/wp-content\/uploads\/2026\/09\/WhatsApp-Image-2026-09-02-at-11.34.52.jpeg","jetpack_sharing_enabled":true,"jetpack_likes_enabled":false,"jetpack_shortlink":"https:\/\/wp.me\/p7l4x1-4WX","_links":{"self":[{"href":"https:\/\/municipales.org.ar\/festram\/wp-json\/wp\/v2\/posts\/19031","targetHints":{"allow":["GET"]}}],"collection":[{"href":"https:\/\/municipales.org.ar\/festram\/wp-json\/wp\/v2\/posts"}],"about":[{"href":"https:\/\/municipales.org.ar\/festram\/wp-json\/wp\/v2\/types\/post"}],"author":[{"embeddable":true,"href":"https:\/\/municipales.org.ar\/festram\/wp-json\/wp\/v2\/users\/1"}],"replies":[{"embeddable":true,"href":"https:\/\/municipales.org.ar\/festram\/wp-json\/wp\/v2\/comments?post=19031"}],"version-history":[{"count":2,"href":"https:\/\/municipales.org.ar\/festram\/wp-json\/wp\/v2\/posts\/19031\/revisions"}],"predecessor-version":[{"id":19034,"href":"https:\/\/municipales.org.ar\/festram\/wp-json\/wp\/v2\/posts\/19031\/revisions\/19034"}],"wp:featuredmedia":[{"embeddable":true,"href":"https:\/\/municipales.org.ar\/festram\/wp-json\/wp\/v2\/media\/19032"}],"wp:attachment":[{"href":"https:\/\/municipales.org.ar\/festram\/wp-json\/wp\/v2\/media?parent=19031"}],"wp:term":[{"taxonomy":"category","embeddable":true,"href":"https:\/\/municipales.org.ar\/festram\/wp-json\/wp\/v2\/categories?post=19031"},{"taxonomy":"post_tag","embeddable":true,"href":"https:\/\/municipales.org.ar\/festram\/wp-json\/wp\/v2\/tags?post=19031"}],"curies":[{"name":"wp","href":"https:\/\/api.w.org\/{rel}","templated":true}]}}