{"id":281,"date":"2010-12-10T17:57:52","date_gmt":"2010-12-10T20:57:52","guid":{"rendered":"http:\/\/municipales.org.ar\/festram\/?p=281"},"modified":"2014-07-02T08:55:56","modified_gmt":"2014-07-02T11:55:56","slug":"una-caricia-de-la-historia-para-los-municipales-santafesinos","status":"publish","type":"post","link":"https:\/\/municipales.org.ar\/festram\/una-caricia-de-la-historia-para-los-municipales-santafesinos\/","title":{"rendered":"Una caricia de la historia para los Municipales Santafesinos"},"content":{"rendered":"<h5><strong>La carta enviada por Raimundo Ongaro al Compa\u00f1ero Secretario General de FESTRAM Claudio Leoni, es un reconocimiento expresado a su representante, pero s\u00f3lo comprensible por la tarea de conjunto realizada durante muchos a\u00f1os de lucha de todos los trabajadores municipales de nuestra Provincia.<\/strong><\/h5>\n<p>&nbsp;<\/p>\n<p><a href=\"http:\/\/municipales.org.ar\/festram\/wp-content\/uploads\/2013\/03\/carta-ongaro.jpeg\"><img loading=\"lazy\" decoding=\"async\" class=\"alignright size-full wp-image-9238\" src=\"http:\/\/municipales.org.ar\/festram\/wp-content\/uploads\/2013\/03\/carta-ongaro.jpeg\" alt=\"carta ongaro\" width=\"338\" height=\"500\" srcset=\"https:\/\/municipales.org.ar\/festram\/wp-content\/uploads\/2013\/03\/carta-ongaro.jpeg 338w, https:\/\/municipales.org.ar\/festram\/wp-content\/uploads\/2013\/03\/carta-ongaro-202x300.jpeg 202w\" sizes=\"auto, (max-width: 338px) 100vw, 338px\" \/><\/a>Raimundo Ongaro, es un dirigente hist\u00f3rico del sindicalismo combativo. Asumi\u00f3 como Secretario General de la CGT en Marzo de 1968. En esa oportunidad se produjo una ruptura entre quienes junto a Ongaro protagonizaron las luchas sindicales que culminaron con el retorno de Per\u00f3n y el otro sector sindical que propiciaba un acuerdo con la Dictadura de Ongania, creando a su vez el neo-peronismo como alternativa al retorno del Gral Per\u00f3n.<\/p>\n<p>Ongaro encabez\u00f3 la CGT de los Argentinos, elaborando los primeros programas para un proyecto nacional de los trabajadores en los famosos Congresos de La Falda y Huerta Grande.<\/p>\n<p>Estaba detenido en Trelew cuando se produjo la masacre y fusilamiento de militantes populares. Apoy\u00f3 el Cordobazo y las revueltas sociales que derrocaron la dictadura en 1973.<\/p>\n<p>Ejemplo de vida, lucha y militancia digno de un aut\u00e9ntico representante de los trabajadores.<\/p>\n<p>El diario de la CGT de los Argentinos, dirigida por Rodolfo Walsh, constituy\u00f3 un hito en la prensa sindical y pol\u00edtica que a\u00fan perdura la validez de sus contenidos.<\/p>\n<p>El 5 de Abril de 1968, Per\u00f3n felicitaba a Ongaro en una extensa carta en la que entre otras cosas le expresaba : \u00abUstedes no s\u00f3lo han salvado el honor peronista, sino tambi\u00e9n han permitido comprobar fehacientemente la conducta de otros dirigentes que han traicionando a los trabajadores y a nuestro Movimiento\u00bb<\/p>\n<p>&nbsp;<\/p>\n<p>&nbsp;<\/p>\n<p>[blockquote style=\u00bb1&#8243;]Transcripci\u00f3n de la Carta:<br \/>\nHemos sido protagonista de una aventura solidaria sobre la Tierra, combatiendo a quienes pretenden impedir indefinidamente la Fraternidad entre los Seres Humanos.<br \/>\nLos due\u00f1os del Sistema que nos oprime y explota nos invitan a una participaci\u00f3n atomizada donde te dan la posibilidad de recibir \u00abalgo\u00bb disfrazado de reivindicaci\u00f3n<br \/>\nPero t\u00fa y yo, y nuestra Comunidad Argentina, no dejaremos no dejaremos de querer para cada Ser Humano y todos los Seres Humanos el acceso al control del Todo y en Todo lo que hace al contexto del Camino Hist\u00f3rico y del Destino que para nuestra Vidas es el PODER DE LA VIDA y no la vida de los poderes que son un cementerio de muertes.<br \/>\nEn mi abrazo a tu Alma y a tu Coraz\u00f3n lo que m\u00e1s anhelo es que, junto a nuestro Pueblo tengan para siempre EL PODER DE LA VIDA y LA VICTORIA que liquide a la Mercadocracia, a la Globalcracia y a la Aparatocracia en todas sus variantes.<br \/>\nVox Populi Vox Dei<br \/>\nMucha Fe Activa. Cari\u00f1os a tus seres queridos.<br \/>\nV\u00a0E N C E R E M O S<\/p>\n<p>RAIMUNDO ONGARO<br \/>\n8-12-2010[\/blockquote]<\/p>\n<p style=\"padding-left: 60px;\">\n","protected":false},"excerpt":{"rendered":"<p>La carta enviada por Raimundo Ongaro al Compa\u00f1ero Secretario General de FESTRAM Claudio Leoni, es un reconocimiento expresado a su representante, pero s\u00f3lo comprensible por la tarea de conjunto realizada durante muchos a\u00f1os de lucha de todos los trabajadores municipales de nuestra Provincia.<\/p>\n","protected":false},"author":1,"featured_media":9239,"comment_status":"closed","ping_status":"closed","sticky":false,"template":"","format":"standard","meta":{"_jetpack_memberships_contains_paid_content":false,"footnotes":"","jetpack_publicize_message":"","jetpack_publicize_feature_enabled":true,"jetpack_social_post_already_shared":false,"jetpack_social_options":{"image_generator_settings":{"template":"highway","default_image_id":0,"font":"","enabled":false},"version":2}},"categories":[56],"tags":[70],"class_list":["post-281","post","type-post","status-publish","format-standard","has-post-thumbnail","hentry","category-notas-varias","tag-el-pais"],"yoast_head":"<!-- This site is optimized with the Yoast SEO plugin v25.9 - https:\/\/yoast.com\/wordpress\/plugins\/seo\/ -->\n<title>Una caricia de la historia para los Municipales Santafesinos &#8211; FESTRAM<\/title>\n<meta name=\"description\" content=\"La carta enviada por Raimundo Ongaro al Compa\u00f1ero Secretario General de FESTRAM Claudio Leoni, es un reconocimiento expresado a su representante, pero s\u00f3lo comprensible por la tarea de conjunto realizada durante muchos a\u00f1os de lucha de todos los trabajadores municipales de nuestra Provincia.\" \/>\n<meta name=\"robots\" content=\"index, follow, max-snippet:-1, max-image-preview:large, max-video-preview:-1\" \/>\n<link rel=\"canonical\" href=\"https:\/\/municipales.org.ar\/festram\/una-caricia-de-la-historia-para-los-municipales-santafesinos\/\" \/>\n<meta property=\"og:locale\" content=\"es_ES\" \/>\n<meta property=\"og:type\" content=\"article\" \/>\n<meta property=\"og:title\" content=\"Una caricia de la historia para los Municipales Santafesinos &#8211; FESTRAM\" \/>\n<meta property=\"og:description\" content=\"La carta enviada por Raimundo Ongaro al Compa\u00f1ero Secretario General de FESTRAM Claudio Leoni, es un reconocimiento expresado a su representante, pero s\u00f3lo comprensible por la tarea de conjunto realizada durante muchos a\u00f1os de lucha de todos los trabajadores municipales de nuestra Provincia.\" \/>\n<meta property=\"og:url\" content=\"https:\/\/municipales.org.ar\/festram\/una-caricia-de-la-historia-para-los-municipales-santafesinos\/\" \/>\n<meta property=\"og:site_name\" content=\"FESTRAM\" \/>\n<meta property=\"article:publisher\" content=\"https:\/\/www.facebook.com\/MunicipalesSF\" \/>\n<meta property=\"article:published_time\" content=\"2010-12-10T20:57:52+00:00\" \/>\n<meta property=\"article:modified_time\" content=\"2014-07-02T11:55:56+00:00\" \/>\n<meta property=\"og:image\" content=\"https:\/\/municipales.org.ar\/festram\/wp-content\/uploads\/2013\/03\/ongaro.jpg\" \/>\n\t<meta property=\"og:image:width\" content=\"320\" \/>\n\t<meta property=\"og:image:height\" content=\"218\" \/>\n\t<meta property=\"og:image:type\" content=\"image\/jpeg\" \/>\n<meta name=\"author\" content=\"mun_admin\" \/>\n<meta name=\"twitter:card\" content=\"summary_large_image\" \/>\n<meta name=\"twitter:creator\" content=\"@MunicipalesSF\" \/>\n<meta name=\"twitter:site\" content=\"@MunicipalesSF\" \/>\n<meta name=\"twitter:label1\" content=\"Escrito por\" \/>\n\t<meta name=\"twitter:data1\" content=\"mun_admin\" \/>\n\t<meta name=\"twitter:label2\" content=\"Tiempo de lectura\" \/>\n\t<meta name=\"twitter:data2\" content=\"2 minutos\" \/>\n<script type=\"application\/ld+json\" class=\"yoast-schema-graph\">{\"@context\":\"https:\/\/schema.org\",\"@graph\":[{\"@type\":\"Article\",\"@id\":\"https:\/\/municipales.org.ar\/festram\/una-caricia-de-la-historia-para-los-municipales-santafesinos\/#article\",\"isPartOf\":{\"@id\":\"https:\/\/municipales.org.ar\/festram\/una-caricia-de-la-historia-para-los-municipales-santafesinos\/\"},\"author\":{\"name\":\"mun_admin\",\"@id\":\"https:\/\/municipales.org.ar\/festram\/#\/schema\/person\/49096a774c48ce9063df4d59ec059f9e\"},\"headline\":\"Una caricia de la historia para los Municipales Santafesinos\",\"datePublished\":\"2010-12-10T20:57:52+00:00\",\"dateModified\":\"2014-07-02T11:55:56+00:00\",\"mainEntityOfPage\":{\"@id\":\"https:\/\/municipales.org.ar\/festram\/una-caricia-de-la-historia-para-los-municipales-santafesinos\/\"},\"wordCount\":484,\"publisher\":{\"@id\":\"https:\/\/municipales.org.ar\/festram\/#organization\"},\"image\":{\"@id\":\"https:\/\/municipales.org.ar\/festram\/una-caricia-de-la-historia-para-los-municipales-santafesinos\/#primaryimage\"},\"thumbnailUrl\":\"https:\/\/municipales.org.ar\/festram\/wp-content\/uploads\/2013\/03\/ongaro.jpg\",\"keywords\":[\"el pa\u00eds\"],\"articleSection\":[\"Notas Varias\"],\"inLanguage\":\"es\"},{\"@type\":\"WebPage\",\"@id\":\"https:\/\/municipales.org.ar\/festram\/una-caricia-de-la-historia-para-los-municipales-santafesinos\/\",\"url\":\"https:\/\/municipales.org.ar\/festram\/una-caricia-de-la-historia-para-los-municipales-santafesinos\/\",\"name\":\"Una caricia de la historia para los Municipales Santafesinos &#8211; FESTRAM\",\"isPartOf\":{\"@id\":\"https:\/\/municipales.org.ar\/festram\/#website\"},\"primaryImageOfPage\":{\"@id\":\"https:\/\/municipales.org.ar\/festram\/una-caricia-de-la-historia-para-los-municipales-santafesinos\/#primaryimage\"},\"image\":{\"@id\":\"https:\/\/municipales.org.ar\/festram\/una-caricia-de-la-historia-para-los-municipales-santafesinos\/#primaryimage\"},\"thumbnailUrl\":\"https:\/\/municipales.org.ar\/festram\/wp-content\/uploads\/2013\/03\/ongaro.jpg\",\"datePublished\":\"2010-12-10T20:57:52+00:00\",\"dateModified\":\"2014-07-02T11:55:56+00:00\",\"description\":\"La carta enviada por Raimundo Ongaro al Compa\u00f1ero Secretario General de FESTRAM Claudio Leoni, es un reconocimiento expresado a su representante, pero s\u00f3lo comprensible por la tarea de conjunto realizada durante muchos a\u00f1os de lucha de todos los trabajadores municipales de nuestra Provincia.\",\"breadcrumb\":{\"@id\":\"https:\/\/municipales.org.ar\/festram\/una-caricia-de-la-historia-para-los-municipales-santafesinos\/#breadcrumb\"},\"inLanguage\":\"es\",\"potentialAction\":[{\"@type\":\"ReadAction\",\"target\":[\"https:\/\/municipales.org.ar\/festram\/una-caricia-de-la-historia-para-los-municipales-santafesinos\/\"]}]},{\"@type\":\"ImageObject\",\"inLanguage\":\"es\",\"@id\":\"https:\/\/municipales.org.ar\/festram\/una-caricia-de-la-historia-para-los-municipales-santafesinos\/#primaryimage\",\"url\":\"https:\/\/municipales.org.ar\/festram\/wp-content\/uploads\/2013\/03\/ongaro.jpg\",\"contentUrl\":\"https:\/\/municipales.org.ar\/festram\/wp-content\/uploads\/2013\/03\/ongaro.jpg\",\"width\":320,\"height\":218},{\"@type\":\"BreadcrumbList\",\"@id\":\"https:\/\/municipales.org.ar\/festram\/una-caricia-de-la-historia-para-los-municipales-santafesinos\/#breadcrumb\",\"itemListElement\":[{\"@type\":\"ListItem\",\"position\":1,\"name\":\"Portada\",\"item\":\"https:\/\/municipales.org.ar\/festram\/\"},{\"@type\":\"ListItem\",\"position\":2,\"name\":\"Una caricia de la historia para los Municipales Santafesinos\"}]},{\"@type\":\"WebSite\",\"@id\":\"https:\/\/municipales.org.ar\/festram\/#website\",\"url\":\"https:\/\/municipales.org.ar\/festram\/\",\"name\":\"FESTRAM\",\"description\":\"La web de los trabajadores municipales\",\"publisher\":{\"@id\":\"https:\/\/municipales.org.ar\/festram\/#organization\"},\"potentialAction\":[{\"@type\":\"SearchAction\",\"target\":{\"@type\":\"EntryPoint\",\"urlTemplate\":\"https:\/\/municipales.org.ar\/festram\/?s={search_term_string}\"},\"query-input\":{\"@type\":\"PropertyValueSpecification\",\"valueRequired\":true,\"valueName\":\"search_term_string\"}}],\"inLanguage\":\"es\"},{\"@type\":\"Organization\",\"@id\":\"https:\/\/municipales.org.ar\/festram\/#organization\",\"name\":\"Federaci\u00f3n de Sindicatos de Trabajadores Municipales de la Provincia de Santa Fe\",\"url\":\"https:\/\/municipales.org.ar\/festram\/\",\"logo\":{\"@type\":\"ImageObject\",\"inLanguage\":\"es\",\"@id\":\"https:\/\/municipales.org.ar\/festram\/#\/schema\/logo\/image\/\",\"url\":\"https:\/\/www.municipales.org.ar\/festram\/wp-content\/uploads\/2014\/07\/logo_fes.jpg\",\"contentUrl\":\"https:\/\/www.municipales.org.ar\/festram\/wp-content\/uploads\/2014\/07\/logo_fes.jpg\",\"width\":661,\"height\":673,\"caption\":\"Federaci\u00f3n de Sindicatos de Trabajadores Municipales de la Provincia de Santa Fe\"},\"image\":{\"@id\":\"https:\/\/municipales.org.ar\/festram\/#\/schema\/logo\/image\/\"},\"sameAs\":[\"https:\/\/www.facebook.com\/MunicipalesSF\",\"https:\/\/x.com\/MunicipalesSF\",\"https:\/\/www.youtube.com\/user\/festram\"]},{\"@type\":\"Person\",\"@id\":\"https:\/\/municipales.org.ar\/festram\/#\/schema\/person\/49096a774c48ce9063df4d59ec059f9e\",\"name\":\"mun_admin\"}]}<\/script>\n<!-- \/ Yoast SEO plugin. -->","yoast_head_json":{"title":"Una caricia de la historia para los Municipales Santafesinos &#8211; FESTRAM","description":"La carta enviada por Raimundo Ongaro al Compa\u00f1ero Secretario General de FESTRAM Claudio Leoni, es un reconocimiento expresado a su representante, pero s\u00f3lo comprensible por la tarea de conjunto realizada durante muchos a\u00f1os de lucha de todos los trabajadores municipales de nuestra Provincia.","robots":{"index":"index","follow":"follow","max-snippet":"max-snippet:-1","max-image-preview":"max-image-preview:large","max-video-preview":"max-video-preview:-1"},"canonical":"https:\/\/municipales.org.ar\/festram\/una-caricia-de-la-historia-para-los-municipales-santafesinos\/","og_locale":"es_ES","og_type":"article","og_title":"Una caricia de la historia para los Municipales Santafesinos &#8211; FESTRAM","og_description":"La carta enviada por Raimundo Ongaro al Compa\u00f1ero Secretario General de FESTRAM Claudio Leoni, es un reconocimiento expresado a su representante, pero s\u00f3lo comprensible por la tarea de conjunto realizada durante muchos a\u00f1os de lucha de todos los trabajadores municipales de nuestra Provincia.","og_url":"https:\/\/municipales.org.ar\/festram\/una-caricia-de-la-historia-para-los-municipales-santafesinos\/","og_site_name":"FESTRAM","article_publisher":"https:\/\/www.facebook.com\/MunicipalesSF","article_published_time":"2010-12-10T20:57:52+00:00","article_modified_time":"2014-07-02T11:55:56+00:00","og_image":[{"width":320,"height":218,"url":"https:\/\/municipales.org.ar\/festram\/wp-content\/uploads\/2013\/03\/ongaro.jpg","type":"image\/jpeg"}],"author":"mun_admin","twitter_card":"summary_large_image","twitter_creator":"@MunicipalesSF","twitter_site":"@MunicipalesSF","twitter_misc":{"Escrito por":"mun_admin","Tiempo de lectura":"2 minutos"},"schema":{"@context":"https:\/\/schema.org","@graph":[{"@type":"Article","@id":"https:\/\/municipales.org.ar\/festram\/una-caricia-de-la-historia-para-los-municipales-santafesinos\/#article","isPartOf":{"@id":"https:\/\/municipales.org.ar\/festram\/una-caricia-de-la-historia-para-los-municipales-santafesinos\/"},"author":{"name":"mun_admin","@id":"https:\/\/municipales.org.ar\/festram\/#\/schema\/person\/49096a774c48ce9063df4d59ec059f9e"},"headline":"Una caricia de la historia para los Municipales Santafesinos","datePublished":"2010-12-10T20:57:52+00:00","dateModified":"2014-07-02T11:55:56+00:00","mainEntityOfPage":{"@id":"https:\/\/municipales.org.ar\/festram\/una-caricia-de-la-historia-para-los-municipales-santafesinos\/"},"wordCount":484,"publisher":{"@id":"https:\/\/municipales.org.ar\/festram\/#organization"},"image":{"@id":"https:\/\/municipales.org.ar\/festram\/una-caricia-de-la-historia-para-los-municipales-santafesinos\/#primaryimage"},"thumbnailUrl":"https:\/\/municipales.org.ar\/festram\/wp-content\/uploads\/2013\/03\/ongaro.jpg","keywords":["el pa\u00eds"],"articleSection":["Notas Varias"],"inLanguage":"es"},{"@type":"WebPage","@id":"https:\/\/municipales.org.ar\/festram\/una-caricia-de-la-historia-para-los-municipales-santafesinos\/","url":"https:\/\/municipales.org.ar\/festram\/una-caricia-de-la-historia-para-los-municipales-santafesinos\/","name":"Una caricia de la historia para los Municipales Santafesinos &#8211; FESTRAM","isPartOf":{"@id":"https:\/\/municipales.org.ar\/festram\/#website"},"primaryImageOfPage":{"@id":"https:\/\/municipales.org.ar\/festram\/una-caricia-de-la-historia-para-los-municipales-santafesinos\/#primaryimage"},"image":{"@id":"https:\/\/municipales.org.ar\/festram\/una-caricia-de-la-historia-para-los-municipales-santafesinos\/#primaryimage"},"thumbnailUrl":"https:\/\/municipales.org.ar\/festram\/wp-content\/uploads\/2013\/03\/ongaro.jpg","datePublished":"2010-12-10T20:57:52+00:00","dateModified":"2014-07-02T11:55:56+00:00","description":"La carta enviada por Raimundo Ongaro al Compa\u00f1ero Secretario General de FESTRAM Claudio Leoni, es un reconocimiento expresado a su representante, pero s\u00f3lo comprensible por la tarea de conjunto realizada durante muchos a\u00f1os de lucha de todos los trabajadores municipales de nuestra Provincia.","breadcrumb":{"@id":"https:\/\/municipales.org.ar\/festram\/una-caricia-de-la-historia-para-los-municipales-santafesinos\/#breadcrumb"},"inLanguage":"es","potentialAction":[{"@type":"ReadAction","target":["https:\/\/municipales.org.ar\/festram\/una-caricia-de-la-historia-para-los-municipales-santafesinos\/"]}]},{"@type":"ImageObject","inLanguage":"es","@id":"https:\/\/municipales.org.ar\/festram\/una-caricia-de-la-historia-para-los-municipales-santafesinos\/#primaryimage","url":"https:\/\/municipales.org.ar\/festram\/wp-content\/uploads\/2013\/03\/ongaro.jpg","contentUrl":"https:\/\/municipales.org.ar\/festram\/wp-content\/uploads\/2013\/03\/ongaro.jpg","width":320,"height":218},{"@type":"BreadcrumbList","@id":"https:\/\/municipales.org.ar\/festram\/una-caricia-de-la-historia-para-los-municipales-santafesinos\/#breadcrumb","itemListElement":[{"@type":"ListItem","position":1,"name":"Portada","item":"https:\/\/municipales.org.ar\/festram\/"},{"@type":"ListItem","position":2,"name":"Una caricia de la historia para los Municipales Santafesinos"}]},{"@type":"WebSite","@id":"https:\/\/municipales.org.ar\/festram\/#website","url":"https:\/\/municipales.org.ar\/festram\/","name":"FESTRAM","description":"La web de los trabajadores municipales","publisher":{"@id":"https:\/\/municipales.org.ar\/festram\/#organization"},"potentialAction":[{"@type":"SearchAction","target":{"@type":"EntryPoint","urlTemplate":"https:\/\/municipales.org.ar\/festram\/?s={search_term_string}"},"query-input":{"@type":"PropertyValueSpecification","valueRequired":true,"valueName":"search_term_string"}}],"inLanguage":"es"},{"@type":"Organization","@id":"https:\/\/municipales.org.ar\/festram\/#organization","name":"Federaci\u00f3n de Sindicatos de Trabajadores Municipales de la Provincia de Santa Fe","url":"https:\/\/municipales.org.ar\/festram\/","logo":{"@type":"ImageObject","inLanguage":"es","@id":"https:\/\/municipales.org.ar\/festram\/#\/schema\/logo\/image\/","url":"https:\/\/www.municipales.org.ar\/festram\/wp-content\/uploads\/2014\/07\/logo_fes.jpg","contentUrl":"https:\/\/www.municipales.org.ar\/festram\/wp-content\/uploads\/2014\/07\/logo_fes.jpg","width":661,"height":673,"caption":"Federaci\u00f3n de Sindicatos de Trabajadores Municipales de la Provincia de Santa Fe"},"image":{"@id":"https:\/\/municipales.org.ar\/festram\/#\/schema\/logo\/image\/"},"sameAs":["https:\/\/www.facebook.com\/MunicipalesSF","https:\/\/x.com\/MunicipalesSF","https:\/\/www.youtube.com\/user\/festram"]},{"@type":"Person","@id":"https:\/\/municipales.org.ar\/festram\/#\/schema\/person\/49096a774c48ce9063df4d59ec059f9e","name":"mun_admin"}]}},"jetpack_publicize_connections":[],"jetpack_featured_media_url":"https:\/\/municipales.org.ar\/festram\/wp-content\/uploads\/2013\/03\/ongaro.jpg","jetpack_sharing_enabled":true,"jetpack_likes_enabled":false,"jetpack_shortlink":"https:\/\/wp.me\/p7l4x1-4x","_links":{"self":[{"href":"https:\/\/municipales.org.ar\/festram\/wp-json\/wp\/v2\/posts\/281","targetHints":{"allow":["GET"]}}],"collection":[{"href":"https:\/\/municipales.org.ar\/festram\/wp-json\/wp\/v2\/posts"}],"about":[{"href":"https:\/\/municipales.org.ar\/festram\/wp-json\/wp\/v2\/types\/post"}],"author":[{"embeddable":true,"href":"https:\/\/municipales.org.ar\/festram\/wp-json\/wp\/v2\/users\/1"}],"replies":[{"embeddable":true,"href":"https:\/\/municipales.org.ar\/festram\/wp-json\/wp\/v2\/comments?post=281"}],"version-history":[{"count":3,"href":"https:\/\/municipales.org.ar\/festram\/wp-json\/wp\/v2\/posts\/281\/revisions"}],"predecessor-version":[{"id":9241,"href":"https:\/\/municipales.org.ar\/festram\/wp-json\/wp\/v2\/posts\/281\/revisions\/9241"}],"wp:featuredmedia":[{"embeddable":true,"href":"https:\/\/municipales.org.ar\/festram\/wp-json\/wp\/v2\/media\/9239"}],"wp:attachment":[{"href":"https:\/\/municipales.org.ar\/festram\/wp-json\/wp\/v2\/media?parent=281"}],"wp:term":[{"taxonomy":"category","embeddable":true,"href":"https:\/\/municipales.org.ar\/festram\/wp-json\/wp\/v2\/categories?post=281"},{"taxonomy":"post_tag","embeddable":true,"href":"https:\/\/municipales.org.ar\/festram\/wp-json\/wp\/v2\/tags?post=281"}],"curies":[{"name":"wp","href":"https:\/\/api.w.org\/{rel}","templated":true}]}}