{"id":531,"date":"2008-07-01T20:44:09","date_gmt":"2008-07-01T23:44:09","guid":{"rendered":"http:\/\/municipales.org.ar\/festram\/?p=531"},"modified":"2016-03-04T13:18:59","modified_gmt":"2016-03-04T16:18:59","slug":"el-autentico-federalismo-comienza-en-la-propia-provincia","status":"publish","type":"post","link":"https:\/\/municipales.org.ar\/festram\/el-autentico-federalismo-comienza-en-la-propia-provincia\/","title":{"rendered":"El Aut\u00e9ntico Federalismo comienza en la propia Provincia"},"content":{"rendered":"<blockquote><p><span style=\"color: #008080;\">De cada $10 que recauda la Naci\u00f3n, $3,60 se destinan a las Provincias. De cada $10 que recauda la Provincia de Santa Fe, s\u00f3lo $0,70 se env\u00edan a Municipios y Comunas.<\/span><\/p><\/blockquote>\n<p>&nbsp;<\/p>\n<p>Por eso, desde FESTRAM promovemos pol\u00edticas activas que permitan el desarrollo y el crecimiento econ\u00f3mico del pa\u00eds y de nuestra Provincia, la generaci\u00f3n de nuevos puestos de trabajo decentes y una mejor y m\u00e1s justa distribuci\u00f3n del ingreso.<\/p>\n<p>Esto tambi\u00e9n significa un cambio de paradigma en la forma de gobernar, es necesario un cambio cultural y moral: por eso el \u00e9xito de la gesti\u00f3n de un Gobierno tiene que ser juzgado desde las perspectivas del bien com\u00fan, el funcionamiento pleno del estado de derecho, la vigencia de una efectiva democracia, la correcta gesti\u00f3n de los asuntos de Estado y el ejercicio de poder pol\u00edtico a favor del bienestar del pueblo.<\/p>\n<p>Es por ello que las pol\u00edticas fiscales deben ser \u00e1giles y eficientes, no solamente a los fines de asegurar la equidad tributaria, sino tambi\u00e9n una equitativa distribuci\u00f3n de la renta para que el sostenimiento de un Estado que tutele los intereses de los sectores m\u00e1s postergados, se afronte con el aporte responsable de los sectores econ\u00f3micos m\u00e1s beneficiados en los nuevos procesos econ\u00f3micos.<\/p>\n<p>No es posible que en la Provincia de Santa Fe perdure un esquema de recaudaci\u00f3n tributaria que surgi\u00f3 del modelo neoliberal conservador y que nos llev\u00f3 a la crisis m\u00e1s profunda que tuvo nuestra Naci\u00f3n.<\/p>\n<p>Hubo un Estado Provincial que no vacil\u00f3 en resignar autonom\u00eda con las firmas de los Pactos Fiscales, que no dud\u00f3 en privatizar sus empresas y el Banco Provincial, que aplic\u00f3 leyes de emergencia, congel\u00f3 salarios y convenios colectivos de trabajo. Hubo un Estado Provincial que fue \u00e1gil y din\u00e1mico en modificar el sistema de recaudaci\u00f3n y coparticipaci\u00f3n para imponer pol\u00edticas claras a favor de un modelo econ\u00f3mico de concentraci\u00f3n de la riqueza.<\/p>\n<p>Hoy hay un modelo de desarrollo distinto, con una recuperaci\u00f3n de las econom\u00edas regionales, un incremento de las exportaciones primarias e industriales, una pol\u00edtica cambiaria que sostiene estas transformaciones, y en general, una coyuntura nacional e internacional absolutamente diferente a la d\u00e9cada pasada.<\/p>\n<p>Pero las decisiones pol\u00edticas en materia tributaria en la Provincia de Santa Fe no responden a los cambios producidos. M\u00e1s a\u00fan: con esta inacci\u00f3n es claro que se favorece a determinados sectores econ\u00f3micos en perjuicio de la educaci\u00f3n, la salud, la seguridad, la ciencia, la tecnolog\u00eda, etc., en definitiva contra el desarrollo humano del conjunto de sus habitantes.<\/p>\n<p>Como se comprender\u00e1, el Estado cobra en eso un papel principal. Es que la presencia o la ausencia del Estado constituye una actitud pol\u00edtica.<\/p>\n<p>Por ello, los trabajadores Municipales, asumiendo la responsabilidad que nos cabe en este proceso, reclamamos y exigimos al Poder Ejecutivo Provincial, a los Legisladores, a los Intendentes y Presidentes Comunales un clara actitud pol\u00edtica en defensa de un sistema tributario que asegure justicia y equidad para todos los santafesinos.<\/p>\n<p>Esta propuesta permitir\u00eda elevar en 127 millones de pesos la Coparticipaci\u00f3n a Municipios y Comunas, aumentando la recaudaci\u00f3n provincial en 317 millones de pesos.<\/p>\n<p>La Federaci\u00f3n de Sindicatos de Trabajadores Municipales de la Provincia de Santa Fe elabor\u00f3 una propuesta para incrementar la coparticipaci\u00f3n a Municipios y Comunas en 127 millones de pesos anuales, lo que implicar\u00eda un aumento cercano al 13% m\u00e1s de lo efectivamente transferido durante 2007.<\/p>\n<p>El gremio que nuclea a los trabajadores municipales de la Provincia de Santa Fe, junto a la Fundaci\u00f3n para el Desarrollo Comunitario \u201cBrigadier General Estanislao L\u00f3pez\u201d elabor\u00f3 este estudio titulado \u201cEl Federalismo bien entendido empieza en la Provincia\u201d y es la continuidad de otras propuestas en que la FESTRAM viene trabajando desde hace varios a\u00f1os.<\/p>\n<p>La investigaci\u00f3n cuestiona el sistema tributario provincial y asegura que se sigue profundizando el modelo fiscal implantado en la d\u00e9cada del 90, con la instrumentaci\u00f3n de los Pactos Fiscales.<\/p>\n<p>Se demuestra que en 1990, la coparticipaci\u00f3n a Municipios y Comunas constitu\u00eda el 10,03% del total de los recursos del Sector P\u00fablico Provincial, mientras que en el 2006, esa participaci\u00f3n cay\u00f3 al 7,22%.<\/p>\n<p>Asimismo, mientras en 2003 el impuesto a las propiedades impactaba en un 17,05% sobre el total de la recaudaci\u00f3n tributaria provincial, en 2007 s\u00f3lo alcanza al 9,5%, lo que muestra una dr\u00e1stica disminuci\u00f3n de los valores del Impuesto Inmobiliario en desmedro de las Municipalidades y Comunas, que constitucionalmente son titulares del 50% de ese tributo.<\/p>\n<p>La gravedad de esta problem\u00e1tica se potencia cuando observamos que en ese mismo per\u00edodo los valores de la tierra agr\u00edcola en la zona n\u00facleo de la Argentina treparon como promedio en un 147,63%(2), llegando a incrementos del 499% en las zonas m\u00e1s rentables de la Provincia de Santa Fe. Sin embargo, en Alcorta, Departamento Constituci\u00f3n, una hect\u00e1rea valuada en $ 41.850,00 pagar\u00e1 s\u00f3lo $ 3,00 en la cuota tres del Impuesto Inmobiliario, seg\u00fan boleta de pago del API.<\/p>\n<p>En tanto, el incremento de los valores inmobiliarios en d\u00f3lares por metros cuadrados en el per\u00edodo 2003-2008 asciende a un 168% promedio en las ciudades del interior de la Argentina. S\u00f3lo en la ciudad de Santa Fe, el incremento super\u00f3 el 111%. De esta forma, una propiedad ubicada en la Seccional Tercera de esa Ciudad, cuyo valor es de $ 1.750 el metro cuadrado abonar\u00e1 como cuota 3 solo 37,5 centavos por metro cuadrado seg\u00fan factura del API.<\/p>\n<p>Por otra parte, la aplicaci\u00f3n de los Pactos Fiscales instrumentados a instancias de las pol\u00edticas del FMI, implicaron entre otras cosas la modificaci\u00f3n de la Ley Provincial N- 3456, por la que se desgrav\u00f3 del pago de Ingresos Brutos a sectores vinculados con la econom\u00eda primaria, increment\u00e1ndose la presi\u00f3n tributaria sobre los sectores productivos y de servicios que son generadores de empleo genuino. En la actualidad, con una econom\u00eda en crecimiento cercano al 9% anual, y con un modelo de desarrollo absolutamente distinto a la d\u00e9cada del 90, a\u00fan perduran estas desgravaciones y en definitiva, estos sectores que participan del 13,2% del Producto Bruto Geogr\u00e1fico de la Provincia de Santa Fe, no pagan este impuesto.<\/p>\n<p>De all\u00ed, que la eliminaci\u00f3n de exenciones a las facturaciones superiores a los $ 350 mil anuales en los sectores de la econom\u00eda primaria y el retorno a la participaci\u00f3n del impuesto Inmobiliario a los porcentajes del a\u00f1o 2003, permitir\u00e1n alcanzar los 127 millones de pesos de incremento de coparticipaci\u00f3n a Municipios y Comunas.<\/p>\n<p>La Federaci\u00f3n de Sindicatos de Trabajadores Municipales de la Provincia de Santa Fe eleva esta propuesta al Poder Ejecutivo, a los legisladores, a Intendentes y Presidentes Comunales a fin de iniciar un debate urgente que permita recomponer los recursos tributarios provinciales coparticipables, ya que en la actualidad el mayor aporte de las transferencias tienen origen nacional, y en consecuencia la carga sigue siendo el impuesto al consumo en desmedro de los ingresos de los trabajadores y de los sectores m\u00e1s vulnerables de la sociedad.<\/p>\n<p>El monto de incremento de la coparticipaci\u00f3n a Municipios y Comunas debe valorarse en el marco de realidades econ\u00f3micas de una Argentina, a\u00fan muy lejos de generar una justa distribuci\u00f3n de la riqueza. En esta coyuntura, FESTRAM reitera que es necesario y urgente revisar el salario de los trabajadores municipales acompa\u00f1ando dicho reclamo con una propuesta que genere justicia distributiva con equidad fiscal.<\/p>\n<p>&nbsp;<\/p>\n<h2>Conclusi\u00f3n<\/h2>\n<p>Los Trabajadores Municipales reclamamos y exigimos al Poder Ejecutivo, a Legisladores, Intendentes y Presidentes Comunales una clara actitud en defensa de un sistema tributario con justicia y equidad para todos los santafesinos.<\/p>\n<p>Los Trabajadores Municipales vivimos y trabajamos en la c\u00e9lula b\u00e1sica de la Organizaci\u00f3n Pol\u00edtica e Institucional del Pa\u00eds, somos la estructura humana que sostiene desde el Municipio el funcionamiento del sistema Democr\u00e1tico, Republicano y Federal. El Municipio y la Comuna constituyen, no s\u00f3lo nuestro medio de vida, sino el \u00e1mbito natural para defender nuestras aspiraciones en el proceso de las transformaciones hist\u00f3ricas de la sociedad.<\/p>\n<p>Esta propuesta que realizamos conforma para nosotros el ejercicio de la participaci\u00f3n de los Trabajadores Municipales en las decisiones que nos afectan, no solamente por los derechos humanos que nos asisten a todos los hombres y mujeres del trabajo, sino tambi\u00e9n porque somos servidores de la misma comunidad en la que convivimos, contribuimos, votamos y nos desarrollamos.<\/p>\n<p>Nuestra acci\u00f3n sindical persigue integralmente la defensa de los trabajadores municipales, y desde esa dignidad econ\u00f3mica y social por la que luchamos, nos permitir\u00e1 avanzar como actores imprescindibles para asegurar un Municipio promotor del desarrollo sustentable de nuestra Provincia y capaz de consolidar una Argentina basada en la producci\u00f3n, el trabajo, la justicia y la equidad.<\/p>\n<p>&nbsp;<\/p>\n<h2>Propuesta<\/h2>\n<p>Dos medidas fiscales que implican incrementar la recaudaci\u00f3n tributaria provincial en 317 millones de pesos anuales y por otra parte transferir 127 millones a las Municipalidades y Comunas de la Provincia de Santa Fe.<\/p>\n<ul>\n<li>Actualizar los valores del impuesto inmobiliario, con un ajuste equitativo, que asegure mayor imposici\u00f3n sobre las propiedades urbanas y rurales m\u00e1s cotizadas, retornando a los niveles de recaudaci\u00f3n porcentual vigentes al a\u00f1o 2003. Es decir que su impacto sobre la recaudaci\u00f3n tributaria provincial pase del 9,5% al 17,05%. El resultado de esta actualizaci\u00f3n, sobre la base de recaudaci\u00f3n del a\u00f1o 2007, permitir\u00e1 incrementar la coparticipaci\u00f3n a Municipios y Comunas en 97 millones de pesos anuales.-<\/li>\n<li>Actualizar el Impuesto sobre los Ingresos Brutos, eliminando las exenciones referidas en el Art. 160 de la Ley 3.456, para facturaciones superiores a los $350.000 anuales y en coincidencia con las diferencias producidas entre productividad y rentabilidad de los sectores econ\u00f3micos beneficiados con las nuevas condiciones econ\u00f3micas nacionales e internacionales. Esta actualizaci\u00f3n implicar\u00e1 un incremento del 13,2% de la recaudaci\u00f3n de este tributo y permitir\u00e1 aumentar la coparticipaci\u00f3n a Municipios y Comunas en 29,57 millones de pesos anuales.<\/li>\n<\/ul>\n","protected":false},"excerpt":{"rendered":"<p>De cada $10 que recauda la Naci\u00f3n, $3,60 se destinan a las Provincias. De cada $10 que recauda la Provincia de Santa Fe, s\u00f3lo $0,70 se env\u00edan a Municipios y Comunas. &nbsp; Por eso, desde FESTRAM promovemos pol\u00edticas activas que permitan el desarrollo y el crecimiento econ\u00f3mico del pa\u00eds y de nuestra Provincia, la generaci\u00f3n [&hellip;]<\/p>\n","protected":false},"author":1,"featured_media":537,"comment_status":"closed","ping_status":"closed","sticky":false,"template":"","format":"standard","meta":{"_jetpack_memberships_contains_paid_content":false,"footnotes":"","jetpack_publicize_message":"","jetpack_publicize_feature_enabled":true,"jetpack_social_post_already_shared":false,"jetpack_social_options":{"image_generator_settings":{"template":"highway","default_image_id":0,"font":"","enabled":false},"version":2}},"categories":[49],"tags":[63,62,68],"class_list":["post-531","post","type-post","status-publish","format-standard","has-post-thumbnail","hentry","category-documentos","tag-coparticipacion","tag-documentos-2","tag-economia-provincial"],"yoast_head":"<!-- This site is optimized with the Yoast SEO plugin v25.9 - https:\/\/yoast.com\/wordpress\/plugins\/seo\/ -->\n<title>El Aut\u00e9ntico Federalismo comienza en la propia Provincia &#8211; FESTRAM<\/title>\n<meta name=\"description\" content=\"De cada $10 que recauda la Naci\u00f3n, $3,60 se destinan a las Provincias. De cada $10 que recauda la Provincia de Santa Fe, s\u00f3lo $0,70 se env\u00edan a Municipios\" \/>\n<meta name=\"robots\" content=\"index, follow, max-snippet:-1, max-image-preview:large, max-video-preview:-1\" \/>\n<link rel=\"canonical\" href=\"https:\/\/municipales.org.ar\/festram\/el-autentico-federalismo-comienza-en-la-propia-provincia\/\" \/>\n<meta property=\"og:locale\" content=\"es_ES\" \/>\n<meta property=\"og:type\" content=\"article\" \/>\n<meta property=\"og:title\" content=\"El Aut\u00e9ntico Federalismo comienza en la propia Provincia &#8211; FESTRAM\" \/>\n<meta property=\"og:description\" content=\"De cada $10 que recauda la Naci\u00f3n, $3,60 se destinan a las Provincias. De cada $10 que recauda la Provincia de Santa Fe, s\u00f3lo $0,70 se env\u00edan a Municipios\" \/>\n<meta property=\"og:url\" content=\"https:\/\/municipales.org.ar\/festram\/el-autentico-federalismo-comienza-en-la-propia-provincia\/\" \/>\n<meta property=\"og:site_name\" content=\"FESTRAM\" \/>\n<meta property=\"article:publisher\" content=\"https:\/\/www.facebook.com\/MunicipalesSF\" \/>\n<meta property=\"article:published_time\" content=\"2008-07-01T23:44:09+00:00\" \/>\n<meta property=\"article:modified_time\" content=\"2016-03-04T16:18:59+00:00\" \/>\n<meta property=\"og:image\" content=\"https:\/\/municipales.org.ar\/festram\/wp-content\/uploads\/2008\/07\/autentico_federalismo.jpeg\" \/>\n\t<meta property=\"og:image:width\" content=\"1240\" \/>\n\t<meta property=\"og:image:height\" content=\"717\" \/>\n\t<meta property=\"og:image:type\" content=\"image\/jpeg\" \/>\n<meta name=\"author\" content=\"mun_admin\" \/>\n<meta name=\"twitter:card\" content=\"summary_large_image\" \/>\n<meta name=\"twitter:creator\" content=\"@MunicipalesSF\" \/>\n<meta name=\"twitter:site\" content=\"@MunicipalesSF\" \/>\n<meta name=\"twitter:label1\" content=\"Escrito por\" \/>\n\t<meta name=\"twitter:data1\" content=\"mun_admin\" \/>\n\t<meta name=\"twitter:label2\" content=\"Tiempo de lectura\" \/>\n\t<meta name=\"twitter:data2\" content=\"8 minutos\" \/>\n<script type=\"application\/ld+json\" class=\"yoast-schema-graph\">{\"@context\":\"https:\/\/schema.org\",\"@graph\":[{\"@type\":\"Article\",\"@id\":\"https:\/\/municipales.org.ar\/festram\/el-autentico-federalismo-comienza-en-la-propia-provincia\/#article\",\"isPartOf\":{\"@id\":\"https:\/\/municipales.org.ar\/festram\/el-autentico-federalismo-comienza-en-la-propia-provincia\/\"},\"author\":{\"name\":\"mun_admin\",\"@id\":\"https:\/\/municipales.org.ar\/festram\/#\/schema\/person\/49096a774c48ce9063df4d59ec059f9e\"},\"headline\":\"El Aut\u00e9ntico Federalismo comienza en la propia Provincia\",\"datePublished\":\"2008-07-01T23:44:09+00:00\",\"dateModified\":\"2016-03-04T16:18:59+00:00\",\"mainEntityOfPage\":{\"@id\":\"https:\/\/municipales.org.ar\/festram\/el-autentico-federalismo-comienza-en-la-propia-provincia\/\"},\"wordCount\":1689,\"publisher\":{\"@id\":\"https:\/\/municipales.org.ar\/festram\/#organization\"},\"image\":{\"@id\":\"https:\/\/municipales.org.ar\/festram\/el-autentico-federalismo-comienza-en-la-propia-provincia\/#primaryimage\"},\"thumbnailUrl\":\"https:\/\/municipales.org.ar\/festram\/wp-content\/uploads\/2008\/07\/autentico_federalismo.jpeg\",\"keywords\":[\"coparticipaci\u00f3n\",\"documentos\",\"econom\u00eda provincial\"],\"articleSection\":[\"Documentos\"],\"inLanguage\":\"es\"},{\"@type\":\"WebPage\",\"@id\":\"https:\/\/municipales.org.ar\/festram\/el-autentico-federalismo-comienza-en-la-propia-provincia\/\",\"url\":\"https:\/\/municipales.org.ar\/festram\/el-autentico-federalismo-comienza-en-la-propia-provincia\/\",\"name\":\"El Aut\u00e9ntico Federalismo comienza en la propia Provincia &#8211; FESTRAM\",\"isPartOf\":{\"@id\":\"https:\/\/municipales.org.ar\/festram\/#website\"},\"primaryImageOfPage\":{\"@id\":\"https:\/\/municipales.org.ar\/festram\/el-autentico-federalismo-comienza-en-la-propia-provincia\/#primaryimage\"},\"image\":{\"@id\":\"https:\/\/municipales.org.ar\/festram\/el-autentico-federalismo-comienza-en-la-propia-provincia\/#primaryimage\"},\"thumbnailUrl\":\"https:\/\/municipales.org.ar\/festram\/wp-content\/uploads\/2008\/07\/autentico_federalismo.jpeg\",\"datePublished\":\"2008-07-01T23:44:09+00:00\",\"dateModified\":\"2016-03-04T16:18:59+00:00\",\"description\":\"De cada $10 que recauda la Naci\u00f3n, $3,60 se destinan a las Provincias. De cada $10 que recauda la Provincia de Santa Fe, s\u00f3lo $0,70 se env\u00edan a Municipios\",\"breadcrumb\":{\"@id\":\"https:\/\/municipales.org.ar\/festram\/el-autentico-federalismo-comienza-en-la-propia-provincia\/#breadcrumb\"},\"inLanguage\":\"es\",\"potentialAction\":[{\"@type\":\"ReadAction\",\"target\":[\"https:\/\/municipales.org.ar\/festram\/el-autentico-federalismo-comienza-en-la-propia-provincia\/\"]}]},{\"@type\":\"ImageObject\",\"inLanguage\":\"es\",\"@id\":\"https:\/\/municipales.org.ar\/festram\/el-autentico-federalismo-comienza-en-la-propia-provincia\/#primaryimage\",\"url\":\"https:\/\/municipales.org.ar\/festram\/wp-content\/uploads\/2008\/07\/autentico_federalismo.jpeg\",\"contentUrl\":\"https:\/\/municipales.org.ar\/festram\/wp-content\/uploads\/2008\/07\/autentico_federalismo.jpeg\",\"width\":1240,\"height\":717},{\"@type\":\"BreadcrumbList\",\"@id\":\"https:\/\/municipales.org.ar\/festram\/el-autentico-federalismo-comienza-en-la-propia-provincia\/#breadcrumb\",\"itemListElement\":[{\"@type\":\"ListItem\",\"position\":1,\"name\":\"Portada\",\"item\":\"https:\/\/municipales.org.ar\/festram\/\"},{\"@type\":\"ListItem\",\"position\":2,\"name\":\"El Aut\u00e9ntico Federalismo comienza en la propia Provincia\"}]},{\"@type\":\"WebSite\",\"@id\":\"https:\/\/municipales.org.ar\/festram\/#website\",\"url\":\"https:\/\/municipales.org.ar\/festram\/\",\"name\":\"FESTRAM\",\"description\":\"La web de los trabajadores municipales\",\"publisher\":{\"@id\":\"https:\/\/municipales.org.ar\/festram\/#organization\"},\"potentialAction\":[{\"@type\":\"SearchAction\",\"target\":{\"@type\":\"EntryPoint\",\"urlTemplate\":\"https:\/\/municipales.org.ar\/festram\/?s={search_term_string}\"},\"query-input\":{\"@type\":\"PropertyValueSpecification\",\"valueRequired\":true,\"valueName\":\"search_term_string\"}}],\"inLanguage\":\"es\"},{\"@type\":\"Organization\",\"@id\":\"https:\/\/municipales.org.ar\/festram\/#organization\",\"name\":\"Federaci\u00f3n de Sindicatos de Trabajadores Municipales de la Provincia de Santa Fe\",\"url\":\"https:\/\/municipales.org.ar\/festram\/\",\"logo\":{\"@type\":\"ImageObject\",\"inLanguage\":\"es\",\"@id\":\"https:\/\/municipales.org.ar\/festram\/#\/schema\/logo\/image\/\",\"url\":\"https:\/\/www.municipales.org.ar\/festram\/wp-content\/uploads\/2014\/07\/logo_fes.jpg\",\"contentUrl\":\"https:\/\/www.municipales.org.ar\/festram\/wp-content\/uploads\/2014\/07\/logo_fes.jpg\",\"width\":661,\"height\":673,\"caption\":\"Federaci\u00f3n de Sindicatos de Trabajadores Municipales de la Provincia de Santa Fe\"},\"image\":{\"@id\":\"https:\/\/municipales.org.ar\/festram\/#\/schema\/logo\/image\/\"},\"sameAs\":[\"https:\/\/www.facebook.com\/MunicipalesSF\",\"https:\/\/x.com\/MunicipalesSF\",\"https:\/\/www.youtube.com\/user\/festram\"]},{\"@type\":\"Person\",\"@id\":\"https:\/\/municipales.org.ar\/festram\/#\/schema\/person\/49096a774c48ce9063df4d59ec059f9e\",\"name\":\"mun_admin\"}]}<\/script>\n<!-- \/ Yoast SEO plugin. -->","yoast_head_json":{"title":"El Aut\u00e9ntico Federalismo comienza en la propia Provincia &#8211; FESTRAM","description":"De cada $10 que recauda la Naci\u00f3n, $3,60 se destinan a las Provincias. De cada $10 que recauda la Provincia de Santa Fe, s\u00f3lo $0,70 se env\u00edan a Municipios","robots":{"index":"index","follow":"follow","max-snippet":"max-snippet:-1","max-image-preview":"max-image-preview:large","max-video-preview":"max-video-preview:-1"},"canonical":"https:\/\/municipales.org.ar\/festram\/el-autentico-federalismo-comienza-en-la-propia-provincia\/","og_locale":"es_ES","og_type":"article","og_title":"El Aut\u00e9ntico Federalismo comienza en la propia Provincia &#8211; FESTRAM","og_description":"De cada $10 que recauda la Naci\u00f3n, $3,60 se destinan a las Provincias. De cada $10 que recauda la Provincia de Santa Fe, s\u00f3lo $0,70 se env\u00edan a Municipios","og_url":"https:\/\/municipales.org.ar\/festram\/el-autentico-federalismo-comienza-en-la-propia-provincia\/","og_site_name":"FESTRAM","article_publisher":"https:\/\/www.facebook.com\/MunicipalesSF","article_published_time":"2008-07-01T23:44:09+00:00","article_modified_time":"2016-03-04T16:18:59+00:00","og_image":[{"width":1240,"height":717,"url":"https:\/\/municipales.org.ar\/festram\/wp-content\/uploads\/2008\/07\/autentico_federalismo.jpeg","type":"image\/jpeg"}],"author":"mun_admin","twitter_card":"summary_large_image","twitter_creator":"@MunicipalesSF","twitter_site":"@MunicipalesSF","twitter_misc":{"Escrito por":"mun_admin","Tiempo de lectura":"8 minutos"},"schema":{"@context":"https:\/\/schema.org","@graph":[{"@type":"Article","@id":"https:\/\/municipales.org.ar\/festram\/el-autentico-federalismo-comienza-en-la-propia-provincia\/#article","isPartOf":{"@id":"https:\/\/municipales.org.ar\/festram\/el-autentico-federalismo-comienza-en-la-propia-provincia\/"},"author":{"name":"mun_admin","@id":"https:\/\/municipales.org.ar\/festram\/#\/schema\/person\/49096a774c48ce9063df4d59ec059f9e"},"headline":"El Aut\u00e9ntico Federalismo comienza en la propia Provincia","datePublished":"2008-07-01T23:44:09+00:00","dateModified":"2016-03-04T16:18:59+00:00","mainEntityOfPage":{"@id":"https:\/\/municipales.org.ar\/festram\/el-autentico-federalismo-comienza-en-la-propia-provincia\/"},"wordCount":1689,"publisher":{"@id":"https:\/\/municipales.org.ar\/festram\/#organization"},"image":{"@id":"https:\/\/municipales.org.ar\/festram\/el-autentico-federalismo-comienza-en-la-propia-provincia\/#primaryimage"},"thumbnailUrl":"https:\/\/municipales.org.ar\/festram\/wp-content\/uploads\/2008\/07\/autentico_federalismo.jpeg","keywords":["coparticipaci\u00f3n","documentos","econom\u00eda provincial"],"articleSection":["Documentos"],"inLanguage":"es"},{"@type":"WebPage","@id":"https:\/\/municipales.org.ar\/festram\/el-autentico-federalismo-comienza-en-la-propia-provincia\/","url":"https:\/\/municipales.org.ar\/festram\/el-autentico-federalismo-comienza-en-la-propia-provincia\/","name":"El Aut\u00e9ntico Federalismo comienza en la propia Provincia &#8211; FESTRAM","isPartOf":{"@id":"https:\/\/municipales.org.ar\/festram\/#website"},"primaryImageOfPage":{"@id":"https:\/\/municipales.org.ar\/festram\/el-autentico-federalismo-comienza-en-la-propia-provincia\/#primaryimage"},"image":{"@id":"https:\/\/municipales.org.ar\/festram\/el-autentico-federalismo-comienza-en-la-propia-provincia\/#primaryimage"},"thumbnailUrl":"https:\/\/municipales.org.ar\/festram\/wp-content\/uploads\/2008\/07\/autentico_federalismo.jpeg","datePublished":"2008-07-01T23:44:09+00:00","dateModified":"2016-03-04T16:18:59+00:00","description":"De cada $10 que recauda la Naci\u00f3n, $3,60 se destinan a las Provincias. De cada $10 que recauda la Provincia de Santa Fe, s\u00f3lo $0,70 se env\u00edan a Municipios","breadcrumb":{"@id":"https:\/\/municipales.org.ar\/festram\/el-autentico-federalismo-comienza-en-la-propia-provincia\/#breadcrumb"},"inLanguage":"es","potentialAction":[{"@type":"ReadAction","target":["https:\/\/municipales.org.ar\/festram\/el-autentico-federalismo-comienza-en-la-propia-provincia\/"]}]},{"@type":"ImageObject","inLanguage":"es","@id":"https:\/\/municipales.org.ar\/festram\/el-autentico-federalismo-comienza-en-la-propia-provincia\/#primaryimage","url":"https:\/\/municipales.org.ar\/festram\/wp-content\/uploads\/2008\/07\/autentico_federalismo.jpeg","contentUrl":"https:\/\/municipales.org.ar\/festram\/wp-content\/uploads\/2008\/07\/autentico_federalismo.jpeg","width":1240,"height":717},{"@type":"BreadcrumbList","@id":"https:\/\/municipales.org.ar\/festram\/el-autentico-federalismo-comienza-en-la-propia-provincia\/#breadcrumb","itemListElement":[{"@type":"ListItem","position":1,"name":"Portada","item":"https:\/\/municipales.org.ar\/festram\/"},{"@type":"ListItem","position":2,"name":"El Aut\u00e9ntico Federalismo comienza en la propia Provincia"}]},{"@type":"WebSite","@id":"https:\/\/municipales.org.ar\/festram\/#website","url":"https:\/\/municipales.org.ar\/festram\/","name":"FESTRAM","description":"La web de los trabajadores municipales","publisher":{"@id":"https:\/\/municipales.org.ar\/festram\/#organization"},"potentialAction":[{"@type":"SearchAction","target":{"@type":"EntryPoint","urlTemplate":"https:\/\/municipales.org.ar\/festram\/?s={search_term_string}"},"query-input":{"@type":"PropertyValueSpecification","valueRequired":true,"valueName":"search_term_string"}}],"inLanguage":"es"},{"@type":"Organization","@id":"https:\/\/municipales.org.ar\/festram\/#organization","name":"Federaci\u00f3n de Sindicatos de Trabajadores Municipales de la Provincia de Santa Fe","url":"https:\/\/municipales.org.ar\/festram\/","logo":{"@type":"ImageObject","inLanguage":"es","@id":"https:\/\/municipales.org.ar\/festram\/#\/schema\/logo\/image\/","url":"https:\/\/www.municipales.org.ar\/festram\/wp-content\/uploads\/2014\/07\/logo_fes.jpg","contentUrl":"https:\/\/www.municipales.org.ar\/festram\/wp-content\/uploads\/2014\/07\/logo_fes.jpg","width":661,"height":673,"caption":"Federaci\u00f3n de Sindicatos de Trabajadores Municipales de la Provincia de Santa Fe"},"image":{"@id":"https:\/\/municipales.org.ar\/festram\/#\/schema\/logo\/image\/"},"sameAs":["https:\/\/www.facebook.com\/MunicipalesSF","https:\/\/x.com\/MunicipalesSF","https:\/\/www.youtube.com\/user\/festram"]},{"@type":"Person","@id":"https:\/\/municipales.org.ar\/festram\/#\/schema\/person\/49096a774c48ce9063df4d59ec059f9e","name":"mun_admin"}]}},"jetpack_publicize_connections":[],"jetpack_featured_media_url":"https:\/\/municipales.org.ar\/festram\/wp-content\/uploads\/2008\/07\/autentico_federalismo.jpeg","jetpack_sharing_enabled":true,"jetpack_likes_enabled":false,"jetpack_shortlink":"https:\/\/wp.me\/p7l4x1-8z","_links":{"self":[{"href":"https:\/\/municipales.org.ar\/festram\/wp-json\/wp\/v2\/posts\/531","targetHints":{"allow":["GET"]}}],"collection":[{"href":"https:\/\/municipales.org.ar\/festram\/wp-json\/wp\/v2\/posts"}],"about":[{"href":"https:\/\/municipales.org.ar\/festram\/wp-json\/wp\/v2\/types\/post"}],"author":[{"embeddable":true,"href":"https:\/\/municipales.org.ar\/festram\/wp-json\/wp\/v2\/users\/1"}],"replies":[{"embeddable":true,"href":"https:\/\/municipales.org.ar\/festram\/wp-json\/wp\/v2\/comments?post=531"}],"version-history":[{"count":5,"href":"https:\/\/municipales.org.ar\/festram\/wp-json\/wp\/v2\/posts\/531\/revisions"}],"predecessor-version":[{"id":10726,"href":"https:\/\/municipales.org.ar\/festram\/wp-json\/wp\/v2\/posts\/531\/revisions\/10726"}],"wp:featuredmedia":[{"embeddable":true,"href":"https:\/\/municipales.org.ar\/festram\/wp-json\/wp\/v2\/media\/537"}],"wp:attachment":[{"href":"https:\/\/municipales.org.ar\/festram\/wp-json\/wp\/v2\/media?parent=531"}],"wp:term":[{"taxonomy":"category","embeddable":true,"href":"https:\/\/municipales.org.ar\/festram\/wp-json\/wp\/v2\/categories?post=531"},{"taxonomy":"post_tag","embeddable":true,"href":"https:\/\/municipales.org.ar\/festram\/wp-json\/wp\/v2\/tags?post=531"}],"curies":[{"name":"wp","href":"https:\/\/api.w.org\/{rel}","templated":true}]}}