{"id":606,"date":"2009-03-01T18:23:22","date_gmt":"2009-03-01T21:23:22","guid":{"rendered":"http:\/\/municipales.org.ar\/festram\/?p=606"},"modified":"2014-06-23T18:45:45","modified_gmt":"2014-06-23T21:45:45","slug":"aportes-para-evitar-la-crisis","status":"publish","type":"post","link":"https:\/\/municipales.org.ar\/festram\/aportes-para-evitar-la-crisis\/","title":{"rendered":"Aportes para evitar la crisis"},"content":{"rendered":"<h5>Aportes entre Naci\u00f3n, Provincia y Municipios para evitar que la crisis recaiga sobre los trabajadores y los sectores populares de la Provincia de Santa Fe. El presente documento es una propuesta de FESTRAM en el marco de la Comisi\u00f3n Paritaria.<\/h5>\n<p>De acuerdo a los resultados del encuentro del 16 de Febrero de corriente a\u00f1o, realizado con los se\u00f1ores Intendentes y Presidentes Comunales, el Consejo Directivo de FESTRAM, resuelve elevar a consideraci\u00f3n de la Comisi\u00f3n Paritaria Municipal, una propuesta que permita la discusi\u00f3n y consenso para prevenir situaciones de crisis social y conflictividad laboral.<\/p>\n<h4>1. Solicitud de un ATN al Gobierno Nacional de 80 millones de pesos.<\/h4>\n<p>Ayuda del Tesoro Nacional solicitada por el Gobernador con el respaldo de Intendentes y Legisladores Nacionales. Este monto deber\u00e1 ser distribuido en su totalidad a los municipios y comunas de acuerdo a los \u00edndices de Coparticipaci\u00f3n Federal.<\/p>\n<p>El objeto de esta solicitud, es a los fines de compensar los desequilibrios financieros generados por la reducci\u00f3n de la Coparticipaci\u00f3n Federal como consecuencia de la desaceleraci\u00f3n de la econom\u00eda, la reducci\u00f3n del Impuesto a las ganancias por la Emergencia Agropecuaria Nacional y las recientes exenciones impositivas superiores a los 1.300 millones de pesos.<\/p>\n<h4>2. Sostenimiento de la Coparticipaci\u00f3n a Municipios y Comunas en valores constantes con el Fondo de Estabilizaci\u00f3n Fiscal<\/h4>\n<p>En los t\u00e9rminos del inciso a) del Art\u00edculo 5 de la Ley 12.403.<\/p>\n<p>Dado que esta ley tiene como objeto atemperar los efectos de las fluctuaciones de los recursos corrientes derivados de los cambios en los ciclos de actividad econ\u00f3mica y en este sentido el Gobierno de la Provincia ha dispuesto la Emergencia Agropecuaria, sumado a la ca\u00edda de la actividad econ\u00f3mica como producto de la sequ\u00eda y la crisis financiera, corresponde constitucionalmente proveer con estos recursos a sostener el R\u00e9gimen Municipal.<\/p>\n<h4>3. Redefinici\u00f3n del Fondo de Obras Menores en la etapa de crisis<\/h4>\n<p>Reglamentar el inciso a) del Art. 4 de la Ley 12385, a los fines que aquellos municipios que se encuentren en Emergencia Econ\u00f3mica, puedan imputar partidas de gasto de personal en los proyectos presentados o que en el futuro presenten, en cumplimientos de los fines de esta ley.<\/p>\n<h4>4. Reducci\u00f3n a las retenciones efectuadas en la Coparticipaci\u00f3n a Municipios y Comunas<\/h4>\n<p>Este descuento debe entenderse como anticipos a la deuda que el Estado Provincial mantiene con los Estados Locales de acuerdo a los reclamos planteados por las Municipalidades de Rosario y Esperanza, iniciando en el marco de la Comisi\u00f3n de Coordinaci\u00f3n Fiscal la apertura de una nueva compensaci\u00f3n de deudas y cr\u00e9ditos entre la Provincia y Municipios.<\/p>\n<h4>5. Modificaci\u00f3n del Impuesto Inmobiliario<\/h4>\n<p>Mantenimiento de las al\u00edcuotas con actualizaci\u00f3n de los Montos Imponibles del Impuesto Inmobiliario, aplicando un porcentaje equivalente a la sumatoria del crecimiento de la econom\u00eda argentina entre los a\u00f1os 2003-2008 (tomado en porcentajes de incremento de los valores corrientes del PBI). Con esta medida se pretende reajustar el impuesto a las propiedadesde los sectores de mayor capitalizaci\u00f3n de sus inmuebles, sosteniendo el mismo nivel impositivo en aquellos de menores ingresos y menor situaci\u00f3n patrimonial, los que constituyen el grueso de la poblaci\u00f3n.<\/p>\n<p>Del surgimiento de los nuevos valores, se mantendr\u00e1 congelado el impuesto de aquellos inmuebles rurales, urbanos y suburbanos de peque\u00f1as y medianas dimensiones.<\/p>\n<p>No obstante, se establecer\u00e1n montos m\u00ednimos del Impuesto Inmobiliario Rural de $150; para inmuebles urbanosy suburbanos ubicados en las Municipalidades de Primera y Segunda Categor\u00edas de $120 y de $100 para los inmuebles ubicados en el resto de la Provincia.<\/p>\n<p>Se considerar\u00e1n exceptuados de estos incrementos los propietarios de vivienda \u00fanica, asalariados, productores y de toda actividad econ\u00f3mica cuyos ingresos mensuales certificados sean iguales o inferiores al doble del Salario M\u00ednimo Vital y M\u00f3vil.<\/p>\n<h4>6. Consenso para la revisi\u00f3n del Impuesto a los Ingresos Brutos y Patente Automotor<\/h4>\n<p>Para lo cual se propone iniciar una tarea conjunta entre la Comisi\u00f3n Paritaria Municipal y la Comisi\u00f3n de Coordinaci\u00f3n Fiscal, con participaci\u00f3n de legisladores a los fines de procurar acuerdos parciales que aseguren medidas de equidad fiscal y justicia distributiva.<\/p>\n<h4>7. Incremento de Indices de Coparticipaci\u00f3n seg\u00fan proyecto original de la C\u00e1mara de Senadores<\/h4>\n<p>Incremento de los \u00edndices de Coparticipaci\u00f3n manteniendo la proporcionalidad en la participaci\u00f3n de las ciudades de Santa Fe y Rosario y aplicando el mismo en 10 etapas semestrales iguales y consecutivas a partir del mes de Julio del corriente a\u00f1o.<\/p>\n<pre>Consejo Directivo de la Federaci\u00f3n de Sindicatos de Trabajadores \r\nMunicipales de la Provincia de Santa Fe<\/pre>\n","protected":false},"excerpt":{"rendered":"<p>Aportes entre Naci\u00f3n, Provincia y Municipios para evitar que la crisis recaiga sobre los trabajadores y los sectores populares de la Provincia de Santa Fe. El presente documento es una propuesta de FESTRAM en el marco de la Comisi\u00f3n Paritaria.<\/p>\n","protected":false},"author":1,"featured_media":608,"comment_status":"closed","ping_status":"closed","sticky":false,"template":"","format":"standard","meta":{"_jetpack_memberships_contains_paid_content":false,"footnotes":"","jetpack_publicize_message":"","jetpack_publicize_feature_enabled":true,"jetpack_social_post_already_shared":false,"jetpack_social_options":{"image_generator_settings":{"template":"highway","default_image_id":0,"font":"","enabled":false},"version":2}},"categories":[49],"tags":[63,62,68],"class_list":["post-606","post","type-post","status-publish","format-standard","has-post-thumbnail","hentry","category-documentos","tag-coparticipacion","tag-documentos-2","tag-economia-provincial"],"yoast_head":"<!-- This site is optimized with the Yoast SEO plugin v25.9 - https:\/\/yoast.com\/wordpress\/plugins\/seo\/ -->\n<title>Aportes para evitar la crisis &#8211; FESTRAM<\/title>\n<meta name=\"description\" content=\"Aportes entre Naci\u00f3n, Provincia y Municipios para evitar que la crisis recaiga sobre los trabajadores y los sectores populares de la Provincia de Santa Fe. El presente documento es una propuesta de FESTRAM en el marco de la Comisi\u00f3n Paritaria.\" \/>\n<meta name=\"robots\" content=\"index, follow, max-snippet:-1, max-image-preview:large, max-video-preview:-1\" \/>\n<link rel=\"canonical\" href=\"https:\/\/municipales.org.ar\/festram\/aportes-para-evitar-la-crisis\/\" \/>\n<meta property=\"og:locale\" content=\"es_ES\" \/>\n<meta property=\"og:type\" content=\"article\" \/>\n<meta property=\"og:title\" content=\"Aportes para evitar la crisis &#8211; FESTRAM\" \/>\n<meta property=\"og:description\" content=\"Aportes entre Naci\u00f3n, Provincia y Municipios para evitar que la crisis recaiga sobre los trabajadores y los sectores populares de la Provincia de Santa Fe. El presente documento es una propuesta de FESTRAM en el marco de la Comisi\u00f3n Paritaria.\" \/>\n<meta property=\"og:url\" content=\"https:\/\/municipales.org.ar\/festram\/aportes-para-evitar-la-crisis\/\" \/>\n<meta property=\"og:site_name\" content=\"FESTRAM\" \/>\n<meta property=\"article:publisher\" content=\"https:\/\/www.facebook.com\/MunicipalesSF\" \/>\n<meta property=\"article:published_time\" content=\"2009-03-01T21:23:22+00:00\" \/>\n<meta property=\"article:modified_time\" content=\"2014-06-23T21:45:45+00:00\" \/>\n<meta property=\"og:image\" content=\"https:\/\/municipales.org.ar\/festram\/wp-content\/uploads\/2014\/06\/aportes_evitar_crisis.jpeg\" \/>\n\t<meta property=\"og:image:width\" content=\"1240\" \/>\n\t<meta property=\"og:image:height\" content=\"701\" \/>\n\t<meta property=\"og:image:type\" content=\"image\/jpeg\" \/>\n<meta name=\"author\" content=\"mun_admin\" \/>\n<meta name=\"twitter:card\" content=\"summary_large_image\" \/>\n<meta name=\"twitter:creator\" content=\"@MunicipalesSF\" \/>\n<meta name=\"twitter:site\" content=\"@MunicipalesSF\" \/>\n<meta name=\"twitter:label1\" content=\"Escrito por\" \/>\n\t<meta name=\"twitter:data1\" content=\"mun_admin\" \/>\n\t<meta name=\"twitter:label2\" content=\"Tiempo de lectura\" \/>\n\t<meta name=\"twitter:data2\" content=\"4 minutos\" \/>\n<script type=\"application\/ld+json\" class=\"yoast-schema-graph\">{\"@context\":\"https:\/\/schema.org\",\"@graph\":[{\"@type\":\"Article\",\"@id\":\"https:\/\/municipales.org.ar\/festram\/aportes-para-evitar-la-crisis\/#article\",\"isPartOf\":{\"@id\":\"https:\/\/municipales.org.ar\/festram\/aportes-para-evitar-la-crisis\/\"},\"author\":{\"name\":\"mun_admin\",\"@id\":\"https:\/\/municipales.org.ar\/festram\/#\/schema\/person\/49096a774c48ce9063df4d59ec059f9e\"},\"headline\":\"Aportes para evitar la crisis\",\"datePublished\":\"2009-03-01T21:23:22+00:00\",\"dateModified\":\"2014-06-23T21:45:45+00:00\",\"mainEntityOfPage\":{\"@id\":\"https:\/\/municipales.org.ar\/festram\/aportes-para-evitar-la-crisis\/\"},\"wordCount\":762,\"publisher\":{\"@id\":\"https:\/\/municipales.org.ar\/festram\/#organization\"},\"image\":{\"@id\":\"https:\/\/municipales.org.ar\/festram\/aportes-para-evitar-la-crisis\/#primaryimage\"},\"thumbnailUrl\":\"https:\/\/municipales.org.ar\/festram\/wp-content\/uploads\/2014\/06\/aportes_evitar_crisis.jpeg\",\"keywords\":[\"coparticipaci\u00f3n\",\"documentos\",\"econom\u00eda provincial\"],\"articleSection\":[\"Documentos\"],\"inLanguage\":\"es\"},{\"@type\":\"WebPage\",\"@id\":\"https:\/\/municipales.org.ar\/festram\/aportes-para-evitar-la-crisis\/\",\"url\":\"https:\/\/municipales.org.ar\/festram\/aportes-para-evitar-la-crisis\/\",\"name\":\"Aportes para evitar la crisis &#8211; FESTRAM\",\"isPartOf\":{\"@id\":\"https:\/\/municipales.org.ar\/festram\/#website\"},\"primaryImageOfPage\":{\"@id\":\"https:\/\/municipales.org.ar\/festram\/aportes-para-evitar-la-crisis\/#primaryimage\"},\"image\":{\"@id\":\"https:\/\/municipales.org.ar\/festram\/aportes-para-evitar-la-crisis\/#primaryimage\"},\"thumbnailUrl\":\"https:\/\/municipales.org.ar\/festram\/wp-content\/uploads\/2014\/06\/aportes_evitar_crisis.jpeg\",\"datePublished\":\"2009-03-01T21:23:22+00:00\",\"dateModified\":\"2014-06-23T21:45:45+00:00\",\"description\":\"Aportes entre Naci\u00f3n, Provincia y Municipios para evitar que la crisis recaiga sobre los trabajadores y los sectores populares de la Provincia de Santa Fe. El presente documento es una propuesta de FESTRAM en el marco de la Comisi\u00f3n Paritaria.\",\"breadcrumb\":{\"@id\":\"https:\/\/municipales.org.ar\/festram\/aportes-para-evitar-la-crisis\/#breadcrumb\"},\"inLanguage\":\"es\",\"potentialAction\":[{\"@type\":\"ReadAction\",\"target\":[\"https:\/\/municipales.org.ar\/festram\/aportes-para-evitar-la-crisis\/\"]}]},{\"@type\":\"ImageObject\",\"inLanguage\":\"es\",\"@id\":\"https:\/\/municipales.org.ar\/festram\/aportes-para-evitar-la-crisis\/#primaryimage\",\"url\":\"https:\/\/municipales.org.ar\/festram\/wp-content\/uploads\/2014\/06\/aportes_evitar_crisis.jpeg\",\"contentUrl\":\"https:\/\/municipales.org.ar\/festram\/wp-content\/uploads\/2014\/06\/aportes_evitar_crisis.jpeg\",\"width\":1240,\"height\":701},{\"@type\":\"BreadcrumbList\",\"@id\":\"https:\/\/municipales.org.ar\/festram\/aportes-para-evitar-la-crisis\/#breadcrumb\",\"itemListElement\":[{\"@type\":\"ListItem\",\"position\":1,\"name\":\"Portada\",\"item\":\"https:\/\/municipales.org.ar\/festram\/\"},{\"@type\":\"ListItem\",\"position\":2,\"name\":\"Aportes para evitar la crisis\"}]},{\"@type\":\"WebSite\",\"@id\":\"https:\/\/municipales.org.ar\/festram\/#website\",\"url\":\"https:\/\/municipales.org.ar\/festram\/\",\"name\":\"FESTRAM\",\"description\":\"La web de los trabajadores municipales\",\"publisher\":{\"@id\":\"https:\/\/municipales.org.ar\/festram\/#organization\"},\"potentialAction\":[{\"@type\":\"SearchAction\",\"target\":{\"@type\":\"EntryPoint\",\"urlTemplate\":\"https:\/\/municipales.org.ar\/festram\/?s={search_term_string}\"},\"query-input\":{\"@type\":\"PropertyValueSpecification\",\"valueRequired\":true,\"valueName\":\"search_term_string\"}}],\"inLanguage\":\"es\"},{\"@type\":\"Organization\",\"@id\":\"https:\/\/municipales.org.ar\/festram\/#organization\",\"name\":\"Federaci\u00f3n de Sindicatos de Trabajadores Municipales de la Provincia de Santa Fe\",\"url\":\"https:\/\/municipales.org.ar\/festram\/\",\"logo\":{\"@type\":\"ImageObject\",\"inLanguage\":\"es\",\"@id\":\"https:\/\/municipales.org.ar\/festram\/#\/schema\/logo\/image\/\",\"url\":\"https:\/\/www.municipales.org.ar\/festram\/wp-content\/uploads\/2014\/07\/logo_fes.jpg\",\"contentUrl\":\"https:\/\/www.municipales.org.ar\/festram\/wp-content\/uploads\/2014\/07\/logo_fes.jpg\",\"width\":661,\"height\":673,\"caption\":\"Federaci\u00f3n de Sindicatos de Trabajadores Municipales de la Provincia de Santa Fe\"},\"image\":{\"@id\":\"https:\/\/municipales.org.ar\/festram\/#\/schema\/logo\/image\/\"},\"sameAs\":[\"https:\/\/www.facebook.com\/MunicipalesSF\",\"https:\/\/x.com\/MunicipalesSF\",\"https:\/\/www.youtube.com\/user\/festram\"]},{\"@type\":\"Person\",\"@id\":\"https:\/\/municipales.org.ar\/festram\/#\/schema\/person\/49096a774c48ce9063df4d59ec059f9e\",\"name\":\"mun_admin\"}]}<\/script>\n<!-- \/ Yoast SEO plugin. -->","yoast_head_json":{"title":"Aportes para evitar la crisis &#8211; FESTRAM","description":"Aportes entre Naci\u00f3n, Provincia y Municipios para evitar que la crisis recaiga sobre los trabajadores y los sectores populares de la Provincia de Santa Fe. El presente documento es una propuesta de FESTRAM en el marco de la Comisi\u00f3n Paritaria.","robots":{"index":"index","follow":"follow","max-snippet":"max-snippet:-1","max-image-preview":"max-image-preview:large","max-video-preview":"max-video-preview:-1"},"canonical":"https:\/\/municipales.org.ar\/festram\/aportes-para-evitar-la-crisis\/","og_locale":"es_ES","og_type":"article","og_title":"Aportes para evitar la crisis &#8211; FESTRAM","og_description":"Aportes entre Naci\u00f3n, Provincia y Municipios para evitar que la crisis recaiga sobre los trabajadores y los sectores populares de la Provincia de Santa Fe. El presente documento es una propuesta de FESTRAM en el marco de la Comisi\u00f3n Paritaria.","og_url":"https:\/\/municipales.org.ar\/festram\/aportes-para-evitar-la-crisis\/","og_site_name":"FESTRAM","article_publisher":"https:\/\/www.facebook.com\/MunicipalesSF","article_published_time":"2009-03-01T21:23:22+00:00","article_modified_time":"2014-06-23T21:45:45+00:00","og_image":[{"width":1240,"height":701,"url":"https:\/\/municipales.org.ar\/festram\/wp-content\/uploads\/2014\/06\/aportes_evitar_crisis.jpeg","type":"image\/jpeg"}],"author":"mun_admin","twitter_card":"summary_large_image","twitter_creator":"@MunicipalesSF","twitter_site":"@MunicipalesSF","twitter_misc":{"Escrito por":"mun_admin","Tiempo de lectura":"4 minutos"},"schema":{"@context":"https:\/\/schema.org","@graph":[{"@type":"Article","@id":"https:\/\/municipales.org.ar\/festram\/aportes-para-evitar-la-crisis\/#article","isPartOf":{"@id":"https:\/\/municipales.org.ar\/festram\/aportes-para-evitar-la-crisis\/"},"author":{"name":"mun_admin","@id":"https:\/\/municipales.org.ar\/festram\/#\/schema\/person\/49096a774c48ce9063df4d59ec059f9e"},"headline":"Aportes para evitar la crisis","datePublished":"2009-03-01T21:23:22+00:00","dateModified":"2014-06-23T21:45:45+00:00","mainEntityOfPage":{"@id":"https:\/\/municipales.org.ar\/festram\/aportes-para-evitar-la-crisis\/"},"wordCount":762,"publisher":{"@id":"https:\/\/municipales.org.ar\/festram\/#organization"},"image":{"@id":"https:\/\/municipales.org.ar\/festram\/aportes-para-evitar-la-crisis\/#primaryimage"},"thumbnailUrl":"https:\/\/municipales.org.ar\/festram\/wp-content\/uploads\/2014\/06\/aportes_evitar_crisis.jpeg","keywords":["coparticipaci\u00f3n","documentos","econom\u00eda provincial"],"articleSection":["Documentos"],"inLanguage":"es"},{"@type":"WebPage","@id":"https:\/\/municipales.org.ar\/festram\/aportes-para-evitar-la-crisis\/","url":"https:\/\/municipales.org.ar\/festram\/aportes-para-evitar-la-crisis\/","name":"Aportes para evitar la crisis &#8211; FESTRAM","isPartOf":{"@id":"https:\/\/municipales.org.ar\/festram\/#website"},"primaryImageOfPage":{"@id":"https:\/\/municipales.org.ar\/festram\/aportes-para-evitar-la-crisis\/#primaryimage"},"image":{"@id":"https:\/\/municipales.org.ar\/festram\/aportes-para-evitar-la-crisis\/#primaryimage"},"thumbnailUrl":"https:\/\/municipales.org.ar\/festram\/wp-content\/uploads\/2014\/06\/aportes_evitar_crisis.jpeg","datePublished":"2009-03-01T21:23:22+00:00","dateModified":"2014-06-23T21:45:45+00:00","description":"Aportes entre Naci\u00f3n, Provincia y Municipios para evitar que la crisis recaiga sobre los trabajadores y los sectores populares de la Provincia de Santa Fe. El presente documento es una propuesta de FESTRAM en el marco de la Comisi\u00f3n Paritaria.","breadcrumb":{"@id":"https:\/\/municipales.org.ar\/festram\/aportes-para-evitar-la-crisis\/#breadcrumb"},"inLanguage":"es","potentialAction":[{"@type":"ReadAction","target":["https:\/\/municipales.org.ar\/festram\/aportes-para-evitar-la-crisis\/"]}]},{"@type":"ImageObject","inLanguage":"es","@id":"https:\/\/municipales.org.ar\/festram\/aportes-para-evitar-la-crisis\/#primaryimage","url":"https:\/\/municipales.org.ar\/festram\/wp-content\/uploads\/2014\/06\/aportes_evitar_crisis.jpeg","contentUrl":"https:\/\/municipales.org.ar\/festram\/wp-content\/uploads\/2014\/06\/aportes_evitar_crisis.jpeg","width":1240,"height":701},{"@type":"BreadcrumbList","@id":"https:\/\/municipales.org.ar\/festram\/aportes-para-evitar-la-crisis\/#breadcrumb","itemListElement":[{"@type":"ListItem","position":1,"name":"Portada","item":"https:\/\/municipales.org.ar\/festram\/"},{"@type":"ListItem","position":2,"name":"Aportes para evitar la crisis"}]},{"@type":"WebSite","@id":"https:\/\/municipales.org.ar\/festram\/#website","url":"https:\/\/municipales.org.ar\/festram\/","name":"FESTRAM","description":"La web de los trabajadores municipales","publisher":{"@id":"https:\/\/municipales.org.ar\/festram\/#organization"},"potentialAction":[{"@type":"SearchAction","target":{"@type":"EntryPoint","urlTemplate":"https:\/\/municipales.org.ar\/festram\/?s={search_term_string}"},"query-input":{"@type":"PropertyValueSpecification","valueRequired":true,"valueName":"search_term_string"}}],"inLanguage":"es"},{"@type":"Organization","@id":"https:\/\/municipales.org.ar\/festram\/#organization","name":"Federaci\u00f3n de Sindicatos de Trabajadores Municipales de la Provincia de Santa Fe","url":"https:\/\/municipales.org.ar\/festram\/","logo":{"@type":"ImageObject","inLanguage":"es","@id":"https:\/\/municipales.org.ar\/festram\/#\/schema\/logo\/image\/","url":"https:\/\/www.municipales.org.ar\/festram\/wp-content\/uploads\/2014\/07\/logo_fes.jpg","contentUrl":"https:\/\/www.municipales.org.ar\/festram\/wp-content\/uploads\/2014\/07\/logo_fes.jpg","width":661,"height":673,"caption":"Federaci\u00f3n de Sindicatos de Trabajadores Municipales de la Provincia de Santa Fe"},"image":{"@id":"https:\/\/municipales.org.ar\/festram\/#\/schema\/logo\/image\/"},"sameAs":["https:\/\/www.facebook.com\/MunicipalesSF","https:\/\/x.com\/MunicipalesSF","https:\/\/www.youtube.com\/user\/festram"]},{"@type":"Person","@id":"https:\/\/municipales.org.ar\/festram\/#\/schema\/person\/49096a774c48ce9063df4d59ec059f9e","name":"mun_admin"}]}},"jetpack_publicize_connections":[],"jetpack_featured_media_url":"https:\/\/municipales.org.ar\/festram\/wp-content\/uploads\/2014\/06\/aportes_evitar_crisis.jpeg","jetpack_sharing_enabled":true,"jetpack_likes_enabled":false,"jetpack_shortlink":"https:\/\/wp.me\/p7l4x1-9M","_links":{"self":[{"href":"https:\/\/municipales.org.ar\/festram\/wp-json\/wp\/v2\/posts\/606","targetHints":{"allow":["GET"]}}],"collection":[{"href":"https:\/\/municipales.org.ar\/festram\/wp-json\/wp\/v2\/posts"}],"about":[{"href":"https:\/\/municipales.org.ar\/festram\/wp-json\/wp\/v2\/types\/post"}],"author":[{"embeddable":true,"href":"https:\/\/municipales.org.ar\/festram\/wp-json\/wp\/v2\/users\/1"}],"replies":[{"embeddable":true,"href":"https:\/\/municipales.org.ar\/festram\/wp-json\/wp\/v2\/comments?post=606"}],"version-history":[{"count":4,"href":"https:\/\/municipales.org.ar\/festram\/wp-json\/wp\/v2\/posts\/606\/revisions"}],"predecessor-version":[{"id":612,"href":"https:\/\/municipales.org.ar\/festram\/wp-json\/wp\/v2\/posts\/606\/revisions\/612"}],"wp:featuredmedia":[{"embeddable":true,"href":"https:\/\/municipales.org.ar\/festram\/wp-json\/wp\/v2\/media\/608"}],"wp:attachment":[{"href":"https:\/\/municipales.org.ar\/festram\/wp-json\/wp\/v2\/media?parent=606"}],"wp:term":[{"taxonomy":"category","embeddable":true,"href":"https:\/\/municipales.org.ar\/festram\/wp-json\/wp\/v2\/categories?post=606"},{"taxonomy":"post_tag","embeddable":true,"href":"https:\/\/municipales.org.ar\/festram\/wp-json\/wp\/v2\/tags?post=606"}],"curies":[{"name":"wp","href":"https:\/\/api.w.org\/{rel}","templated":true}]}}