{"id":642,"date":"2009-03-30T19:56:47","date_gmt":"2009-03-30T22:56:47","guid":{"rendered":"http:\/\/municipales.org.ar\/festram\/?p=642"},"modified":"2016-03-07T14:36:46","modified_gmt":"2016-03-07T17:36:46","slug":"municipales-respaldaron-al-diputado-cejas","status":"publish","type":"post","link":"https:\/\/municipales.org.ar\/festram\/municipales-respaldaron-al-diputado-cejas\/","title":{"rendered":"Municipales respaldaron al Diputado Cejas"},"content":{"rendered":"<h5>FESTRAM defendi\u00f3 la postura del titular de la CGT Santa Fe<\/h5>\n<p>&nbsp;<\/p>\n<h6>COMUNICADO DE PRENSA OFICIAL<\/h6>\n<p>El gremio que agrupa a los Trabajadores Municipales de la Provincia de Santa Fe, expres\u00f3 su respaldo al Diputado Provincial Alberto Cejas y a sus pares Justicialistas que facilitaron la adhesi\u00f3n de la Provincia y sus Municipios al Fondo Federal Solidario, proveniente de las exportaciones de la soja.<\/p>\n<p>Asimismo, consideraron una actitud responsable la decisi\u00f3n de facilitar la aprobaci\u00f3n del Presupuesto 2009, ya que esta es una herramienta imprescindible para asegurar el funcionamiento de los Estados Locales y limita la incertidumbre de los trabajadores a los fines de la previsibilidad que esta Ley de Leyes otorga a los agentes municipales y comunales en la percepci\u00f3n de sus haberes.<\/p>\n<p>La entidad Sindical, cuestiona severamente a quienes desde el Justicialismo calificaron de traidores a los diputados que justamente adoptaron la postura m\u00e1s favorable a los intereses de los trabajadores y expres\u00f3 su solidaridad con los legisladores santafesinos que pusieron primero los intereses del conjunto de la sociedad sobre las rencillas internas que se hacen a espalda de los sectores populares.<\/p>\n<p>Para FESTRAM es in\u00e9dito que los mismos que votaron en contra de las decisiones de su bloque en el Congreso Nacional, en materia de retenciones, en el adelantamiento de las elecciones y en otras tantas leyes sustanciales, hoy califiquen de traidores a quienes votaron consecuentemente con sus posiciones pol\u00edticas.<\/p>\n<p>Por su parte, el Secretario General de FESTRAM, Claudio Leoni, manifest\u00f3: \u201cno tienen verg\u00fcenza aquellos hombres que comparten espacios pol\u00edticos con ex ministros de la dictadura, con dirigentes provenientes de partidos militares y de derecha conservadora y cuyos or\u00edgenes en el justicialismo se remontan apenas a la d\u00e9cada del 90, de calificar de traidores a compa\u00f1eros del Movimiento Obrero Organizado\u201d.<\/p>\n<p>Para FESTRAM los sectores que gerenciaron en la Provincia de Santa Fe las pol\u00edticas del FMI, que firmaron los Pactos Fiscales y privatizaron las empresas provinciales a favor de una brutal transferencia de recursos hacia sectores financieros nacionales e internacionales en desmedro de la mayor\u00eda de la poblaci\u00f3n, hoy est\u00e1n inhabilitados para actuar como oposici\u00f3n responsable.<\/p>\n<p>Por \u00faltimo, la Federaci\u00f3n de Municipales, solicitar\u00e1 a las regionales de la CGT que respalde su postura de coparticipar a Municipios y Comunas el 50% del Fondo Solidario Federal.<\/p>\n<pre>Felipe Baptista. Secretario de Actas y Administraci\u00f3n<\/pre>\n","protected":false},"excerpt":{"rendered":"<p>FESTRAM defendi\u00f3 la postura del titular de la CGT Santa Fe<\/p>\n","protected":false},"author":1,"featured_media":643,"comment_status":"closed","ping_status":"closed","sticky":false,"template":"","format":"standard","meta":{"_jetpack_memberships_contains_paid_content":false,"footnotes":"","jetpack_publicize_message":"","jetpack_publicize_feature_enabled":true,"jetpack_social_post_already_shared":false,"jetpack_social_options":{"image_generator_settings":{"template":"highway","default_image_id":0,"font":"","enabled":false},"version":2}},"categories":[125],"tags":[63,68],"class_list":["post-642","post","type-post","status-publish","format-standard","has-post-thumbnail","hentry","category-mas-antiguos","tag-coparticipacion","tag-economia-provincial"],"yoast_head":"<!-- This site is optimized with the Yoast SEO plugin v25.9 - https:\/\/yoast.com\/wordpress\/plugins\/seo\/ -->\n<title>Municipales respaldaron al Diputado Cejas &#8211; FESTRAM<\/title>\n<meta name=\"description\" content=\"FESTRAM defendi\u00f3 la postura del titular de la CGT Santa Fe\" \/>\n<meta name=\"robots\" content=\"index, follow, max-snippet:-1, max-image-preview:large, max-video-preview:-1\" \/>\n<link rel=\"canonical\" href=\"https:\/\/municipales.org.ar\/festram\/municipales-respaldaron-al-diputado-cejas\/\" \/>\n<meta property=\"og:locale\" content=\"es_ES\" \/>\n<meta property=\"og:type\" content=\"article\" \/>\n<meta property=\"og:title\" content=\"Municipales respaldaron al Diputado Cejas &#8211; FESTRAM\" \/>\n<meta property=\"og:description\" content=\"FESTRAM defendi\u00f3 la postura del titular de la CGT Santa Fe\" \/>\n<meta property=\"og:url\" content=\"https:\/\/municipales.org.ar\/festram\/municipales-respaldaron-al-diputado-cejas\/\" \/>\n<meta property=\"og:site_name\" content=\"FESTRAM\" \/>\n<meta property=\"article:publisher\" content=\"https:\/\/www.facebook.com\/MunicipalesSF\" \/>\n<meta property=\"article:published_time\" content=\"2009-03-30T22:56:47+00:00\" \/>\n<meta property=\"article:modified_time\" content=\"2016-03-07T17:36:46+00:00\" \/>\n<meta property=\"og:image\" content=\"https:\/\/municipales.org.ar\/festram\/wp-content\/uploads\/2014\/06\/cejas.jpg\" \/>\n\t<meta property=\"og:image:width\" content=\"544\" \/>\n\t<meta property=\"og:image:height\" content=\"293\" \/>\n\t<meta property=\"og:image:type\" content=\"image\/jpeg\" \/>\n<meta name=\"author\" content=\"mun_admin\" \/>\n<meta name=\"twitter:card\" content=\"summary_large_image\" \/>\n<meta name=\"twitter:creator\" content=\"@MunicipalesSF\" \/>\n<meta name=\"twitter:site\" content=\"@MunicipalesSF\" \/>\n<meta name=\"twitter:label1\" content=\"Escrito por\" \/>\n\t<meta name=\"twitter:data1\" content=\"mun_admin\" \/>\n\t<meta name=\"twitter:label2\" content=\"Tiempo de lectura\" \/>\n\t<meta name=\"twitter:data2\" content=\"2 minutos\" \/>\n<script type=\"application\/ld+json\" class=\"yoast-schema-graph\">{\"@context\":\"https:\/\/schema.org\",\"@graph\":[{\"@type\":\"Article\",\"@id\":\"https:\/\/municipales.org.ar\/festram\/municipales-respaldaron-al-diputado-cejas\/#article\",\"isPartOf\":{\"@id\":\"https:\/\/municipales.org.ar\/festram\/municipales-respaldaron-al-diputado-cejas\/\"},\"author\":{\"name\":\"mun_admin\",\"@id\":\"https:\/\/municipales.org.ar\/festram\/#\/schema\/person\/49096a774c48ce9063df4d59ec059f9e\"},\"headline\":\"Municipales respaldaron al Diputado Cejas\",\"datePublished\":\"2009-03-30T22:56:47+00:00\",\"dateModified\":\"2016-03-07T17:36:46+00:00\",\"mainEntityOfPage\":{\"@id\":\"https:\/\/municipales.org.ar\/festram\/municipales-respaldaron-al-diputado-cejas\/\"},\"wordCount\":398,\"publisher\":{\"@id\":\"https:\/\/municipales.org.ar\/festram\/#organization\"},\"image\":{\"@id\":\"https:\/\/municipales.org.ar\/festram\/municipales-respaldaron-al-diputado-cejas\/#primaryimage\"},\"thumbnailUrl\":\"https:\/\/municipales.org.ar\/festram\/wp-content\/uploads\/2014\/06\/cejas.jpg\",\"keywords\":[\"coparticipaci\u00f3n\",\"econom\u00eda provincial\"],\"articleSection\":[\"M\u00e1s Antiguos\"],\"inLanguage\":\"es\"},{\"@type\":\"WebPage\",\"@id\":\"https:\/\/municipales.org.ar\/festram\/municipales-respaldaron-al-diputado-cejas\/\",\"url\":\"https:\/\/municipales.org.ar\/festram\/municipales-respaldaron-al-diputado-cejas\/\",\"name\":\"Municipales respaldaron al Diputado Cejas &#8211; FESTRAM\",\"isPartOf\":{\"@id\":\"https:\/\/municipales.org.ar\/festram\/#website\"},\"primaryImageOfPage\":{\"@id\":\"https:\/\/municipales.org.ar\/festram\/municipales-respaldaron-al-diputado-cejas\/#primaryimage\"},\"image\":{\"@id\":\"https:\/\/municipales.org.ar\/festram\/municipales-respaldaron-al-diputado-cejas\/#primaryimage\"},\"thumbnailUrl\":\"https:\/\/municipales.org.ar\/festram\/wp-content\/uploads\/2014\/06\/cejas.jpg\",\"datePublished\":\"2009-03-30T22:56:47+00:00\",\"dateModified\":\"2016-03-07T17:36:46+00:00\",\"description\":\"FESTRAM defendi\u00f3 la postura del titular de la CGT Santa Fe\",\"breadcrumb\":{\"@id\":\"https:\/\/municipales.org.ar\/festram\/municipales-respaldaron-al-diputado-cejas\/#breadcrumb\"},\"inLanguage\":\"es\",\"potentialAction\":[{\"@type\":\"ReadAction\",\"target\":[\"https:\/\/municipales.org.ar\/festram\/municipales-respaldaron-al-diputado-cejas\/\"]}]},{\"@type\":\"ImageObject\",\"inLanguage\":\"es\",\"@id\":\"https:\/\/municipales.org.ar\/festram\/municipales-respaldaron-al-diputado-cejas\/#primaryimage\",\"url\":\"https:\/\/municipales.org.ar\/festram\/wp-content\/uploads\/2014\/06\/cejas.jpg\",\"contentUrl\":\"https:\/\/municipales.org.ar\/festram\/wp-content\/uploads\/2014\/06\/cejas.jpg\",\"width\":544,\"height\":293},{\"@type\":\"BreadcrumbList\",\"@id\":\"https:\/\/municipales.org.ar\/festram\/municipales-respaldaron-al-diputado-cejas\/#breadcrumb\",\"itemListElement\":[{\"@type\":\"ListItem\",\"position\":1,\"name\":\"Portada\",\"item\":\"https:\/\/municipales.org.ar\/festram\/\"},{\"@type\":\"ListItem\",\"position\":2,\"name\":\"Municipales respaldaron al Diputado Cejas\"}]},{\"@type\":\"WebSite\",\"@id\":\"https:\/\/municipales.org.ar\/festram\/#website\",\"url\":\"https:\/\/municipales.org.ar\/festram\/\",\"name\":\"FESTRAM\",\"description\":\"La web de los trabajadores municipales\",\"publisher\":{\"@id\":\"https:\/\/municipales.org.ar\/festram\/#organization\"},\"potentialAction\":[{\"@type\":\"SearchAction\",\"target\":{\"@type\":\"EntryPoint\",\"urlTemplate\":\"https:\/\/municipales.org.ar\/festram\/?s={search_term_string}\"},\"query-input\":{\"@type\":\"PropertyValueSpecification\",\"valueRequired\":true,\"valueName\":\"search_term_string\"}}],\"inLanguage\":\"es\"},{\"@type\":\"Organization\",\"@id\":\"https:\/\/municipales.org.ar\/festram\/#organization\",\"name\":\"Federaci\u00f3n de Sindicatos de Trabajadores Municipales de la Provincia de Santa Fe\",\"url\":\"https:\/\/municipales.org.ar\/festram\/\",\"logo\":{\"@type\":\"ImageObject\",\"inLanguage\":\"es\",\"@id\":\"https:\/\/municipales.org.ar\/festram\/#\/schema\/logo\/image\/\",\"url\":\"https:\/\/www.municipales.org.ar\/festram\/wp-content\/uploads\/2014\/07\/logo_fes.jpg\",\"contentUrl\":\"https:\/\/www.municipales.org.ar\/festram\/wp-content\/uploads\/2014\/07\/logo_fes.jpg\",\"width\":661,\"height\":673,\"caption\":\"Federaci\u00f3n de Sindicatos de Trabajadores Municipales de la Provincia de Santa Fe\"},\"image\":{\"@id\":\"https:\/\/municipales.org.ar\/festram\/#\/schema\/logo\/image\/\"},\"sameAs\":[\"https:\/\/www.facebook.com\/MunicipalesSF\",\"https:\/\/x.com\/MunicipalesSF\",\"https:\/\/www.youtube.com\/user\/festram\"]},{\"@type\":\"Person\",\"@id\":\"https:\/\/municipales.org.ar\/festram\/#\/schema\/person\/49096a774c48ce9063df4d59ec059f9e\",\"name\":\"mun_admin\"}]}<\/script>\n<!-- \/ Yoast SEO plugin. -->","yoast_head_json":{"title":"Municipales respaldaron al Diputado Cejas &#8211; FESTRAM","description":"FESTRAM defendi\u00f3 la postura del titular de la CGT Santa Fe","robots":{"index":"index","follow":"follow","max-snippet":"max-snippet:-1","max-image-preview":"max-image-preview:large","max-video-preview":"max-video-preview:-1"},"canonical":"https:\/\/municipales.org.ar\/festram\/municipales-respaldaron-al-diputado-cejas\/","og_locale":"es_ES","og_type":"article","og_title":"Municipales respaldaron al Diputado Cejas &#8211; FESTRAM","og_description":"FESTRAM defendi\u00f3 la postura del titular de la CGT Santa Fe","og_url":"https:\/\/municipales.org.ar\/festram\/municipales-respaldaron-al-diputado-cejas\/","og_site_name":"FESTRAM","article_publisher":"https:\/\/www.facebook.com\/MunicipalesSF","article_published_time":"2009-03-30T22:56:47+00:00","article_modified_time":"2016-03-07T17:36:46+00:00","og_image":[{"width":544,"height":293,"url":"https:\/\/municipales.org.ar\/festram\/wp-content\/uploads\/2014\/06\/cejas.jpg","type":"image\/jpeg"}],"author":"mun_admin","twitter_card":"summary_large_image","twitter_creator":"@MunicipalesSF","twitter_site":"@MunicipalesSF","twitter_misc":{"Escrito por":"mun_admin","Tiempo de lectura":"2 minutos"},"schema":{"@context":"https:\/\/schema.org","@graph":[{"@type":"Article","@id":"https:\/\/municipales.org.ar\/festram\/municipales-respaldaron-al-diputado-cejas\/#article","isPartOf":{"@id":"https:\/\/municipales.org.ar\/festram\/municipales-respaldaron-al-diputado-cejas\/"},"author":{"name":"mun_admin","@id":"https:\/\/municipales.org.ar\/festram\/#\/schema\/person\/49096a774c48ce9063df4d59ec059f9e"},"headline":"Municipales respaldaron al Diputado Cejas","datePublished":"2009-03-30T22:56:47+00:00","dateModified":"2016-03-07T17:36:46+00:00","mainEntityOfPage":{"@id":"https:\/\/municipales.org.ar\/festram\/municipales-respaldaron-al-diputado-cejas\/"},"wordCount":398,"publisher":{"@id":"https:\/\/municipales.org.ar\/festram\/#organization"},"image":{"@id":"https:\/\/municipales.org.ar\/festram\/municipales-respaldaron-al-diputado-cejas\/#primaryimage"},"thumbnailUrl":"https:\/\/municipales.org.ar\/festram\/wp-content\/uploads\/2014\/06\/cejas.jpg","keywords":["coparticipaci\u00f3n","econom\u00eda provincial"],"articleSection":["M\u00e1s Antiguos"],"inLanguage":"es"},{"@type":"WebPage","@id":"https:\/\/municipales.org.ar\/festram\/municipales-respaldaron-al-diputado-cejas\/","url":"https:\/\/municipales.org.ar\/festram\/municipales-respaldaron-al-diputado-cejas\/","name":"Municipales respaldaron al Diputado Cejas &#8211; FESTRAM","isPartOf":{"@id":"https:\/\/municipales.org.ar\/festram\/#website"},"primaryImageOfPage":{"@id":"https:\/\/municipales.org.ar\/festram\/municipales-respaldaron-al-diputado-cejas\/#primaryimage"},"image":{"@id":"https:\/\/municipales.org.ar\/festram\/municipales-respaldaron-al-diputado-cejas\/#primaryimage"},"thumbnailUrl":"https:\/\/municipales.org.ar\/festram\/wp-content\/uploads\/2014\/06\/cejas.jpg","datePublished":"2009-03-30T22:56:47+00:00","dateModified":"2016-03-07T17:36:46+00:00","description":"FESTRAM defendi\u00f3 la postura del titular de la CGT Santa Fe","breadcrumb":{"@id":"https:\/\/municipales.org.ar\/festram\/municipales-respaldaron-al-diputado-cejas\/#breadcrumb"},"inLanguage":"es","potentialAction":[{"@type":"ReadAction","target":["https:\/\/municipales.org.ar\/festram\/municipales-respaldaron-al-diputado-cejas\/"]}]},{"@type":"ImageObject","inLanguage":"es","@id":"https:\/\/municipales.org.ar\/festram\/municipales-respaldaron-al-diputado-cejas\/#primaryimage","url":"https:\/\/municipales.org.ar\/festram\/wp-content\/uploads\/2014\/06\/cejas.jpg","contentUrl":"https:\/\/municipales.org.ar\/festram\/wp-content\/uploads\/2014\/06\/cejas.jpg","width":544,"height":293},{"@type":"BreadcrumbList","@id":"https:\/\/municipales.org.ar\/festram\/municipales-respaldaron-al-diputado-cejas\/#breadcrumb","itemListElement":[{"@type":"ListItem","position":1,"name":"Portada","item":"https:\/\/municipales.org.ar\/festram\/"},{"@type":"ListItem","position":2,"name":"Municipales respaldaron al Diputado Cejas"}]},{"@type":"WebSite","@id":"https:\/\/municipales.org.ar\/festram\/#website","url":"https:\/\/municipales.org.ar\/festram\/","name":"FESTRAM","description":"La web de los trabajadores municipales","publisher":{"@id":"https:\/\/municipales.org.ar\/festram\/#organization"},"potentialAction":[{"@type":"SearchAction","target":{"@type":"EntryPoint","urlTemplate":"https:\/\/municipales.org.ar\/festram\/?s={search_term_string}"},"query-input":{"@type":"PropertyValueSpecification","valueRequired":true,"valueName":"search_term_string"}}],"inLanguage":"es"},{"@type":"Organization","@id":"https:\/\/municipales.org.ar\/festram\/#organization","name":"Federaci\u00f3n de Sindicatos de Trabajadores Municipales de la Provincia de Santa Fe","url":"https:\/\/municipales.org.ar\/festram\/","logo":{"@type":"ImageObject","inLanguage":"es","@id":"https:\/\/municipales.org.ar\/festram\/#\/schema\/logo\/image\/","url":"https:\/\/www.municipales.org.ar\/festram\/wp-content\/uploads\/2014\/07\/logo_fes.jpg","contentUrl":"https:\/\/www.municipales.org.ar\/festram\/wp-content\/uploads\/2014\/07\/logo_fes.jpg","width":661,"height":673,"caption":"Federaci\u00f3n de Sindicatos de Trabajadores Municipales de la Provincia de Santa Fe"},"image":{"@id":"https:\/\/municipales.org.ar\/festram\/#\/schema\/logo\/image\/"},"sameAs":["https:\/\/www.facebook.com\/MunicipalesSF","https:\/\/x.com\/MunicipalesSF","https:\/\/www.youtube.com\/user\/festram"]},{"@type":"Person","@id":"https:\/\/municipales.org.ar\/festram\/#\/schema\/person\/49096a774c48ce9063df4d59ec059f9e","name":"mun_admin"}]}},"jetpack_publicize_connections":[],"jetpack_featured_media_url":"https:\/\/municipales.org.ar\/festram\/wp-content\/uploads\/2014\/06\/cejas.jpg","jetpack_sharing_enabled":true,"jetpack_likes_enabled":false,"jetpack_shortlink":"https:\/\/wp.me\/p7l4x1-am","_links":{"self":[{"href":"https:\/\/municipales.org.ar\/festram\/wp-json\/wp\/v2\/posts\/642","targetHints":{"allow":["GET"]}}],"collection":[{"href":"https:\/\/municipales.org.ar\/festram\/wp-json\/wp\/v2\/posts"}],"about":[{"href":"https:\/\/municipales.org.ar\/festram\/wp-json\/wp\/v2\/types\/post"}],"author":[{"embeddable":true,"href":"https:\/\/municipales.org.ar\/festram\/wp-json\/wp\/v2\/users\/1"}],"replies":[{"embeddable":true,"href":"https:\/\/municipales.org.ar\/festram\/wp-json\/wp\/v2\/comments?post=642"}],"version-history":[{"count":2,"href":"https:\/\/municipales.org.ar\/festram\/wp-json\/wp\/v2\/posts\/642\/revisions"}],"predecessor-version":[{"id":645,"href":"https:\/\/municipales.org.ar\/festram\/wp-json\/wp\/v2\/posts\/642\/revisions\/645"}],"wp:featuredmedia":[{"embeddable":true,"href":"https:\/\/municipales.org.ar\/festram\/wp-json\/wp\/v2\/media\/643"}],"wp:attachment":[{"href":"https:\/\/municipales.org.ar\/festram\/wp-json\/wp\/v2\/media?parent=642"}],"wp:term":[{"taxonomy":"category","embeddable":true,"href":"https:\/\/municipales.org.ar\/festram\/wp-json\/wp\/v2\/categories?post=642"},{"taxonomy":"post_tag","embeddable":true,"href":"https:\/\/municipales.org.ar\/festram\/wp-json\/wp\/v2\/tags?post=642"}],"curies":[{"name":"wp","href":"https:\/\/api.w.org\/{rel}","templated":true}]}}