{"id":689,"date":"2009-11-05T21:43:40","date_gmt":"2009-11-06T00:43:40","guid":{"rendered":"http:\/\/municipales.org.ar\/festram\/?p=689"},"modified":"2016-03-07T14:34:26","modified_gmt":"2016-03-07T17:34:26","slug":"municipales-perciben-un-conflicto-de-magnitud","status":"publish","type":"post","link":"https:\/\/municipales.org.ar\/festram\/municipales-perciben-un-conflicto-de-magnitud\/","title":{"rendered":"Municipales perciben un conflicto de magnitud"},"content":{"rendered":"<h5>El 17 de Noviembre anunciar\u00e1n el Plan de Lucha, reclaman la inmediata equiparaci\u00f3n de Asignaciones Familiares.<\/h5>\n<h6>\nCOMUNICADO DE PRENSA OFICIAL<\/h6>\n<p>La Federaci\u00f3n que nuclea a los Trabajadores Municipales de toda la Provincia, advierte que est\u00e1 a la espera de respuestas concretas de parte del Gobierno Provincial para que se actualicen los montos de las Asignaciones Familiares establecidas para todos los trabajadores argentinos.<\/p>\n<p>El Secretario General de FESTRAM, Claudio Leoni, asegur\u00f3 que \u201cse nos est\u00e1 arrastrando a un conflicto de magnitud, por la falta de respuesta a los reclamos que venimos sosteniendo ante los Intendentes, el Gobierno y los Legisladores\u201d.<\/p>\n<p>\u201cNo vamos a tolerar la acci\u00f3n discriminatoria que se ejerce con los trabajadores santafesinos, marginados de percibir una asignaci\u00f3n que adopt\u00f3 caracter\u00edsticas de universal\u201d, afirm\u00f3 desde Rosario, Antonio Ratner, Secretario Adjunto de FESTRAM.<\/p>\n<p>El gremio consider\u00f3 agotado sus esfuerzos por encontrar un di\u00e1logo entre los actores del R\u00e9gimen Municipal, ya que ante el pedido de consenso se enfrent\u00f3 con una barrera de indiferencia por la falta de recursos en Municipios y Comunas.<\/p>\n<p>Nuevamente un conjunto muy importante de trabajadores municipales y comunales se encuentran con sus salarios impagos y soportan las consecuencias de las rencillas partidarias en el cambio de autoridades con despido de trabajadores informales, presos del clientelismo pol\u00edtico.<\/p>\n<p>Los contactos informales para constituir una mesa de di\u00e1logo que atienda estas problem\u00e1ticas, permitieron postergar la decisi\u00f3n de adoptar medidas de fuerza, pero en la reuni\u00f3n del Martes 17 saldr\u00e1 un plan de lucha provincial, para acompa\u00f1ar a todos los gremios municipales en conflicto y exigiendo el cumplimiento de los reiterados reclamos de la organizaci\u00f3n sindical.<\/p>\n<pre>Felipe Baptista. Secretario de Actas y Administraci\u00f3n<\/pre>\n","protected":false},"excerpt":{"rendered":"<p>El 17 de Noviembre anunciar\u00e1n el Plan de Lucha, reclaman la inmediata equiparaci\u00f3n de Asignaciones Familiares.<\/p>\n","protected":false},"author":1,"featured_media":690,"comment_status":"closed","ping_status":"closed","sticky":false,"template":"","format":"standard","meta":{"_jetpack_memberships_contains_paid_content":false,"footnotes":"","jetpack_publicize_message":"","jetpack_publicize_feature_enabled":true,"jetpack_social_post_already_shared":false,"jetpack_social_options":{"image_generator_settings":{"template":"highway","default_image_id":0,"font":"","enabled":false},"version":2}},"categories":[125,60],"tags":[73,72],"class_list":["post-689","post","type-post","status-publish","format-standard","has-post-thumbnail","hentry","category-mas-antiguos","category-salarios-mas-notas","tag-asignaciones-familiares","tag-precarizacion"],"yoast_head":"<!-- This site is optimized with the Yoast SEO plugin v25.9 - https:\/\/yoast.com\/wordpress\/plugins\/seo\/ -->\n<title>Municipales perciben un conflicto de magnitud &#8211; FESTRAM<\/title>\n<meta name=\"description\" content=\"El 17 de Noviembre anunciar\u00e1n el Plan de Lucha, reclaman la inmediata equiparaci\u00f3n de Asignaciones Familiares.\" \/>\n<meta name=\"robots\" content=\"index, follow, max-snippet:-1, max-image-preview:large, max-video-preview:-1\" \/>\n<link rel=\"canonical\" href=\"https:\/\/municipales.org.ar\/festram\/municipales-perciben-un-conflicto-de-magnitud\/\" \/>\n<meta property=\"og:locale\" content=\"es_ES\" \/>\n<meta property=\"og:type\" content=\"article\" \/>\n<meta property=\"og:title\" content=\"Municipales perciben un conflicto de magnitud &#8211; FESTRAM\" \/>\n<meta property=\"og:description\" content=\"El 17 de Noviembre anunciar\u00e1n el Plan de Lucha, reclaman la inmediata equiparaci\u00f3n de Asignaciones Familiares.\" \/>\n<meta property=\"og:url\" content=\"https:\/\/municipales.org.ar\/festram\/municipales-perciben-un-conflicto-de-magnitud\/\" \/>\n<meta property=\"og:site_name\" content=\"FESTRAM\" \/>\n<meta property=\"article:publisher\" content=\"https:\/\/www.facebook.com\/MunicipalesSF\" \/>\n<meta property=\"article:published_time\" content=\"2009-11-06T00:43:40+00:00\" \/>\n<meta property=\"article:modified_time\" content=\"2016-03-07T17:34:26+00:00\" \/>\n<meta property=\"og:image\" content=\"https:\/\/municipales.org.ar\/festram\/wp-content\/uploads\/2014\/06\/04-antonio-ratner.jpg\" \/>\n\t<meta property=\"og:image:width\" content=\"544\" \/>\n\t<meta property=\"og:image:height\" content=\"250\" \/>\n\t<meta property=\"og:image:type\" content=\"image\/jpeg\" \/>\n<meta name=\"author\" content=\"mun_admin\" \/>\n<meta name=\"twitter:card\" content=\"summary_large_image\" \/>\n<meta name=\"twitter:creator\" content=\"@MunicipalesSF\" \/>\n<meta name=\"twitter:site\" content=\"@MunicipalesSF\" \/>\n<meta name=\"twitter:label1\" content=\"Escrito por\" \/>\n\t<meta name=\"twitter:data1\" content=\"mun_admin\" \/>\n\t<meta name=\"twitter:label2\" content=\"Tiempo de lectura\" \/>\n\t<meta name=\"twitter:data2\" content=\"1 minuto\" \/>\n<script type=\"application\/ld+json\" class=\"yoast-schema-graph\">{\"@context\":\"https:\/\/schema.org\",\"@graph\":[{\"@type\":\"Article\",\"@id\":\"https:\/\/municipales.org.ar\/festram\/municipales-perciben-un-conflicto-de-magnitud\/#article\",\"isPartOf\":{\"@id\":\"https:\/\/municipales.org.ar\/festram\/municipales-perciben-un-conflicto-de-magnitud\/\"},\"author\":{\"name\":\"mun_admin\",\"@id\":\"https:\/\/municipales.org.ar\/festram\/#\/schema\/person\/49096a774c48ce9063df4d59ec059f9e\"},\"headline\":\"Municipales perciben un conflicto de magnitud\",\"datePublished\":\"2009-11-06T00:43:40+00:00\",\"dateModified\":\"2016-03-07T17:34:26+00:00\",\"mainEntityOfPage\":{\"@id\":\"https:\/\/municipales.org.ar\/festram\/municipales-perciben-un-conflicto-de-magnitud\/\"},\"wordCount\":284,\"publisher\":{\"@id\":\"https:\/\/municipales.org.ar\/festram\/#organization\"},\"image\":{\"@id\":\"https:\/\/municipales.org.ar\/festram\/municipales-perciben-un-conflicto-de-magnitud\/#primaryimage\"},\"thumbnailUrl\":\"https:\/\/municipales.org.ar\/festram\/wp-content\/uploads\/2014\/06\/04-antonio-ratner.jpg\",\"keywords\":[\"asignaciones familiares\",\"precarizaci\u00f3n\"],\"articleSection\":[\"M\u00e1s Antiguos\",\"Salarios M\u00e1s Notas\"],\"inLanguage\":\"es\"},{\"@type\":\"WebPage\",\"@id\":\"https:\/\/municipales.org.ar\/festram\/municipales-perciben-un-conflicto-de-magnitud\/\",\"url\":\"https:\/\/municipales.org.ar\/festram\/municipales-perciben-un-conflicto-de-magnitud\/\",\"name\":\"Municipales perciben un conflicto de magnitud &#8211; FESTRAM\",\"isPartOf\":{\"@id\":\"https:\/\/municipales.org.ar\/festram\/#website\"},\"primaryImageOfPage\":{\"@id\":\"https:\/\/municipales.org.ar\/festram\/municipales-perciben-un-conflicto-de-magnitud\/#primaryimage\"},\"image\":{\"@id\":\"https:\/\/municipales.org.ar\/festram\/municipales-perciben-un-conflicto-de-magnitud\/#primaryimage\"},\"thumbnailUrl\":\"https:\/\/municipales.org.ar\/festram\/wp-content\/uploads\/2014\/06\/04-antonio-ratner.jpg\",\"datePublished\":\"2009-11-06T00:43:40+00:00\",\"dateModified\":\"2016-03-07T17:34:26+00:00\",\"description\":\"El 17 de Noviembre anunciar\u00e1n el Plan de Lucha, reclaman la inmediata equiparaci\u00f3n de Asignaciones Familiares.\",\"breadcrumb\":{\"@id\":\"https:\/\/municipales.org.ar\/festram\/municipales-perciben-un-conflicto-de-magnitud\/#breadcrumb\"},\"inLanguage\":\"es\",\"potentialAction\":[{\"@type\":\"ReadAction\",\"target\":[\"https:\/\/municipales.org.ar\/festram\/municipales-perciben-un-conflicto-de-magnitud\/\"]}]},{\"@type\":\"ImageObject\",\"inLanguage\":\"es\",\"@id\":\"https:\/\/municipales.org.ar\/festram\/municipales-perciben-un-conflicto-de-magnitud\/#primaryimage\",\"url\":\"https:\/\/municipales.org.ar\/festram\/wp-content\/uploads\/2014\/06\/04-antonio-ratner.jpg\",\"contentUrl\":\"https:\/\/municipales.org.ar\/festram\/wp-content\/uploads\/2014\/06\/04-antonio-ratner.jpg\",\"width\":544,\"height\":250},{\"@type\":\"BreadcrumbList\",\"@id\":\"https:\/\/municipales.org.ar\/festram\/municipales-perciben-un-conflicto-de-magnitud\/#breadcrumb\",\"itemListElement\":[{\"@type\":\"ListItem\",\"position\":1,\"name\":\"Portada\",\"item\":\"https:\/\/municipales.org.ar\/festram\/\"},{\"@type\":\"ListItem\",\"position\":2,\"name\":\"Municipales perciben un conflicto de magnitud\"}]},{\"@type\":\"WebSite\",\"@id\":\"https:\/\/municipales.org.ar\/festram\/#website\",\"url\":\"https:\/\/municipales.org.ar\/festram\/\",\"name\":\"FESTRAM\",\"description\":\"La web de los trabajadores municipales\",\"publisher\":{\"@id\":\"https:\/\/municipales.org.ar\/festram\/#organization\"},\"potentialAction\":[{\"@type\":\"SearchAction\",\"target\":{\"@type\":\"EntryPoint\",\"urlTemplate\":\"https:\/\/municipales.org.ar\/festram\/?s={search_term_string}\"},\"query-input\":{\"@type\":\"PropertyValueSpecification\",\"valueRequired\":true,\"valueName\":\"search_term_string\"}}],\"inLanguage\":\"es\"},{\"@type\":\"Organization\",\"@id\":\"https:\/\/municipales.org.ar\/festram\/#organization\",\"name\":\"Federaci\u00f3n de Sindicatos de Trabajadores Municipales de la Provincia de Santa Fe\",\"url\":\"https:\/\/municipales.org.ar\/festram\/\",\"logo\":{\"@type\":\"ImageObject\",\"inLanguage\":\"es\",\"@id\":\"https:\/\/municipales.org.ar\/festram\/#\/schema\/logo\/image\/\",\"url\":\"https:\/\/www.municipales.org.ar\/festram\/wp-content\/uploads\/2014\/07\/logo_fes.jpg\",\"contentUrl\":\"https:\/\/www.municipales.org.ar\/festram\/wp-content\/uploads\/2014\/07\/logo_fes.jpg\",\"width\":661,\"height\":673,\"caption\":\"Federaci\u00f3n de Sindicatos de Trabajadores Municipales de la Provincia de Santa Fe\"},\"image\":{\"@id\":\"https:\/\/municipales.org.ar\/festram\/#\/schema\/logo\/image\/\"},\"sameAs\":[\"https:\/\/www.facebook.com\/MunicipalesSF\",\"https:\/\/x.com\/MunicipalesSF\",\"https:\/\/www.youtube.com\/user\/festram\"]},{\"@type\":\"Person\",\"@id\":\"https:\/\/municipales.org.ar\/festram\/#\/schema\/person\/49096a774c48ce9063df4d59ec059f9e\",\"name\":\"mun_admin\"}]}<\/script>\n<!-- \/ Yoast SEO plugin. -->","yoast_head_json":{"title":"Municipales perciben un conflicto de magnitud &#8211; FESTRAM","description":"El 17 de Noviembre anunciar\u00e1n el Plan de Lucha, reclaman la inmediata equiparaci\u00f3n de Asignaciones Familiares.","robots":{"index":"index","follow":"follow","max-snippet":"max-snippet:-1","max-image-preview":"max-image-preview:large","max-video-preview":"max-video-preview:-1"},"canonical":"https:\/\/municipales.org.ar\/festram\/municipales-perciben-un-conflicto-de-magnitud\/","og_locale":"es_ES","og_type":"article","og_title":"Municipales perciben un conflicto de magnitud &#8211; FESTRAM","og_description":"El 17 de Noviembre anunciar\u00e1n el Plan de Lucha, reclaman la inmediata equiparaci\u00f3n de Asignaciones Familiares.","og_url":"https:\/\/municipales.org.ar\/festram\/municipales-perciben-un-conflicto-de-magnitud\/","og_site_name":"FESTRAM","article_publisher":"https:\/\/www.facebook.com\/MunicipalesSF","article_published_time":"2009-11-06T00:43:40+00:00","article_modified_time":"2016-03-07T17:34:26+00:00","og_image":[{"width":544,"height":250,"url":"https:\/\/municipales.org.ar\/festram\/wp-content\/uploads\/2014\/06\/04-antonio-ratner.jpg","type":"image\/jpeg"}],"author":"mun_admin","twitter_card":"summary_large_image","twitter_creator":"@MunicipalesSF","twitter_site":"@MunicipalesSF","twitter_misc":{"Escrito por":"mun_admin","Tiempo de lectura":"1 minuto"},"schema":{"@context":"https:\/\/schema.org","@graph":[{"@type":"Article","@id":"https:\/\/municipales.org.ar\/festram\/municipales-perciben-un-conflicto-de-magnitud\/#article","isPartOf":{"@id":"https:\/\/municipales.org.ar\/festram\/municipales-perciben-un-conflicto-de-magnitud\/"},"author":{"name":"mun_admin","@id":"https:\/\/municipales.org.ar\/festram\/#\/schema\/person\/49096a774c48ce9063df4d59ec059f9e"},"headline":"Municipales perciben un conflicto de magnitud","datePublished":"2009-11-06T00:43:40+00:00","dateModified":"2016-03-07T17:34:26+00:00","mainEntityOfPage":{"@id":"https:\/\/municipales.org.ar\/festram\/municipales-perciben-un-conflicto-de-magnitud\/"},"wordCount":284,"publisher":{"@id":"https:\/\/municipales.org.ar\/festram\/#organization"},"image":{"@id":"https:\/\/municipales.org.ar\/festram\/municipales-perciben-un-conflicto-de-magnitud\/#primaryimage"},"thumbnailUrl":"https:\/\/municipales.org.ar\/festram\/wp-content\/uploads\/2014\/06\/04-antonio-ratner.jpg","keywords":["asignaciones familiares","precarizaci\u00f3n"],"articleSection":["M\u00e1s Antiguos","Salarios M\u00e1s Notas"],"inLanguage":"es"},{"@type":"WebPage","@id":"https:\/\/municipales.org.ar\/festram\/municipales-perciben-un-conflicto-de-magnitud\/","url":"https:\/\/municipales.org.ar\/festram\/municipales-perciben-un-conflicto-de-magnitud\/","name":"Municipales perciben un conflicto de magnitud &#8211; FESTRAM","isPartOf":{"@id":"https:\/\/municipales.org.ar\/festram\/#website"},"primaryImageOfPage":{"@id":"https:\/\/municipales.org.ar\/festram\/municipales-perciben-un-conflicto-de-magnitud\/#primaryimage"},"image":{"@id":"https:\/\/municipales.org.ar\/festram\/municipales-perciben-un-conflicto-de-magnitud\/#primaryimage"},"thumbnailUrl":"https:\/\/municipales.org.ar\/festram\/wp-content\/uploads\/2014\/06\/04-antonio-ratner.jpg","datePublished":"2009-11-06T00:43:40+00:00","dateModified":"2016-03-07T17:34:26+00:00","description":"El 17 de Noviembre anunciar\u00e1n el Plan de Lucha, reclaman la inmediata equiparaci\u00f3n de Asignaciones Familiares.","breadcrumb":{"@id":"https:\/\/municipales.org.ar\/festram\/municipales-perciben-un-conflicto-de-magnitud\/#breadcrumb"},"inLanguage":"es","potentialAction":[{"@type":"ReadAction","target":["https:\/\/municipales.org.ar\/festram\/municipales-perciben-un-conflicto-de-magnitud\/"]}]},{"@type":"ImageObject","inLanguage":"es","@id":"https:\/\/municipales.org.ar\/festram\/municipales-perciben-un-conflicto-de-magnitud\/#primaryimage","url":"https:\/\/municipales.org.ar\/festram\/wp-content\/uploads\/2014\/06\/04-antonio-ratner.jpg","contentUrl":"https:\/\/municipales.org.ar\/festram\/wp-content\/uploads\/2014\/06\/04-antonio-ratner.jpg","width":544,"height":250},{"@type":"BreadcrumbList","@id":"https:\/\/municipales.org.ar\/festram\/municipales-perciben-un-conflicto-de-magnitud\/#breadcrumb","itemListElement":[{"@type":"ListItem","position":1,"name":"Portada","item":"https:\/\/municipales.org.ar\/festram\/"},{"@type":"ListItem","position":2,"name":"Municipales perciben un conflicto de magnitud"}]},{"@type":"WebSite","@id":"https:\/\/municipales.org.ar\/festram\/#website","url":"https:\/\/municipales.org.ar\/festram\/","name":"FESTRAM","description":"La web de los trabajadores municipales","publisher":{"@id":"https:\/\/municipales.org.ar\/festram\/#organization"},"potentialAction":[{"@type":"SearchAction","target":{"@type":"EntryPoint","urlTemplate":"https:\/\/municipales.org.ar\/festram\/?s={search_term_string}"},"query-input":{"@type":"PropertyValueSpecification","valueRequired":true,"valueName":"search_term_string"}}],"inLanguage":"es"},{"@type":"Organization","@id":"https:\/\/municipales.org.ar\/festram\/#organization","name":"Federaci\u00f3n de Sindicatos de Trabajadores Municipales de la Provincia de Santa Fe","url":"https:\/\/municipales.org.ar\/festram\/","logo":{"@type":"ImageObject","inLanguage":"es","@id":"https:\/\/municipales.org.ar\/festram\/#\/schema\/logo\/image\/","url":"https:\/\/www.municipales.org.ar\/festram\/wp-content\/uploads\/2014\/07\/logo_fes.jpg","contentUrl":"https:\/\/www.municipales.org.ar\/festram\/wp-content\/uploads\/2014\/07\/logo_fes.jpg","width":661,"height":673,"caption":"Federaci\u00f3n de Sindicatos de Trabajadores Municipales de la Provincia de Santa Fe"},"image":{"@id":"https:\/\/municipales.org.ar\/festram\/#\/schema\/logo\/image\/"},"sameAs":["https:\/\/www.facebook.com\/MunicipalesSF","https:\/\/x.com\/MunicipalesSF","https:\/\/www.youtube.com\/user\/festram"]},{"@type":"Person","@id":"https:\/\/municipales.org.ar\/festram\/#\/schema\/person\/49096a774c48ce9063df4d59ec059f9e","name":"mun_admin"}]}},"jetpack_publicize_connections":[],"jetpack_featured_media_url":"https:\/\/municipales.org.ar\/festram\/wp-content\/uploads\/2014\/06\/04-antonio-ratner.jpg","jetpack_sharing_enabled":true,"jetpack_likes_enabled":false,"jetpack_shortlink":"https:\/\/wp.me\/p7l4x1-b7","_links":{"self":[{"href":"https:\/\/municipales.org.ar\/festram\/wp-json\/wp\/v2\/posts\/689","targetHints":{"allow":["GET"]}}],"collection":[{"href":"https:\/\/municipales.org.ar\/festram\/wp-json\/wp\/v2\/posts"}],"about":[{"href":"https:\/\/municipales.org.ar\/festram\/wp-json\/wp\/v2\/types\/post"}],"author":[{"embeddable":true,"href":"https:\/\/municipales.org.ar\/festram\/wp-json\/wp\/v2\/users\/1"}],"replies":[{"embeddable":true,"href":"https:\/\/municipales.org.ar\/festram\/wp-json\/wp\/v2\/comments?post=689"}],"version-history":[{"count":2,"href":"https:\/\/municipales.org.ar\/festram\/wp-json\/wp\/v2\/posts\/689\/revisions"}],"predecessor-version":[{"id":692,"href":"https:\/\/municipales.org.ar\/festram\/wp-json\/wp\/v2\/posts\/689\/revisions\/692"}],"wp:featuredmedia":[{"embeddable":true,"href":"https:\/\/municipales.org.ar\/festram\/wp-json\/wp\/v2\/media\/690"}],"wp:attachment":[{"href":"https:\/\/municipales.org.ar\/festram\/wp-json\/wp\/v2\/media?parent=689"}],"wp:term":[{"taxonomy":"category","embeddable":true,"href":"https:\/\/municipales.org.ar\/festram\/wp-json\/wp\/v2\/categories?post=689"},{"taxonomy":"post_tag","embeddable":true,"href":"https:\/\/municipales.org.ar\/festram\/wp-json\/wp\/v2\/tags?post=689"}],"curies":[{"name":"wp","href":"https:\/\/api.w.org\/{rel}","templated":true}]}}