{"id":696,"date":"2009-11-12T21:54:27","date_gmt":"2009-11-13T00:54:27","guid":{"rendered":"http:\/\/municipales.org.ar\/festram\/?p=696"},"modified":"2016-03-07T14:34:22","modified_gmt":"2016-03-07T17:34:22","slug":"gestionan-reunion-para-tratar-la-situacion-en-municipios","status":"publish","type":"post","link":"https:\/\/municipales.org.ar\/festram\/gestionan-reunion-para-tratar-la-situacion-en-municipios\/","title":{"rendered":"Gestionan reuni\u00f3n para tratar la situaci\u00f3n en Municipios"},"content":{"rendered":"<h5>El Gobierno Provincial reunir\u00e1 a Festram con representantes de los Intendentes.<\/h5>\n<h6>\nCOMUNICADO DE PRENSA OFICIAL<\/h6>\n<p>La Federaci\u00f3n de Sindicatos Municipales de la Provincia confirm\u00f3 que la semana pr\u00f3xima habr\u00e1 una reuni\u00f3n para analizar la dif\u00edcil situaci\u00f3n que atraviesan varias Municipalidades y Comunas.<\/p>\n<p>Mientras el gremio que agrupa a todos los trabajadores del sector se encuentra en Estado de Alerta y Movilizaci\u00f3n y tiene previsto un Plenario de Secretarios Generales para disponer medidas de fuerza, las autoridades provinciales gestionan una reuni\u00f3n con mandatarios comunales y la representaci\u00f3n sindical.<\/p>\n<p>El titular de FESTRAM, Claudio Leoni, consider\u00f3 que \u201cven\u00edamos reclamando un espacio de di\u00e1logo para atender la situaci\u00f3n de miles de compa\u00f1eros que tienen dificultades para percibir sus salarios. Sabemos que no hay soluciones m\u00e1gicas, pero queremos saber cual es el camino para salir de la crisis.\u201d<\/p>\n<p>Para Festram, son los Intendentes quienes deben asumir un rol protag\u00f3nico para saldar las diferencias existentes entre el Gobierno Provincial y el Senado, obteniendo recursos genuinos para los Estados Locales y sus trabajadores. Por ello, la entidad Sindical pretende acompa\u00f1ar pol\u00edticas de consenso para resolver la situaci\u00f3n y evitar el conflicto permanente.<\/p>\n<p>Por otra parte, FESTRAM sacar\u00e1 de contexto la discusi\u00f3n de la equiparaci\u00f3n de las Asignaciones Familiares con el resto de los trabajadores, por que considera que es un derecho inclaudicable, por considerar indigna la discriminaci\u00f3n entre hijos de los municipales con el resto de los trabajadores.<\/p>\n<h4>Villa Gobernador G\u00e1lvez.<\/h4>\n<p>El Ministro de Seguridad de la Provincia asegur\u00f3 a FESTRAM que se encuentra investigando los hechos de violencia desatados contra trabajadores municipales de esa localidad y que procura la detenci\u00f3n de los responsables. Como se recordar\u00e1, dos manifestantes del Sindicato de esa localidad fueron cobardemente baleados por desconocidos que se movilizaban en un auto a gran velocidad.<\/p>\n<pre>Felipe Baptista. Secretario de Actas y Administraci\u00f3n<\/pre>\n","protected":false},"excerpt":{"rendered":"<p>El Gobierno Provincial reunir\u00e1 a Festram con representantes de los Intendentes.<\/p>\n","protected":false},"author":1,"featured_media":697,"comment_status":"closed","ping_status":"closed","sticky":false,"template":"","format":"standard","meta":{"_jetpack_memberships_contains_paid_content":false,"footnotes":"","jetpack_publicize_message":"","jetpack_publicize_feature_enabled":true,"jetpack_social_post_already_shared":false,"jetpack_social_options":{"image_generator_settings":{"template":"highway","default_image_id":0,"font":"","enabled":false},"version":2}},"categories":[125],"tags":[73,68,67],"class_list":["post-696","post","type-post","status-publish","format-standard","has-post-thumbnail","hentry","category-mas-antiguos","tag-asignaciones-familiares","tag-economia-provincial","tag-sindicatos-afiliados"],"yoast_head":"<!-- This site is optimized with the Yoast SEO plugin v25.9 - https:\/\/yoast.com\/wordpress\/plugins\/seo\/ -->\n<title>Gestionan reuni\u00f3n para tratar la situaci\u00f3n en Municipios &#8211; FESTRAM<\/title>\n<meta name=\"description\" content=\"El Gobierno Provincial reunir\u00e1 a Festram con representantes de los Intendentes.\" \/>\n<meta name=\"robots\" content=\"index, follow, max-snippet:-1, max-image-preview:large, max-video-preview:-1\" \/>\n<link rel=\"canonical\" href=\"https:\/\/municipales.org.ar\/festram\/gestionan-reunion-para-tratar-la-situacion-en-municipios\/\" \/>\n<meta property=\"og:locale\" content=\"es_ES\" \/>\n<meta property=\"og:type\" content=\"article\" \/>\n<meta property=\"og:title\" content=\"Gestionan reuni\u00f3n para tratar la situaci\u00f3n en Municipios &#8211; FESTRAM\" \/>\n<meta property=\"og:description\" content=\"El Gobierno Provincial reunir\u00e1 a Festram con representantes de los Intendentes.\" \/>\n<meta property=\"og:url\" content=\"https:\/\/municipales.org.ar\/festram\/gestionan-reunion-para-tratar-la-situacion-en-municipios\/\" \/>\n<meta property=\"og:site_name\" content=\"FESTRAM\" \/>\n<meta property=\"article:publisher\" content=\"https:\/\/www.facebook.com\/MunicipalesSF\" \/>\n<meta property=\"article:published_time\" content=\"2009-11-13T00:54:27+00:00\" \/>\n<meta property=\"article:modified_time\" content=\"2016-03-07T17:34:22+00:00\" \/>\n<meta property=\"og:image\" content=\"https:\/\/municipales.org.ar\/festram\/wp-content\/uploads\/2014\/06\/casa-gobierno-santa-fe.jpg\" \/>\n\t<meta property=\"og:image:width\" content=\"706\" \/>\n\t<meta property=\"og:image:height\" content=\"530\" \/>\n\t<meta property=\"og:image:type\" content=\"image\/jpeg\" \/>\n<meta name=\"author\" content=\"mun_admin\" \/>\n<meta name=\"twitter:card\" content=\"summary_large_image\" \/>\n<meta name=\"twitter:creator\" content=\"@MunicipalesSF\" \/>\n<meta name=\"twitter:site\" content=\"@MunicipalesSF\" \/>\n<meta name=\"twitter:label1\" content=\"Escrito por\" \/>\n\t<meta name=\"twitter:data1\" content=\"mun_admin\" \/>\n\t<meta name=\"twitter:label2\" content=\"Tiempo de lectura\" \/>\n\t<meta name=\"twitter:data2\" content=\"2 minutos\" \/>\n<script type=\"application\/ld+json\" class=\"yoast-schema-graph\">{\"@context\":\"https:\/\/schema.org\",\"@graph\":[{\"@type\":\"Article\",\"@id\":\"https:\/\/municipales.org.ar\/festram\/gestionan-reunion-para-tratar-la-situacion-en-municipios\/#article\",\"isPartOf\":{\"@id\":\"https:\/\/municipales.org.ar\/festram\/gestionan-reunion-para-tratar-la-situacion-en-municipios\/\"},\"author\":{\"name\":\"mun_admin\",\"@id\":\"https:\/\/municipales.org.ar\/festram\/#\/schema\/person\/49096a774c48ce9063df4d59ec059f9e\"},\"headline\":\"Gestionan reuni\u00f3n para tratar la situaci\u00f3n en Municipios\",\"datePublished\":\"2009-11-13T00:54:27+00:00\",\"dateModified\":\"2016-03-07T17:34:22+00:00\",\"mainEntityOfPage\":{\"@id\":\"https:\/\/municipales.org.ar\/festram\/gestionan-reunion-para-tratar-la-situacion-en-municipios\/\"},\"wordCount\":324,\"publisher\":{\"@id\":\"https:\/\/municipales.org.ar\/festram\/#organization\"},\"image\":{\"@id\":\"https:\/\/municipales.org.ar\/festram\/gestionan-reunion-para-tratar-la-situacion-en-municipios\/#primaryimage\"},\"thumbnailUrl\":\"https:\/\/municipales.org.ar\/festram\/wp-content\/uploads\/2014\/06\/casa-gobierno-santa-fe.jpg\",\"keywords\":[\"asignaciones familiares\",\"econom\u00eda provincial\",\"sindicatos afiliados\"],\"articleSection\":[\"M\u00e1s Antiguos\"],\"inLanguage\":\"es\"},{\"@type\":\"WebPage\",\"@id\":\"https:\/\/municipales.org.ar\/festram\/gestionan-reunion-para-tratar-la-situacion-en-municipios\/\",\"url\":\"https:\/\/municipales.org.ar\/festram\/gestionan-reunion-para-tratar-la-situacion-en-municipios\/\",\"name\":\"Gestionan reuni\u00f3n para tratar la situaci\u00f3n en Municipios &#8211; FESTRAM\",\"isPartOf\":{\"@id\":\"https:\/\/municipales.org.ar\/festram\/#website\"},\"primaryImageOfPage\":{\"@id\":\"https:\/\/municipales.org.ar\/festram\/gestionan-reunion-para-tratar-la-situacion-en-municipios\/#primaryimage\"},\"image\":{\"@id\":\"https:\/\/municipales.org.ar\/festram\/gestionan-reunion-para-tratar-la-situacion-en-municipios\/#primaryimage\"},\"thumbnailUrl\":\"https:\/\/municipales.org.ar\/festram\/wp-content\/uploads\/2014\/06\/casa-gobierno-santa-fe.jpg\",\"datePublished\":\"2009-11-13T00:54:27+00:00\",\"dateModified\":\"2016-03-07T17:34:22+00:00\",\"description\":\"El Gobierno Provincial reunir\u00e1 a Festram con representantes de los Intendentes.\",\"breadcrumb\":{\"@id\":\"https:\/\/municipales.org.ar\/festram\/gestionan-reunion-para-tratar-la-situacion-en-municipios\/#breadcrumb\"},\"inLanguage\":\"es\",\"potentialAction\":[{\"@type\":\"ReadAction\",\"target\":[\"https:\/\/municipales.org.ar\/festram\/gestionan-reunion-para-tratar-la-situacion-en-municipios\/\"]}]},{\"@type\":\"ImageObject\",\"inLanguage\":\"es\",\"@id\":\"https:\/\/municipales.org.ar\/festram\/gestionan-reunion-para-tratar-la-situacion-en-municipios\/#primaryimage\",\"url\":\"https:\/\/municipales.org.ar\/festram\/wp-content\/uploads\/2014\/06\/casa-gobierno-santa-fe.jpg\",\"contentUrl\":\"https:\/\/municipales.org.ar\/festram\/wp-content\/uploads\/2014\/06\/casa-gobierno-santa-fe.jpg\",\"width\":706,\"height\":530},{\"@type\":\"BreadcrumbList\",\"@id\":\"https:\/\/municipales.org.ar\/festram\/gestionan-reunion-para-tratar-la-situacion-en-municipios\/#breadcrumb\",\"itemListElement\":[{\"@type\":\"ListItem\",\"position\":1,\"name\":\"Portada\",\"item\":\"https:\/\/municipales.org.ar\/festram\/\"},{\"@type\":\"ListItem\",\"position\":2,\"name\":\"Gestionan reuni\u00f3n para tratar la situaci\u00f3n en Municipios\"}]},{\"@type\":\"WebSite\",\"@id\":\"https:\/\/municipales.org.ar\/festram\/#website\",\"url\":\"https:\/\/municipales.org.ar\/festram\/\",\"name\":\"FESTRAM\",\"description\":\"La web de los trabajadores municipales\",\"publisher\":{\"@id\":\"https:\/\/municipales.org.ar\/festram\/#organization\"},\"potentialAction\":[{\"@type\":\"SearchAction\",\"target\":{\"@type\":\"EntryPoint\",\"urlTemplate\":\"https:\/\/municipales.org.ar\/festram\/?s={search_term_string}\"},\"query-input\":{\"@type\":\"PropertyValueSpecification\",\"valueRequired\":true,\"valueName\":\"search_term_string\"}}],\"inLanguage\":\"es\"},{\"@type\":\"Organization\",\"@id\":\"https:\/\/municipales.org.ar\/festram\/#organization\",\"name\":\"Federaci\u00f3n de Sindicatos de Trabajadores Municipales de la Provincia de Santa Fe\",\"url\":\"https:\/\/municipales.org.ar\/festram\/\",\"logo\":{\"@type\":\"ImageObject\",\"inLanguage\":\"es\",\"@id\":\"https:\/\/municipales.org.ar\/festram\/#\/schema\/logo\/image\/\",\"url\":\"https:\/\/www.municipales.org.ar\/festram\/wp-content\/uploads\/2014\/07\/logo_fes.jpg\",\"contentUrl\":\"https:\/\/www.municipales.org.ar\/festram\/wp-content\/uploads\/2014\/07\/logo_fes.jpg\",\"width\":661,\"height\":673,\"caption\":\"Federaci\u00f3n de Sindicatos de Trabajadores Municipales de la Provincia de Santa Fe\"},\"image\":{\"@id\":\"https:\/\/municipales.org.ar\/festram\/#\/schema\/logo\/image\/\"},\"sameAs\":[\"https:\/\/www.facebook.com\/MunicipalesSF\",\"https:\/\/x.com\/MunicipalesSF\",\"https:\/\/www.youtube.com\/user\/festram\"]},{\"@type\":\"Person\",\"@id\":\"https:\/\/municipales.org.ar\/festram\/#\/schema\/person\/49096a774c48ce9063df4d59ec059f9e\",\"name\":\"mun_admin\"}]}<\/script>\n<!-- \/ Yoast SEO plugin. -->","yoast_head_json":{"title":"Gestionan reuni\u00f3n para tratar la situaci\u00f3n en Municipios &#8211; FESTRAM","description":"El Gobierno Provincial reunir\u00e1 a Festram con representantes de los Intendentes.","robots":{"index":"index","follow":"follow","max-snippet":"max-snippet:-1","max-image-preview":"max-image-preview:large","max-video-preview":"max-video-preview:-1"},"canonical":"https:\/\/municipales.org.ar\/festram\/gestionan-reunion-para-tratar-la-situacion-en-municipios\/","og_locale":"es_ES","og_type":"article","og_title":"Gestionan reuni\u00f3n para tratar la situaci\u00f3n en Municipios &#8211; FESTRAM","og_description":"El Gobierno Provincial reunir\u00e1 a Festram con representantes de los Intendentes.","og_url":"https:\/\/municipales.org.ar\/festram\/gestionan-reunion-para-tratar-la-situacion-en-municipios\/","og_site_name":"FESTRAM","article_publisher":"https:\/\/www.facebook.com\/MunicipalesSF","article_published_time":"2009-11-13T00:54:27+00:00","article_modified_time":"2016-03-07T17:34:22+00:00","og_image":[{"width":706,"height":530,"url":"https:\/\/municipales.org.ar\/festram\/wp-content\/uploads\/2014\/06\/casa-gobierno-santa-fe.jpg","type":"image\/jpeg"}],"author":"mun_admin","twitter_card":"summary_large_image","twitter_creator":"@MunicipalesSF","twitter_site":"@MunicipalesSF","twitter_misc":{"Escrito por":"mun_admin","Tiempo de lectura":"2 minutos"},"schema":{"@context":"https:\/\/schema.org","@graph":[{"@type":"Article","@id":"https:\/\/municipales.org.ar\/festram\/gestionan-reunion-para-tratar-la-situacion-en-municipios\/#article","isPartOf":{"@id":"https:\/\/municipales.org.ar\/festram\/gestionan-reunion-para-tratar-la-situacion-en-municipios\/"},"author":{"name":"mun_admin","@id":"https:\/\/municipales.org.ar\/festram\/#\/schema\/person\/49096a774c48ce9063df4d59ec059f9e"},"headline":"Gestionan reuni\u00f3n para tratar la situaci\u00f3n en Municipios","datePublished":"2009-11-13T00:54:27+00:00","dateModified":"2016-03-07T17:34:22+00:00","mainEntityOfPage":{"@id":"https:\/\/municipales.org.ar\/festram\/gestionan-reunion-para-tratar-la-situacion-en-municipios\/"},"wordCount":324,"publisher":{"@id":"https:\/\/municipales.org.ar\/festram\/#organization"},"image":{"@id":"https:\/\/municipales.org.ar\/festram\/gestionan-reunion-para-tratar-la-situacion-en-municipios\/#primaryimage"},"thumbnailUrl":"https:\/\/municipales.org.ar\/festram\/wp-content\/uploads\/2014\/06\/casa-gobierno-santa-fe.jpg","keywords":["asignaciones familiares","econom\u00eda provincial","sindicatos afiliados"],"articleSection":["M\u00e1s Antiguos"],"inLanguage":"es"},{"@type":"WebPage","@id":"https:\/\/municipales.org.ar\/festram\/gestionan-reunion-para-tratar-la-situacion-en-municipios\/","url":"https:\/\/municipales.org.ar\/festram\/gestionan-reunion-para-tratar-la-situacion-en-municipios\/","name":"Gestionan reuni\u00f3n para tratar la situaci\u00f3n en Municipios &#8211; FESTRAM","isPartOf":{"@id":"https:\/\/municipales.org.ar\/festram\/#website"},"primaryImageOfPage":{"@id":"https:\/\/municipales.org.ar\/festram\/gestionan-reunion-para-tratar-la-situacion-en-municipios\/#primaryimage"},"image":{"@id":"https:\/\/municipales.org.ar\/festram\/gestionan-reunion-para-tratar-la-situacion-en-municipios\/#primaryimage"},"thumbnailUrl":"https:\/\/municipales.org.ar\/festram\/wp-content\/uploads\/2014\/06\/casa-gobierno-santa-fe.jpg","datePublished":"2009-11-13T00:54:27+00:00","dateModified":"2016-03-07T17:34:22+00:00","description":"El Gobierno Provincial reunir\u00e1 a Festram con representantes de los Intendentes.","breadcrumb":{"@id":"https:\/\/municipales.org.ar\/festram\/gestionan-reunion-para-tratar-la-situacion-en-municipios\/#breadcrumb"},"inLanguage":"es","potentialAction":[{"@type":"ReadAction","target":["https:\/\/municipales.org.ar\/festram\/gestionan-reunion-para-tratar-la-situacion-en-municipios\/"]}]},{"@type":"ImageObject","inLanguage":"es","@id":"https:\/\/municipales.org.ar\/festram\/gestionan-reunion-para-tratar-la-situacion-en-municipios\/#primaryimage","url":"https:\/\/municipales.org.ar\/festram\/wp-content\/uploads\/2014\/06\/casa-gobierno-santa-fe.jpg","contentUrl":"https:\/\/municipales.org.ar\/festram\/wp-content\/uploads\/2014\/06\/casa-gobierno-santa-fe.jpg","width":706,"height":530},{"@type":"BreadcrumbList","@id":"https:\/\/municipales.org.ar\/festram\/gestionan-reunion-para-tratar-la-situacion-en-municipios\/#breadcrumb","itemListElement":[{"@type":"ListItem","position":1,"name":"Portada","item":"https:\/\/municipales.org.ar\/festram\/"},{"@type":"ListItem","position":2,"name":"Gestionan reuni\u00f3n para tratar la situaci\u00f3n en Municipios"}]},{"@type":"WebSite","@id":"https:\/\/municipales.org.ar\/festram\/#website","url":"https:\/\/municipales.org.ar\/festram\/","name":"FESTRAM","description":"La web de los trabajadores municipales","publisher":{"@id":"https:\/\/municipales.org.ar\/festram\/#organization"},"potentialAction":[{"@type":"SearchAction","target":{"@type":"EntryPoint","urlTemplate":"https:\/\/municipales.org.ar\/festram\/?s={search_term_string}"},"query-input":{"@type":"PropertyValueSpecification","valueRequired":true,"valueName":"search_term_string"}}],"inLanguage":"es"},{"@type":"Organization","@id":"https:\/\/municipales.org.ar\/festram\/#organization","name":"Federaci\u00f3n de Sindicatos de Trabajadores Municipales de la Provincia de Santa Fe","url":"https:\/\/municipales.org.ar\/festram\/","logo":{"@type":"ImageObject","inLanguage":"es","@id":"https:\/\/municipales.org.ar\/festram\/#\/schema\/logo\/image\/","url":"https:\/\/www.municipales.org.ar\/festram\/wp-content\/uploads\/2014\/07\/logo_fes.jpg","contentUrl":"https:\/\/www.municipales.org.ar\/festram\/wp-content\/uploads\/2014\/07\/logo_fes.jpg","width":661,"height":673,"caption":"Federaci\u00f3n de Sindicatos de Trabajadores Municipales de la Provincia de Santa Fe"},"image":{"@id":"https:\/\/municipales.org.ar\/festram\/#\/schema\/logo\/image\/"},"sameAs":["https:\/\/www.facebook.com\/MunicipalesSF","https:\/\/x.com\/MunicipalesSF","https:\/\/www.youtube.com\/user\/festram"]},{"@type":"Person","@id":"https:\/\/municipales.org.ar\/festram\/#\/schema\/person\/49096a774c48ce9063df4d59ec059f9e","name":"mun_admin"}]}},"jetpack_publicize_connections":[],"jetpack_featured_media_url":"https:\/\/municipales.org.ar\/festram\/wp-content\/uploads\/2014\/06\/casa-gobierno-santa-fe.jpg","jetpack_sharing_enabled":true,"jetpack_likes_enabled":false,"jetpack_shortlink":"https:\/\/wp.me\/p7l4x1-be","_links":{"self":[{"href":"https:\/\/municipales.org.ar\/festram\/wp-json\/wp\/v2\/posts\/696","targetHints":{"allow":["GET"]}}],"collection":[{"href":"https:\/\/municipales.org.ar\/festram\/wp-json\/wp\/v2\/posts"}],"about":[{"href":"https:\/\/municipales.org.ar\/festram\/wp-json\/wp\/v2\/types\/post"}],"author":[{"embeddable":true,"href":"https:\/\/municipales.org.ar\/festram\/wp-json\/wp\/v2\/users\/1"}],"replies":[{"embeddable":true,"href":"https:\/\/municipales.org.ar\/festram\/wp-json\/wp\/v2\/comments?post=696"}],"version-history":[{"count":2,"href":"https:\/\/municipales.org.ar\/festram\/wp-json\/wp\/v2\/posts\/696\/revisions"}],"predecessor-version":[{"id":699,"href":"https:\/\/municipales.org.ar\/festram\/wp-json\/wp\/v2\/posts\/696\/revisions\/699"}],"wp:featuredmedia":[{"embeddable":true,"href":"https:\/\/municipales.org.ar\/festram\/wp-json\/wp\/v2\/media\/697"}],"wp:attachment":[{"href":"https:\/\/municipales.org.ar\/festram\/wp-json\/wp\/v2\/media?parent=696"}],"wp:term":[{"taxonomy":"category","embeddable":true,"href":"https:\/\/municipales.org.ar\/festram\/wp-json\/wp\/v2\/categories?post=696"},{"taxonomy":"post_tag","embeddable":true,"href":"https:\/\/municipales.org.ar\/festram\/wp-json\/wp\/v2\/tags?post=696"}],"curies":[{"name":"wp","href":"https:\/\/api.w.org\/{rel}","templated":true}]}}