{"id":712,"date":"2009-12-02T22:40:51","date_gmt":"2009-12-03T01:40:51","guid":{"rendered":"http:\/\/municipales.org.ar\/festram\/?p=712"},"modified":"2016-03-07T14:34:16","modified_gmt":"2016-03-07T17:34:16","slug":"movilizacion-de-municipales-de-la-region-noroeste-a-hersilia","status":"publish","type":"post","link":"https:\/\/municipales.org.ar\/festram\/movilizacion-de-municipales-de-la-region-noroeste-a-hersilia\/","title":{"rendered":"Movilizaci\u00f3n de municipales de la regi\u00f3n Noroeste a Hersilia"},"content":{"rendered":"<h5>Concentrar\u00e1n frente a la Comuna en repudio a la medida unilateral, arbitraria, ilegal y anticonstitucional de reducir los salarios municipales<\/h5>\n<h6>COMUNICADO DE PRENSA OFICIAL<\/h6>\n<p>Ma\u00f1ana jueves 3 de diciembre, municipales de toda la regi\u00f3n noroeste movilizar\u00e1n durante la ma\u00f1ana y concentrar\u00e1n frente la Comuna de Hersilia en repudio a la medida unilateral, arbitraria, ilegal y anticonstitucional promulgada por el presidente de la misma que produjo una \u201crebaja salarial\u201d de sus trabajadores<\/p>\n<p>hersiliaDirigentes gremiales de Festram y otras regionales se sumar\u00e1n a la marcha solidariz\u00e1ndose con dicho reclamo y a los efectos de lograr la derogaci\u00f3n de la ordenanza que provoc\u00f3 una distorsi\u00f3n en los haberes que se ven\u00edan percibiendo, y que provocaron un marcado perjuicio en los aportes a los entes previsionales y de obra social.<\/p>\n<p>La misma se realizar\u00e1 conforme a los derechos constitucionales de los trabajadores conferidos por las normativas vigentes, pese a las amenazas p\u00fablicas de las autoridades comunales de impedir su realizaci\u00f3n con la utilizaci\u00f3n de las fuerzas policiales, hecho que ya fuera denunciado al Ministerio de Seguridad de la provincia.<\/p>\n<pre>Felipe Baptista. Secretario de Actas y Administraci\u00f3n<\/pre>\n","protected":false},"excerpt":{"rendered":"<p>Concentrar\u00e1n frente a la Comuna en repudio a la medida unilateral, arbitraria, ilegal y anticonstitucional de reducir los salarios municipales<\/p>\n","protected":false},"author":1,"featured_media":713,"comment_status":"closed","ping_status":"closed","sticky":false,"template":"","format":"standard","meta":{"_jetpack_memberships_contains_paid_content":false,"footnotes":"","jetpack_publicize_message":"","jetpack_publicize_feature_enabled":true,"jetpack_social_post_already_shared":false,"jetpack_social_options":{"image_generator_settings":{"template":"highway","default_image_id":0,"font":"","enabled":false},"version":2}},"categories":[125,57],"tags":[67],"class_list":["post-712","post","type-post","status-publish","format-standard","has-post-thumbnail","hentry","category-mas-antiguos","category-sindicatos-noticias","tag-sindicatos-afiliados"],"yoast_head":"<!-- This site is optimized with the Yoast SEO plugin v25.9 - https:\/\/yoast.com\/wordpress\/plugins\/seo\/ -->\n<title>Movilizaci\u00f3n de municipales de la regi\u00f3n Noroeste a Hersilia &#8211; FESTRAM<\/title>\n<meta name=\"description\" content=\"Concentrar\u00e1n frente a la Comuna en repudio a la medida unilateral, arbitraria, ilegal y anticonstitucional de reducir los salarios municipales\" \/>\n<meta name=\"robots\" content=\"index, follow, max-snippet:-1, max-image-preview:large, max-video-preview:-1\" \/>\n<link rel=\"canonical\" href=\"https:\/\/municipales.org.ar\/festram\/movilizacion-de-municipales-de-la-region-noroeste-a-hersilia\/\" \/>\n<meta property=\"og:locale\" content=\"es_ES\" \/>\n<meta property=\"og:type\" content=\"article\" \/>\n<meta property=\"og:title\" content=\"Movilizaci\u00f3n de municipales de la regi\u00f3n Noroeste a Hersilia &#8211; FESTRAM\" \/>\n<meta property=\"og:description\" content=\"Concentrar\u00e1n frente a la Comuna en repudio a la medida unilateral, arbitraria, ilegal y anticonstitucional de reducir los salarios municipales\" \/>\n<meta property=\"og:url\" content=\"https:\/\/municipales.org.ar\/festram\/movilizacion-de-municipales-de-la-region-noroeste-a-hersilia\/\" \/>\n<meta property=\"og:site_name\" content=\"FESTRAM\" \/>\n<meta property=\"article:publisher\" content=\"https:\/\/www.facebook.com\/MunicipalesSF\" \/>\n<meta property=\"article:published_time\" content=\"2009-12-03T01:40:51+00:00\" \/>\n<meta property=\"article:modified_time\" content=\"2016-03-07T17:34:16+00:00\" \/>\n<meta property=\"og:image\" content=\"https:\/\/municipales.org.ar\/festram\/wp-content\/uploads\/2014\/06\/hersilia.jpeg\" \/>\n\t<meta property=\"og:image:width\" content=\"477\" \/>\n\t<meta property=\"og:image:height\" content=\"350\" \/>\n\t<meta property=\"og:image:type\" content=\"image\/jpeg\" \/>\n<meta name=\"author\" content=\"mun_admin\" \/>\n<meta name=\"twitter:card\" content=\"summary_large_image\" \/>\n<meta name=\"twitter:creator\" content=\"@MunicipalesSF\" \/>\n<meta name=\"twitter:site\" content=\"@MunicipalesSF\" \/>\n<meta name=\"twitter:label1\" content=\"Escrito por\" \/>\n\t<meta name=\"twitter:data1\" content=\"mun_admin\" \/>\n\t<meta name=\"twitter:label2\" content=\"Tiempo de lectura\" \/>\n\t<meta name=\"twitter:data2\" content=\"1 minuto\" \/>\n<script type=\"application\/ld+json\" class=\"yoast-schema-graph\">{\"@context\":\"https:\/\/schema.org\",\"@graph\":[{\"@type\":\"Article\",\"@id\":\"https:\/\/municipales.org.ar\/festram\/movilizacion-de-municipales-de-la-region-noroeste-a-hersilia\/#article\",\"isPartOf\":{\"@id\":\"https:\/\/municipales.org.ar\/festram\/movilizacion-de-municipales-de-la-region-noroeste-a-hersilia\/\"},\"author\":{\"name\":\"mun_admin\",\"@id\":\"https:\/\/municipales.org.ar\/festram\/#\/schema\/person\/49096a774c48ce9063df4d59ec059f9e\"},\"headline\":\"Movilizaci\u00f3n de municipales de la regi\u00f3n Noroeste a Hersilia\",\"datePublished\":\"2009-12-03T01:40:51+00:00\",\"dateModified\":\"2016-03-07T17:34:16+00:00\",\"mainEntityOfPage\":{\"@id\":\"https:\/\/municipales.org.ar\/festram\/movilizacion-de-municipales-de-la-region-noroeste-a-hersilia\/\"},\"wordCount\":199,\"publisher\":{\"@id\":\"https:\/\/municipales.org.ar\/festram\/#organization\"},\"image\":{\"@id\":\"https:\/\/municipales.org.ar\/festram\/movilizacion-de-municipales-de-la-region-noroeste-a-hersilia\/#primaryimage\"},\"thumbnailUrl\":\"https:\/\/municipales.org.ar\/festram\/wp-content\/uploads\/2014\/06\/hersilia.jpeg\",\"keywords\":[\"sindicatos afiliados\"],\"articleSection\":[\"M\u00e1s Antiguos\",\"Sindicatos Noticias\"],\"inLanguage\":\"es\"},{\"@type\":\"WebPage\",\"@id\":\"https:\/\/municipales.org.ar\/festram\/movilizacion-de-municipales-de-la-region-noroeste-a-hersilia\/\",\"url\":\"https:\/\/municipales.org.ar\/festram\/movilizacion-de-municipales-de-la-region-noroeste-a-hersilia\/\",\"name\":\"Movilizaci\u00f3n de municipales de la regi\u00f3n Noroeste a Hersilia &#8211; FESTRAM\",\"isPartOf\":{\"@id\":\"https:\/\/municipales.org.ar\/festram\/#website\"},\"primaryImageOfPage\":{\"@id\":\"https:\/\/municipales.org.ar\/festram\/movilizacion-de-municipales-de-la-region-noroeste-a-hersilia\/#primaryimage\"},\"image\":{\"@id\":\"https:\/\/municipales.org.ar\/festram\/movilizacion-de-municipales-de-la-region-noroeste-a-hersilia\/#primaryimage\"},\"thumbnailUrl\":\"https:\/\/municipales.org.ar\/festram\/wp-content\/uploads\/2014\/06\/hersilia.jpeg\",\"datePublished\":\"2009-12-03T01:40:51+00:00\",\"dateModified\":\"2016-03-07T17:34:16+00:00\",\"description\":\"Concentrar\u00e1n frente a la Comuna en repudio a la medida unilateral, arbitraria, ilegal y anticonstitucional de reducir los salarios municipales\",\"breadcrumb\":{\"@id\":\"https:\/\/municipales.org.ar\/festram\/movilizacion-de-municipales-de-la-region-noroeste-a-hersilia\/#breadcrumb\"},\"inLanguage\":\"es\",\"potentialAction\":[{\"@type\":\"ReadAction\",\"target\":[\"https:\/\/municipales.org.ar\/festram\/movilizacion-de-municipales-de-la-region-noroeste-a-hersilia\/\"]}]},{\"@type\":\"ImageObject\",\"inLanguage\":\"es\",\"@id\":\"https:\/\/municipales.org.ar\/festram\/movilizacion-de-municipales-de-la-region-noroeste-a-hersilia\/#primaryimage\",\"url\":\"https:\/\/municipales.org.ar\/festram\/wp-content\/uploads\/2014\/06\/hersilia.jpeg\",\"contentUrl\":\"https:\/\/municipales.org.ar\/festram\/wp-content\/uploads\/2014\/06\/hersilia.jpeg\",\"width\":477,\"height\":350},{\"@type\":\"BreadcrumbList\",\"@id\":\"https:\/\/municipales.org.ar\/festram\/movilizacion-de-municipales-de-la-region-noroeste-a-hersilia\/#breadcrumb\",\"itemListElement\":[{\"@type\":\"ListItem\",\"position\":1,\"name\":\"Portada\",\"item\":\"https:\/\/municipales.org.ar\/festram\/\"},{\"@type\":\"ListItem\",\"position\":2,\"name\":\"Movilizaci\u00f3n de municipales de la regi\u00f3n Noroeste a Hersilia\"}]},{\"@type\":\"WebSite\",\"@id\":\"https:\/\/municipales.org.ar\/festram\/#website\",\"url\":\"https:\/\/municipales.org.ar\/festram\/\",\"name\":\"FESTRAM\",\"description\":\"La web de los trabajadores municipales\",\"publisher\":{\"@id\":\"https:\/\/municipales.org.ar\/festram\/#organization\"},\"potentialAction\":[{\"@type\":\"SearchAction\",\"target\":{\"@type\":\"EntryPoint\",\"urlTemplate\":\"https:\/\/municipales.org.ar\/festram\/?s={search_term_string}\"},\"query-input\":{\"@type\":\"PropertyValueSpecification\",\"valueRequired\":true,\"valueName\":\"search_term_string\"}}],\"inLanguage\":\"es\"},{\"@type\":\"Organization\",\"@id\":\"https:\/\/municipales.org.ar\/festram\/#organization\",\"name\":\"Federaci\u00f3n de Sindicatos de Trabajadores Municipales de la Provincia de Santa Fe\",\"url\":\"https:\/\/municipales.org.ar\/festram\/\",\"logo\":{\"@type\":\"ImageObject\",\"inLanguage\":\"es\",\"@id\":\"https:\/\/municipales.org.ar\/festram\/#\/schema\/logo\/image\/\",\"url\":\"https:\/\/www.municipales.org.ar\/festram\/wp-content\/uploads\/2014\/07\/logo_fes.jpg\",\"contentUrl\":\"https:\/\/www.municipales.org.ar\/festram\/wp-content\/uploads\/2014\/07\/logo_fes.jpg\",\"width\":661,\"height\":673,\"caption\":\"Federaci\u00f3n de Sindicatos de Trabajadores Municipales de la Provincia de Santa Fe\"},\"image\":{\"@id\":\"https:\/\/municipales.org.ar\/festram\/#\/schema\/logo\/image\/\"},\"sameAs\":[\"https:\/\/www.facebook.com\/MunicipalesSF\",\"https:\/\/x.com\/MunicipalesSF\",\"https:\/\/www.youtube.com\/user\/festram\"]},{\"@type\":\"Person\",\"@id\":\"https:\/\/municipales.org.ar\/festram\/#\/schema\/person\/49096a774c48ce9063df4d59ec059f9e\",\"name\":\"mun_admin\"}]}<\/script>\n<!-- \/ Yoast SEO plugin. -->","yoast_head_json":{"title":"Movilizaci\u00f3n de municipales de la regi\u00f3n Noroeste a Hersilia &#8211; FESTRAM","description":"Concentrar\u00e1n frente a la Comuna en repudio a la medida unilateral, arbitraria, ilegal y anticonstitucional de reducir los salarios municipales","robots":{"index":"index","follow":"follow","max-snippet":"max-snippet:-1","max-image-preview":"max-image-preview:large","max-video-preview":"max-video-preview:-1"},"canonical":"https:\/\/municipales.org.ar\/festram\/movilizacion-de-municipales-de-la-region-noroeste-a-hersilia\/","og_locale":"es_ES","og_type":"article","og_title":"Movilizaci\u00f3n de municipales de la regi\u00f3n Noroeste a Hersilia &#8211; FESTRAM","og_description":"Concentrar\u00e1n frente a la Comuna en repudio a la medida unilateral, arbitraria, ilegal y anticonstitucional de reducir los salarios municipales","og_url":"https:\/\/municipales.org.ar\/festram\/movilizacion-de-municipales-de-la-region-noroeste-a-hersilia\/","og_site_name":"FESTRAM","article_publisher":"https:\/\/www.facebook.com\/MunicipalesSF","article_published_time":"2009-12-03T01:40:51+00:00","article_modified_time":"2016-03-07T17:34:16+00:00","og_image":[{"width":477,"height":350,"url":"https:\/\/municipales.org.ar\/festram\/wp-content\/uploads\/2014\/06\/hersilia.jpeg","type":"image\/jpeg"}],"author":"mun_admin","twitter_card":"summary_large_image","twitter_creator":"@MunicipalesSF","twitter_site":"@MunicipalesSF","twitter_misc":{"Escrito por":"mun_admin","Tiempo de lectura":"1 minuto"},"schema":{"@context":"https:\/\/schema.org","@graph":[{"@type":"Article","@id":"https:\/\/municipales.org.ar\/festram\/movilizacion-de-municipales-de-la-region-noroeste-a-hersilia\/#article","isPartOf":{"@id":"https:\/\/municipales.org.ar\/festram\/movilizacion-de-municipales-de-la-region-noroeste-a-hersilia\/"},"author":{"name":"mun_admin","@id":"https:\/\/municipales.org.ar\/festram\/#\/schema\/person\/49096a774c48ce9063df4d59ec059f9e"},"headline":"Movilizaci\u00f3n de municipales de la regi\u00f3n Noroeste a Hersilia","datePublished":"2009-12-03T01:40:51+00:00","dateModified":"2016-03-07T17:34:16+00:00","mainEntityOfPage":{"@id":"https:\/\/municipales.org.ar\/festram\/movilizacion-de-municipales-de-la-region-noroeste-a-hersilia\/"},"wordCount":199,"publisher":{"@id":"https:\/\/municipales.org.ar\/festram\/#organization"},"image":{"@id":"https:\/\/municipales.org.ar\/festram\/movilizacion-de-municipales-de-la-region-noroeste-a-hersilia\/#primaryimage"},"thumbnailUrl":"https:\/\/municipales.org.ar\/festram\/wp-content\/uploads\/2014\/06\/hersilia.jpeg","keywords":["sindicatos afiliados"],"articleSection":["M\u00e1s Antiguos","Sindicatos Noticias"],"inLanguage":"es"},{"@type":"WebPage","@id":"https:\/\/municipales.org.ar\/festram\/movilizacion-de-municipales-de-la-region-noroeste-a-hersilia\/","url":"https:\/\/municipales.org.ar\/festram\/movilizacion-de-municipales-de-la-region-noroeste-a-hersilia\/","name":"Movilizaci\u00f3n de municipales de la regi\u00f3n Noroeste a Hersilia &#8211; FESTRAM","isPartOf":{"@id":"https:\/\/municipales.org.ar\/festram\/#website"},"primaryImageOfPage":{"@id":"https:\/\/municipales.org.ar\/festram\/movilizacion-de-municipales-de-la-region-noroeste-a-hersilia\/#primaryimage"},"image":{"@id":"https:\/\/municipales.org.ar\/festram\/movilizacion-de-municipales-de-la-region-noroeste-a-hersilia\/#primaryimage"},"thumbnailUrl":"https:\/\/municipales.org.ar\/festram\/wp-content\/uploads\/2014\/06\/hersilia.jpeg","datePublished":"2009-12-03T01:40:51+00:00","dateModified":"2016-03-07T17:34:16+00:00","description":"Concentrar\u00e1n frente a la Comuna en repudio a la medida unilateral, arbitraria, ilegal y anticonstitucional de reducir los salarios municipales","breadcrumb":{"@id":"https:\/\/municipales.org.ar\/festram\/movilizacion-de-municipales-de-la-region-noroeste-a-hersilia\/#breadcrumb"},"inLanguage":"es","potentialAction":[{"@type":"ReadAction","target":["https:\/\/municipales.org.ar\/festram\/movilizacion-de-municipales-de-la-region-noroeste-a-hersilia\/"]}]},{"@type":"ImageObject","inLanguage":"es","@id":"https:\/\/municipales.org.ar\/festram\/movilizacion-de-municipales-de-la-region-noroeste-a-hersilia\/#primaryimage","url":"https:\/\/municipales.org.ar\/festram\/wp-content\/uploads\/2014\/06\/hersilia.jpeg","contentUrl":"https:\/\/municipales.org.ar\/festram\/wp-content\/uploads\/2014\/06\/hersilia.jpeg","width":477,"height":350},{"@type":"BreadcrumbList","@id":"https:\/\/municipales.org.ar\/festram\/movilizacion-de-municipales-de-la-region-noroeste-a-hersilia\/#breadcrumb","itemListElement":[{"@type":"ListItem","position":1,"name":"Portada","item":"https:\/\/municipales.org.ar\/festram\/"},{"@type":"ListItem","position":2,"name":"Movilizaci\u00f3n de municipales de la regi\u00f3n Noroeste a Hersilia"}]},{"@type":"WebSite","@id":"https:\/\/municipales.org.ar\/festram\/#website","url":"https:\/\/municipales.org.ar\/festram\/","name":"FESTRAM","description":"La web de los trabajadores municipales","publisher":{"@id":"https:\/\/municipales.org.ar\/festram\/#organization"},"potentialAction":[{"@type":"SearchAction","target":{"@type":"EntryPoint","urlTemplate":"https:\/\/municipales.org.ar\/festram\/?s={search_term_string}"},"query-input":{"@type":"PropertyValueSpecification","valueRequired":true,"valueName":"search_term_string"}}],"inLanguage":"es"},{"@type":"Organization","@id":"https:\/\/municipales.org.ar\/festram\/#organization","name":"Federaci\u00f3n de Sindicatos de Trabajadores Municipales de la Provincia de Santa Fe","url":"https:\/\/municipales.org.ar\/festram\/","logo":{"@type":"ImageObject","inLanguage":"es","@id":"https:\/\/municipales.org.ar\/festram\/#\/schema\/logo\/image\/","url":"https:\/\/www.municipales.org.ar\/festram\/wp-content\/uploads\/2014\/07\/logo_fes.jpg","contentUrl":"https:\/\/www.municipales.org.ar\/festram\/wp-content\/uploads\/2014\/07\/logo_fes.jpg","width":661,"height":673,"caption":"Federaci\u00f3n de Sindicatos de Trabajadores Municipales de la Provincia de Santa Fe"},"image":{"@id":"https:\/\/municipales.org.ar\/festram\/#\/schema\/logo\/image\/"},"sameAs":["https:\/\/www.facebook.com\/MunicipalesSF","https:\/\/x.com\/MunicipalesSF","https:\/\/www.youtube.com\/user\/festram"]},{"@type":"Person","@id":"https:\/\/municipales.org.ar\/festram\/#\/schema\/person\/49096a774c48ce9063df4d59ec059f9e","name":"mun_admin"}]}},"jetpack_publicize_connections":[],"jetpack_featured_media_url":"https:\/\/municipales.org.ar\/festram\/wp-content\/uploads\/2014\/06\/hersilia.jpeg","jetpack_sharing_enabled":true,"jetpack_likes_enabled":false,"jetpack_shortlink":"https:\/\/wp.me\/p7l4x1-bu","_links":{"self":[{"href":"https:\/\/municipales.org.ar\/festram\/wp-json\/wp\/v2\/posts\/712","targetHints":{"allow":["GET"]}}],"collection":[{"href":"https:\/\/municipales.org.ar\/festram\/wp-json\/wp\/v2\/posts"}],"about":[{"href":"https:\/\/municipales.org.ar\/festram\/wp-json\/wp\/v2\/types\/post"}],"author":[{"embeddable":true,"href":"https:\/\/municipales.org.ar\/festram\/wp-json\/wp\/v2\/users\/1"}],"replies":[{"embeddable":true,"href":"https:\/\/municipales.org.ar\/festram\/wp-json\/wp\/v2\/comments?post=712"}],"version-history":[{"count":2,"href":"https:\/\/municipales.org.ar\/festram\/wp-json\/wp\/v2\/posts\/712\/revisions"}],"predecessor-version":[{"id":715,"href":"https:\/\/municipales.org.ar\/festram\/wp-json\/wp\/v2\/posts\/712\/revisions\/715"}],"wp:featuredmedia":[{"embeddable":true,"href":"https:\/\/municipales.org.ar\/festram\/wp-json\/wp\/v2\/media\/713"}],"wp:attachment":[{"href":"https:\/\/municipales.org.ar\/festram\/wp-json\/wp\/v2\/media?parent=712"}],"wp:term":[{"taxonomy":"category","embeddable":true,"href":"https:\/\/municipales.org.ar\/festram\/wp-json\/wp\/v2\/categories?post=712"},{"taxonomy":"post_tag","embeddable":true,"href":"https:\/\/municipales.org.ar\/festram\/wp-json\/wp\/v2\/tags?post=712"}],"curies":[{"name":"wp","href":"https:\/\/api.w.org\/{rel}","templated":true}]}}