{"id":719,"date":"2009-12-15T22:52:57","date_gmt":"2009-12-16T01:52:57","guid":{"rendered":"http:\/\/municipales.org.ar\/festram\/?p=719"},"modified":"2016-03-07T14:34:12","modified_gmt":"2016-03-07T17:34:12","slug":"tenemos-9000-trabajadores-que-estan-bajo-el-sistema-de-fraude-laboral","status":"publish","type":"post","link":"https:\/\/municipales.org.ar\/festram\/tenemos-9000-trabajadores-que-estan-bajo-el-sistema-de-fraude-laboral\/","title":{"rendered":"\u201cTenemos 9000 trabajadores que est\u00e1n bajo el sistema de fraude laboral\u201d"},"content":{"rendered":"<h5>El titular de FESTRAM explic\u00f3 por LT10 los motivos del paro de 24 horas que dispuso el gremio para la jornada de hoy. Adem\u00e1s, Leoni opin\u00f3 sobre la reforma tributaria y manifest\u00f3 que \u201cNo puede ser que los sectores m\u00e1s din\u00e1micos de la econom\u00eda no paguen los impuestos correspondientes\u201d.<\/h5>\n<p>&nbsp;<\/p>\n<p><a id=\"mbmaplayer_1403575096314\" class=\"mb_map {skin:'blue', animate:false, width:'200', volume:0.2, autoplay:false, loop:false, showVolumeLevel:true, showTime:true, showRew:true, downloadable:true, downloadablesecurity:false, id3: false}\" href=\"http:\/\/municipales.org.ar\/festram\/wp-content\/uploads\/2014\/06\/104.mp3\"><\/a><br \/>\n<span style=\"color: rgb(0, 51, 102);\"><strong><span style=\"color: #3366ff;\">Claudio Leoni en \u00abEl Cuarto Poder\u00bb por LT10<\/span><br \/>\n<\/strong><\/span><\/p>\n<p>&nbsp;<\/p>\n<p>En di\u00e1logo con LT10, Claudio Leoni, titular de FESTRAM, expres\u00f3 que \u201cesta medida de fuerza tiene car\u00e1cter preventivo y reivindicativo. Las demandas que estamos planteando no se satisfacen por la falta de recursos existentes para cumplir con el reclamo de los trabajadores. Nosotros venimos pidiendo que se paguen las asignaciones familiares tal como lo ha dispuesto el gobierno nacional, que deber\u00eda ser 180 pesos por hijos mientras nosotros recibimos solo 80 pesos por hijo\u201d.<\/p>\n<p>Adem\u00e1s, el titular de FESTRAM sostuvo que <strong>\u201chay una situaci\u00f3n socio laboral muy compleja en la provincia, a trav\u00e9s de municipios y comunas. Me refiero a la situaci\u00f3n de 9000 trabajadores que est\u00e1n bajo el sistema de fraude laboral, con designaciones de pasant\u00edas, monotributos y planes de empleos locales. Este n\u00famero equivale a un tercio de los empleados municipales de toda la provincia. Nosotros le hemos pedido a los intendentes y al Estado provincial que resuelvan como pol\u00edtica de estado este problema\u201d.<\/strong><\/p>\n<p>Consultado sobre la mirada de FESTRAM ante reforma tributaria, Claudio Leoni reiter\u00f3 que \u201chace un a\u00f1o y medio nosotros le elevamos una propuesta al gobierno para modificar el esquema tributario santafesino porque ven\u00edamos venir la situaci\u00f3n que est\u00e1n padeciendo los municipios y comunas. No puede ser que los sectores m\u00e1s din\u00e1micos de la econom\u00eda no paguen los impuestos correspondientes\u201d.<\/p>\n<p>Sobre la coparticipaci\u00f3n nacional, el titular de FESTRAM opin\u00f3 que \u201cel federalismo bien entendido debe comenzar desde la provincia. Y a nivel nacional, la decisi\u00f3n de modificar la coparticipaci\u00f3n nacional est\u00e1 en manos de los gobernadores que aceptaron en su momento los pactos fiscales de la d\u00e9cada del 90\u2033.<\/p>\n<p>&nbsp;<\/p>\n<pre>Fuente: LT10 Digital<\/pre>\n<hr \/>\n<p>&nbsp;<\/p>\n<h4>Localidades afectadas<\/h4>\n<p><strong>La Festram, confirma que el Plan de Lucha se lleva adelante con paros por tiempo indeterminado en aquellas Municipalidades y Comunas que no han abonado los haberes del mes de noviembre. Situaci\u00f3n que a la fecha alcanza a las Municipalidades de Reconquista, Villa Ocampo, G\u00e1lvez, Arroyo Seco, Carcara\u00f1\u00e1 y Capit\u00e1n Berm\u00fadez; como en las Comunas de El Ortondo, Timb\u00faes, Fighiera, Alvear, Nelson, Villa Mugueta, Arruf\u00f3, Villa Saralegui, Constanza, La Brava, Villa Guillermina, El Rab\u00f3n, entre otras.<\/strong><\/p>\n<p><strong>Esta problem\u00e1tica no es reciente ya que en los \u00faltimos meses, las dificultades para afrontar el pago de salarios alcanz\u00f3 tambi\u00e9n a Villa Gobernador G\u00e1lvez, Venado Tuerto, Fray Luis Beltr\u00e1n, Villa Constituci\u00f3n, Las Rosas, Granadero Baigorria, Ceres, San Javier y m\u00e1s de 30 comunas de toda la provincia.<\/strong><\/p>\n","protected":false},"excerpt":{"rendered":"<p>El titular de FESTRAM explic\u00f3 por LT10 los motivos del paro de 24 horas que dispuso el gremio para la jornada de hoy. Adem\u00e1s, Leoni opin\u00f3 sobre la reforma tributaria y manifest\u00f3 que \u201cNo puede ser que los sectores m\u00e1s din\u00e1micos de la econom\u00eda no paguen los impuestos correspondientes\u201d.<\/p>\n","protected":false},"author":1,"featured_media":726,"comment_status":"closed","ping_status":"closed","sticky":false,"template":"","format":"standard","meta":{"_jetpack_memberships_contains_paid_content":false,"footnotes":"","jetpack_publicize_message":"","jetpack_publicize_feature_enabled":true,"jetpack_social_post_already_shared":false,"jetpack_social_options":{"image_generator_settings":{"template":"highway","default_image_id":0,"font":"","enabled":false},"version":2}},"categories":[125,56],"tags":[74,72],"class_list":["post-719","post","type-post","status-publish","format-standard","has-post-thumbnail","hentry","category-mas-antiguos","category-notas-varias","tag-audios","tag-precarizacion"],"yoast_head":"<!-- This site is optimized with the Yoast SEO plugin v25.9 - https:\/\/yoast.com\/wordpress\/plugins\/seo\/ -->\n<title>\u201cTenemos 9000 trabajadores que est\u00e1n bajo el sistema de fraude laboral\u201d &#8211; FESTRAM<\/title>\n<meta name=\"description\" content=\"El titular de FESTRAM explic\u00f3 por LT10 los motivos del paro de 24 horas que dispuso el gremio para la jornada de hoy. Adem\u00e1s, Leoni opin\u00f3 sobre la reforma tributaria y manifest\u00f3 que \u201cNo puede ser que los sectores m\u00e1s din\u00e1micos de la econom\u00eda no paguen los impuestos correspondientes\u201d.\" \/>\n<meta name=\"robots\" content=\"index, follow, max-snippet:-1, max-image-preview:large, max-video-preview:-1\" \/>\n<link rel=\"canonical\" href=\"https:\/\/municipales.org.ar\/festram\/tenemos-9000-trabajadores-que-estan-bajo-el-sistema-de-fraude-laboral\/\" \/>\n<meta property=\"og:locale\" content=\"es_ES\" \/>\n<meta property=\"og:type\" content=\"article\" \/>\n<meta property=\"og:title\" content=\"\u201cTenemos 9000 trabajadores que est\u00e1n bajo el sistema de fraude laboral\u201d &#8211; FESTRAM\" \/>\n<meta property=\"og:description\" content=\"El titular de FESTRAM explic\u00f3 por LT10 los motivos del paro de 24 horas que dispuso el gremio para la jornada de hoy. Adem\u00e1s, Leoni opin\u00f3 sobre la reforma tributaria y manifest\u00f3 que \u201cNo puede ser que los sectores m\u00e1s din\u00e1micos de la econom\u00eda no paguen los impuestos correspondientes\u201d.\" \/>\n<meta property=\"og:url\" content=\"https:\/\/municipales.org.ar\/festram\/tenemos-9000-trabajadores-que-estan-bajo-el-sistema-de-fraude-laboral\/\" \/>\n<meta property=\"og:site_name\" content=\"FESTRAM\" \/>\n<meta property=\"article:publisher\" content=\"https:\/\/www.facebook.com\/MunicipalesSF\" \/>\n<meta property=\"article:published_time\" content=\"2009-12-16T01:52:57+00:00\" \/>\n<meta property=\"article:modified_time\" content=\"2016-03-07T17:34:12+00:00\" \/>\n<meta property=\"og:image\" content=\"https:\/\/municipales.org.ar\/festram\/wp-content\/uploads\/2009\/12\/precarizados.jpeg\" \/>\n\t<meta property=\"og:image:width\" content=\"1280\" \/>\n\t<meta property=\"og:image:height\" content=\"960\" \/>\n\t<meta property=\"og:image:type\" content=\"image\/jpeg\" \/>\n<meta name=\"author\" content=\"mun_admin\" \/>\n<meta name=\"twitter:card\" content=\"summary_large_image\" \/>\n<meta name=\"twitter:creator\" content=\"@MunicipalesSF\" \/>\n<meta name=\"twitter:site\" content=\"@MunicipalesSF\" \/>\n<meta name=\"twitter:label1\" content=\"Escrito por\" \/>\n\t<meta name=\"twitter:data1\" content=\"mun_admin\" \/>\n\t<meta name=\"twitter:label2\" content=\"Tiempo de lectura\" \/>\n\t<meta name=\"twitter:data2\" content=\"2 minutos\" \/>\n<script type=\"application\/ld+json\" class=\"yoast-schema-graph\">{\"@context\":\"https:\/\/schema.org\",\"@graph\":[{\"@type\":\"Article\",\"@id\":\"https:\/\/municipales.org.ar\/festram\/tenemos-9000-trabajadores-que-estan-bajo-el-sistema-de-fraude-laboral\/#article\",\"isPartOf\":{\"@id\":\"https:\/\/municipales.org.ar\/festram\/tenemos-9000-trabajadores-que-estan-bajo-el-sistema-de-fraude-laboral\/\"},\"author\":{\"name\":\"mun_admin\",\"@id\":\"https:\/\/municipales.org.ar\/festram\/#\/schema\/person\/49096a774c48ce9063df4d59ec059f9e\"},\"headline\":\"\u201cTenemos 9000 trabajadores que est\u00e1n bajo el sistema de fraude laboral\u201d\",\"datePublished\":\"2009-12-16T01:52:57+00:00\",\"dateModified\":\"2016-03-07T17:34:12+00:00\",\"mainEntityOfPage\":{\"@id\":\"https:\/\/municipales.org.ar\/festram\/tenemos-9000-trabajadores-que-estan-bajo-el-sistema-de-fraude-laboral\/\"},\"wordCount\":494,\"publisher\":{\"@id\":\"https:\/\/municipales.org.ar\/festram\/#organization\"},\"image\":{\"@id\":\"https:\/\/municipales.org.ar\/festram\/tenemos-9000-trabajadores-que-estan-bajo-el-sistema-de-fraude-laboral\/#primaryimage\"},\"thumbnailUrl\":\"https:\/\/municipales.org.ar\/festram\/wp-content\/uploads\/2009\/12\/precarizados.jpeg\",\"keywords\":[\"audios\",\"precarizaci\u00f3n\"],\"articleSection\":[\"M\u00e1s Antiguos\",\"Notas Varias\"],\"inLanguage\":\"es\"},{\"@type\":\"WebPage\",\"@id\":\"https:\/\/municipales.org.ar\/festram\/tenemos-9000-trabajadores-que-estan-bajo-el-sistema-de-fraude-laboral\/\",\"url\":\"https:\/\/municipales.org.ar\/festram\/tenemos-9000-trabajadores-que-estan-bajo-el-sistema-de-fraude-laboral\/\",\"name\":\"\u201cTenemos 9000 trabajadores que est\u00e1n bajo el sistema de fraude laboral\u201d &#8211; FESTRAM\",\"isPartOf\":{\"@id\":\"https:\/\/municipales.org.ar\/festram\/#website\"},\"primaryImageOfPage\":{\"@id\":\"https:\/\/municipales.org.ar\/festram\/tenemos-9000-trabajadores-que-estan-bajo-el-sistema-de-fraude-laboral\/#primaryimage\"},\"image\":{\"@id\":\"https:\/\/municipales.org.ar\/festram\/tenemos-9000-trabajadores-que-estan-bajo-el-sistema-de-fraude-laboral\/#primaryimage\"},\"thumbnailUrl\":\"https:\/\/municipales.org.ar\/festram\/wp-content\/uploads\/2009\/12\/precarizados.jpeg\",\"datePublished\":\"2009-12-16T01:52:57+00:00\",\"dateModified\":\"2016-03-07T17:34:12+00:00\",\"description\":\"El titular de FESTRAM explic\u00f3 por LT10 los motivos del paro de 24 horas que dispuso el gremio para la jornada de hoy. Adem\u00e1s, Leoni opin\u00f3 sobre la reforma tributaria y manifest\u00f3 que \u201cNo puede ser que los sectores m\u00e1s din\u00e1micos de la econom\u00eda no paguen los impuestos correspondientes\u201d.\",\"breadcrumb\":{\"@id\":\"https:\/\/municipales.org.ar\/festram\/tenemos-9000-trabajadores-que-estan-bajo-el-sistema-de-fraude-laboral\/#breadcrumb\"},\"inLanguage\":\"es\",\"potentialAction\":[{\"@type\":\"ReadAction\",\"target\":[\"https:\/\/municipales.org.ar\/festram\/tenemos-9000-trabajadores-que-estan-bajo-el-sistema-de-fraude-laboral\/\"]}]},{\"@type\":\"ImageObject\",\"inLanguage\":\"es\",\"@id\":\"https:\/\/municipales.org.ar\/festram\/tenemos-9000-trabajadores-que-estan-bajo-el-sistema-de-fraude-laboral\/#primaryimage\",\"url\":\"https:\/\/municipales.org.ar\/festram\/wp-content\/uploads\/2009\/12\/precarizados.jpeg\",\"contentUrl\":\"https:\/\/municipales.org.ar\/festram\/wp-content\/uploads\/2009\/12\/precarizados.jpeg\",\"width\":1280,\"height\":960},{\"@type\":\"BreadcrumbList\",\"@id\":\"https:\/\/municipales.org.ar\/festram\/tenemos-9000-trabajadores-que-estan-bajo-el-sistema-de-fraude-laboral\/#breadcrumb\",\"itemListElement\":[{\"@type\":\"ListItem\",\"position\":1,\"name\":\"Portada\",\"item\":\"https:\/\/municipales.org.ar\/festram\/\"},{\"@type\":\"ListItem\",\"position\":2,\"name\":\"\u201cTenemos 9000 trabajadores que est\u00e1n bajo el sistema de fraude laboral\u201d\"}]},{\"@type\":\"WebSite\",\"@id\":\"https:\/\/municipales.org.ar\/festram\/#website\",\"url\":\"https:\/\/municipales.org.ar\/festram\/\",\"name\":\"FESTRAM\",\"description\":\"La web de los trabajadores municipales\",\"publisher\":{\"@id\":\"https:\/\/municipales.org.ar\/festram\/#organization\"},\"potentialAction\":[{\"@type\":\"SearchAction\",\"target\":{\"@type\":\"EntryPoint\",\"urlTemplate\":\"https:\/\/municipales.org.ar\/festram\/?s={search_term_string}\"},\"query-input\":{\"@type\":\"PropertyValueSpecification\",\"valueRequired\":true,\"valueName\":\"search_term_string\"}}],\"inLanguage\":\"es\"},{\"@type\":\"Organization\",\"@id\":\"https:\/\/municipales.org.ar\/festram\/#organization\",\"name\":\"Federaci\u00f3n de Sindicatos de Trabajadores Municipales de la Provincia de Santa Fe\",\"url\":\"https:\/\/municipales.org.ar\/festram\/\",\"logo\":{\"@type\":\"ImageObject\",\"inLanguage\":\"es\",\"@id\":\"https:\/\/municipales.org.ar\/festram\/#\/schema\/logo\/image\/\",\"url\":\"https:\/\/www.municipales.org.ar\/festram\/wp-content\/uploads\/2014\/07\/logo_fes.jpg\",\"contentUrl\":\"https:\/\/www.municipales.org.ar\/festram\/wp-content\/uploads\/2014\/07\/logo_fes.jpg\",\"width\":661,\"height\":673,\"caption\":\"Federaci\u00f3n de Sindicatos de Trabajadores Municipales de la Provincia de Santa Fe\"},\"image\":{\"@id\":\"https:\/\/municipales.org.ar\/festram\/#\/schema\/logo\/image\/\"},\"sameAs\":[\"https:\/\/www.facebook.com\/MunicipalesSF\",\"https:\/\/x.com\/MunicipalesSF\",\"https:\/\/www.youtube.com\/user\/festram\"]},{\"@type\":\"Person\",\"@id\":\"https:\/\/municipales.org.ar\/festram\/#\/schema\/person\/49096a774c48ce9063df4d59ec059f9e\",\"name\":\"mun_admin\"}]}<\/script>\n<!-- \/ Yoast SEO plugin. -->","yoast_head_json":{"title":"\u201cTenemos 9000 trabajadores que est\u00e1n bajo el sistema de fraude laboral\u201d &#8211; FESTRAM","description":"El titular de FESTRAM explic\u00f3 por LT10 los motivos del paro de 24 horas que dispuso el gremio para la jornada de hoy. Adem\u00e1s, Leoni opin\u00f3 sobre la reforma tributaria y manifest\u00f3 que \u201cNo puede ser que los sectores m\u00e1s din\u00e1micos de la econom\u00eda no paguen los impuestos correspondientes\u201d.","robots":{"index":"index","follow":"follow","max-snippet":"max-snippet:-1","max-image-preview":"max-image-preview:large","max-video-preview":"max-video-preview:-1"},"canonical":"https:\/\/municipales.org.ar\/festram\/tenemos-9000-trabajadores-que-estan-bajo-el-sistema-de-fraude-laboral\/","og_locale":"es_ES","og_type":"article","og_title":"\u201cTenemos 9000 trabajadores que est\u00e1n bajo el sistema de fraude laboral\u201d &#8211; FESTRAM","og_description":"El titular de FESTRAM explic\u00f3 por LT10 los motivos del paro de 24 horas que dispuso el gremio para la jornada de hoy. Adem\u00e1s, Leoni opin\u00f3 sobre la reforma tributaria y manifest\u00f3 que \u201cNo puede ser que los sectores m\u00e1s din\u00e1micos de la econom\u00eda no paguen los impuestos correspondientes\u201d.","og_url":"https:\/\/municipales.org.ar\/festram\/tenemos-9000-trabajadores-que-estan-bajo-el-sistema-de-fraude-laboral\/","og_site_name":"FESTRAM","article_publisher":"https:\/\/www.facebook.com\/MunicipalesSF","article_published_time":"2009-12-16T01:52:57+00:00","article_modified_time":"2016-03-07T17:34:12+00:00","og_image":[{"width":1280,"height":960,"url":"https:\/\/municipales.org.ar\/festram\/wp-content\/uploads\/2009\/12\/precarizados.jpeg","type":"image\/jpeg"}],"author":"mun_admin","twitter_card":"summary_large_image","twitter_creator":"@MunicipalesSF","twitter_site":"@MunicipalesSF","twitter_misc":{"Escrito por":"mun_admin","Tiempo de lectura":"2 minutos"},"schema":{"@context":"https:\/\/schema.org","@graph":[{"@type":"Article","@id":"https:\/\/municipales.org.ar\/festram\/tenemos-9000-trabajadores-que-estan-bajo-el-sistema-de-fraude-laboral\/#article","isPartOf":{"@id":"https:\/\/municipales.org.ar\/festram\/tenemos-9000-trabajadores-que-estan-bajo-el-sistema-de-fraude-laboral\/"},"author":{"name":"mun_admin","@id":"https:\/\/municipales.org.ar\/festram\/#\/schema\/person\/49096a774c48ce9063df4d59ec059f9e"},"headline":"\u201cTenemos 9000 trabajadores que est\u00e1n bajo el sistema de fraude laboral\u201d","datePublished":"2009-12-16T01:52:57+00:00","dateModified":"2016-03-07T17:34:12+00:00","mainEntityOfPage":{"@id":"https:\/\/municipales.org.ar\/festram\/tenemos-9000-trabajadores-que-estan-bajo-el-sistema-de-fraude-laboral\/"},"wordCount":494,"publisher":{"@id":"https:\/\/municipales.org.ar\/festram\/#organization"},"image":{"@id":"https:\/\/municipales.org.ar\/festram\/tenemos-9000-trabajadores-que-estan-bajo-el-sistema-de-fraude-laboral\/#primaryimage"},"thumbnailUrl":"https:\/\/municipales.org.ar\/festram\/wp-content\/uploads\/2009\/12\/precarizados.jpeg","keywords":["audios","precarizaci\u00f3n"],"articleSection":["M\u00e1s Antiguos","Notas Varias"],"inLanguage":"es"},{"@type":"WebPage","@id":"https:\/\/municipales.org.ar\/festram\/tenemos-9000-trabajadores-que-estan-bajo-el-sistema-de-fraude-laboral\/","url":"https:\/\/municipales.org.ar\/festram\/tenemos-9000-trabajadores-que-estan-bajo-el-sistema-de-fraude-laboral\/","name":"\u201cTenemos 9000 trabajadores que est\u00e1n bajo el sistema de fraude laboral\u201d &#8211; FESTRAM","isPartOf":{"@id":"https:\/\/municipales.org.ar\/festram\/#website"},"primaryImageOfPage":{"@id":"https:\/\/municipales.org.ar\/festram\/tenemos-9000-trabajadores-que-estan-bajo-el-sistema-de-fraude-laboral\/#primaryimage"},"image":{"@id":"https:\/\/municipales.org.ar\/festram\/tenemos-9000-trabajadores-que-estan-bajo-el-sistema-de-fraude-laboral\/#primaryimage"},"thumbnailUrl":"https:\/\/municipales.org.ar\/festram\/wp-content\/uploads\/2009\/12\/precarizados.jpeg","datePublished":"2009-12-16T01:52:57+00:00","dateModified":"2016-03-07T17:34:12+00:00","description":"El titular de FESTRAM explic\u00f3 por LT10 los motivos del paro de 24 horas que dispuso el gremio para la jornada de hoy. Adem\u00e1s, Leoni opin\u00f3 sobre la reforma tributaria y manifest\u00f3 que \u201cNo puede ser que los sectores m\u00e1s din\u00e1micos de la econom\u00eda no paguen los impuestos correspondientes\u201d.","breadcrumb":{"@id":"https:\/\/municipales.org.ar\/festram\/tenemos-9000-trabajadores-que-estan-bajo-el-sistema-de-fraude-laboral\/#breadcrumb"},"inLanguage":"es","potentialAction":[{"@type":"ReadAction","target":["https:\/\/municipales.org.ar\/festram\/tenemos-9000-trabajadores-que-estan-bajo-el-sistema-de-fraude-laboral\/"]}]},{"@type":"ImageObject","inLanguage":"es","@id":"https:\/\/municipales.org.ar\/festram\/tenemos-9000-trabajadores-que-estan-bajo-el-sistema-de-fraude-laboral\/#primaryimage","url":"https:\/\/municipales.org.ar\/festram\/wp-content\/uploads\/2009\/12\/precarizados.jpeg","contentUrl":"https:\/\/municipales.org.ar\/festram\/wp-content\/uploads\/2009\/12\/precarizados.jpeg","width":1280,"height":960},{"@type":"BreadcrumbList","@id":"https:\/\/municipales.org.ar\/festram\/tenemos-9000-trabajadores-que-estan-bajo-el-sistema-de-fraude-laboral\/#breadcrumb","itemListElement":[{"@type":"ListItem","position":1,"name":"Portada","item":"https:\/\/municipales.org.ar\/festram\/"},{"@type":"ListItem","position":2,"name":"\u201cTenemos 9000 trabajadores que est\u00e1n bajo el sistema de fraude laboral\u201d"}]},{"@type":"WebSite","@id":"https:\/\/municipales.org.ar\/festram\/#website","url":"https:\/\/municipales.org.ar\/festram\/","name":"FESTRAM","description":"La web de los trabajadores municipales","publisher":{"@id":"https:\/\/municipales.org.ar\/festram\/#organization"},"potentialAction":[{"@type":"SearchAction","target":{"@type":"EntryPoint","urlTemplate":"https:\/\/municipales.org.ar\/festram\/?s={search_term_string}"},"query-input":{"@type":"PropertyValueSpecification","valueRequired":true,"valueName":"search_term_string"}}],"inLanguage":"es"},{"@type":"Organization","@id":"https:\/\/municipales.org.ar\/festram\/#organization","name":"Federaci\u00f3n de Sindicatos de Trabajadores Municipales de la Provincia de Santa Fe","url":"https:\/\/municipales.org.ar\/festram\/","logo":{"@type":"ImageObject","inLanguage":"es","@id":"https:\/\/municipales.org.ar\/festram\/#\/schema\/logo\/image\/","url":"https:\/\/www.municipales.org.ar\/festram\/wp-content\/uploads\/2014\/07\/logo_fes.jpg","contentUrl":"https:\/\/www.municipales.org.ar\/festram\/wp-content\/uploads\/2014\/07\/logo_fes.jpg","width":661,"height":673,"caption":"Federaci\u00f3n de Sindicatos de Trabajadores Municipales de la Provincia de Santa Fe"},"image":{"@id":"https:\/\/municipales.org.ar\/festram\/#\/schema\/logo\/image\/"},"sameAs":["https:\/\/www.facebook.com\/MunicipalesSF","https:\/\/x.com\/MunicipalesSF","https:\/\/www.youtube.com\/user\/festram"]},{"@type":"Person","@id":"https:\/\/municipales.org.ar\/festram\/#\/schema\/person\/49096a774c48ce9063df4d59ec059f9e","name":"mun_admin"}]}},"jetpack_publicize_connections":[],"jetpack_featured_media_url":"https:\/\/municipales.org.ar\/festram\/wp-content\/uploads\/2009\/12\/precarizados.jpeg","jetpack_sharing_enabled":true,"jetpack_likes_enabled":false,"jetpack_shortlink":"https:\/\/wp.me\/p7l4x1-bB","_links":{"self":[{"href":"https:\/\/municipales.org.ar\/festram\/wp-json\/wp\/v2\/posts\/719","targetHints":{"allow":["GET"]}}],"collection":[{"href":"https:\/\/municipales.org.ar\/festram\/wp-json\/wp\/v2\/posts"}],"about":[{"href":"https:\/\/municipales.org.ar\/festram\/wp-json\/wp\/v2\/types\/post"}],"author":[{"embeddable":true,"href":"https:\/\/municipales.org.ar\/festram\/wp-json\/wp\/v2\/users\/1"}],"replies":[{"embeddable":true,"href":"https:\/\/municipales.org.ar\/festram\/wp-json\/wp\/v2\/comments?post=719"}],"version-history":[{"count":6,"href":"https:\/\/municipales.org.ar\/festram\/wp-json\/wp\/v2\/posts\/719\/revisions"}],"predecessor-version":[{"id":727,"href":"https:\/\/municipales.org.ar\/festram\/wp-json\/wp\/v2\/posts\/719\/revisions\/727"}],"wp:featuredmedia":[{"embeddable":true,"href":"https:\/\/municipales.org.ar\/festram\/wp-json\/wp\/v2\/media\/726"}],"wp:attachment":[{"href":"https:\/\/municipales.org.ar\/festram\/wp-json\/wp\/v2\/media?parent=719"}],"wp:term":[{"taxonomy":"category","embeddable":true,"href":"https:\/\/municipales.org.ar\/festram\/wp-json\/wp\/v2\/categories?post=719"},{"taxonomy":"post_tag","embeddable":true,"href":"https:\/\/municipales.org.ar\/festram\/wp-json\/wp\/v2\/tags?post=719"}],"curies":[{"name":"wp","href":"https:\/\/api.w.org\/{rel}","templated":true}]}}