{"id":7342,"date":"2013-09-26T08:42:45","date_gmt":"2013-09-26T11:42:45","guid":{"rendered":"http:\/\/190.193.114.249\/festram\/?p=7342"},"modified":"2014-06-29T22:58:05","modified_gmt":"2014-06-30T01:58:05","slug":"estatales-repudiaron-la-decision-del-senado-provincial","status":"publish","type":"post","link":"https:\/\/municipales.org.ar\/festram\/estatales-repudiaron-la-decision-del-senado-provincial\/","title":{"rendered":"Estatales repudiaron la decisi\u00f3n del Senado Provincial"},"content":{"rendered":"<h5><strong>Consideran irracional e inconsulta la incorporaci\u00f3n de beneficiarios de la 5110 al IAPOS.<\/strong><\/h5>\n<p><strong><br \/>\n<\/strong><br \/>\nLa decisi\u00f3n de la C\u00e1mara de Senadores de darle media sanci\u00f3n al proyecto de ley que incorpora a la obra social IAPOS a los beneficiarios de la Ley 5110, ha generado malestar en las organizaciones sindicales cuyos representados sostienen con sus propios salarios el sistema de prestaci\u00f3n de la salud de los trabajadores del sector p\u00fablico provincial.<\/p>\n<p>La media sanci\u00f3n de ese proyecto incurre en la violaci\u00f3n a Normas Internacionales del Trabajo en materia de Seguridad Social, desconociendo el Convenio 154 de la OIT sobre el Di\u00e1logo Social y\u00a0\u00a0la Consulta Tripartita en materia de pol\u00edticas p\u00fablicas que afectan el inter\u00e9s de los trabajadores en esta materia.<\/p>\n<p>Las Organizaciones Sindicales que integran la CISeP ratificamos nuestro compromiso pol\u00edtico de ampliar los pisos de Protecci\u00f3n Social a los sectores m\u00e1s vulnerables de la sociedad, como es el caso de los beneficiarios de la Ley 5110. Pero para ello sostenemos la\u00a0\u00a0centralidad del Estado como la \u00fanica instituci\u00f3n que puede formular una estrategia general de desarrollo de la Seguridad Social, con la participaci\u00f3n prioritaria de los trabajadores, asegurando cobertura de prestaciones b\u00e1sicas suficientes, permanentes y sostenibles financieramente.<\/p>\n<p>La decisi\u00f3n unilateral e inconsulta del Senado Provincial disponiendo de recursos que le son propios a los trabajadores, constituye un hecho que atenta contra el consenso y la responsabilidad social que debe prevalecer para otorgarle asentimiento democr\u00e1tico a la hora de legislar.<\/p>\n<p>La aprobaci\u00f3n de esta Ley colocar\u00e1 al IAPOS en una situaci\u00f3n de inviabilidad financiera y con ello el riesgo de la prestaci\u00f3n de la salud de todos los trabajadores estatales santafesinos.<\/p>\n<p>Por lo expuesto la intersindical estatal exhorta a los Diputados Provinciales a evitar el tratamiento de este proyecto de ley, hasta tanto no se considere la opini\u00f3n de los representantes de los trabajadores.<\/p>\n<p>Los gremios integrantes de la CISEP resolvieron solicitar una urgente audiencia al Presidente de la C\u00e1mara de Diputados y a los titulares de los bloques pol\u00edticos que la componen para fijar posici\u00f3n al respecto. Asimismo, acordaron llevar adelante todas las acciones que se consideren necesarios en defensa de la sustentabilidad de la Obra Social de todos los trabajadores estatales santafesinos.<\/p>\n<pre>Juan Enrique Cisneros. Asociaci\u00f3n Tribunales\r\n Claudio Leoni. FESTRAM\r\n VOCEROS DE PRENSA<\/pre>\n","protected":false},"excerpt":{"rendered":"<p>Consideran irracional e inconsulta la incorporaci\u00f3n de beneficiarios de la 5110 al IAPOS.<\/p>\n","protected":false},"author":1,"featured_media":9357,"comment_status":"closed","ping_status":"closed","sticky":false,"template":"","format":"standard","meta":{"_jetpack_memberships_contains_paid_content":false,"footnotes":"","jetpack_publicize_message":"","jetpack_publicize_feature_enabled":true,"jetpack_social_post_already_shared":false,"jetpack_social_options":{"image_generator_settings":{"template":"highway","default_image_id":0,"font":"","enabled":false},"version":2}},"categories":[48],"tags":[96],"class_list":["post-7342","post","type-post","status-publish","format-standard","has-post-thumbnail","hentry","category-comunicados-2013","tag-cisep"],"yoast_head":"<!-- This site is optimized with the Yoast SEO plugin v25.9 - https:\/\/yoast.com\/wordpress\/plugins\/seo\/ -->\n<title>Estatales repudiaron la decisi\u00f3n del Senado Provincial &#8211; FESTRAM<\/title>\n<meta name=\"description\" content=\"Consideran irracional e inconsulta la incorporaci\u00f3n de beneficiarios de la 5110 al IAPOS.\" \/>\n<meta name=\"robots\" content=\"index, follow, max-snippet:-1, max-image-preview:large, max-video-preview:-1\" \/>\n<link rel=\"canonical\" href=\"https:\/\/municipales.org.ar\/festram\/estatales-repudiaron-la-decision-del-senado-provincial\/\" \/>\n<meta property=\"og:locale\" content=\"es_ES\" \/>\n<meta property=\"og:type\" content=\"article\" \/>\n<meta property=\"og:title\" content=\"Estatales repudiaron la decisi\u00f3n del Senado Provincial &#8211; FESTRAM\" \/>\n<meta property=\"og:description\" content=\"Consideran irracional e inconsulta la incorporaci\u00f3n de beneficiarios de la 5110 al IAPOS.\" \/>\n<meta property=\"og:url\" content=\"https:\/\/municipales.org.ar\/festram\/estatales-repudiaron-la-decision-del-senado-provincial\/\" \/>\n<meta property=\"og:site_name\" content=\"FESTRAM\" \/>\n<meta property=\"article:publisher\" content=\"https:\/\/www.facebook.com\/MunicipalesSF\" \/>\n<meta property=\"article:published_time\" content=\"2013-09-26T11:42:45+00:00\" \/>\n<meta property=\"article:modified_time\" content=\"2014-06-30T01:58:05+00:00\" \/>\n<meta property=\"og:image\" content=\"https:\/\/municipales.org.ar\/festram\/wp-content\/uploads\/2013\/09\/iapos.jpg\" \/>\n\t<meta property=\"og:image:width\" content=\"1400\" \/>\n\t<meta property=\"og:image:height\" content=\"668\" \/>\n\t<meta property=\"og:image:type\" content=\"image\/jpeg\" \/>\n<meta name=\"author\" content=\"mun_admin\" \/>\n<meta name=\"twitter:card\" content=\"summary_large_image\" \/>\n<meta name=\"twitter:creator\" content=\"@MunicipalesSF\" \/>\n<meta name=\"twitter:site\" content=\"@MunicipalesSF\" \/>\n<meta name=\"twitter:label1\" content=\"Escrito por\" \/>\n\t<meta name=\"twitter:data1\" content=\"mun_admin\" \/>\n\t<meta name=\"twitter:label2\" content=\"Tiempo de lectura\" \/>\n\t<meta name=\"twitter:data2\" content=\"2 minutos\" \/>\n<script type=\"application\/ld+json\" class=\"yoast-schema-graph\">{\"@context\":\"https:\/\/schema.org\",\"@graph\":[{\"@type\":\"Article\",\"@id\":\"https:\/\/municipales.org.ar\/festram\/estatales-repudiaron-la-decision-del-senado-provincial\/#article\",\"isPartOf\":{\"@id\":\"https:\/\/municipales.org.ar\/festram\/estatales-repudiaron-la-decision-del-senado-provincial\/\"},\"author\":{\"name\":\"mun_admin\",\"@id\":\"https:\/\/municipales.org.ar\/festram\/#\/schema\/person\/49096a774c48ce9063df4d59ec059f9e\"},\"headline\":\"Estatales repudiaron la decisi\u00f3n del Senado Provincial\",\"datePublished\":\"2013-09-26T11:42:45+00:00\",\"dateModified\":\"2014-06-30T01:58:05+00:00\",\"mainEntityOfPage\":{\"@id\":\"https:\/\/municipales.org.ar\/festram\/estatales-repudiaron-la-decision-del-senado-provincial\/\"},\"wordCount\":395,\"publisher\":{\"@id\":\"https:\/\/municipales.org.ar\/festram\/#organization\"},\"image\":{\"@id\":\"https:\/\/municipales.org.ar\/festram\/estatales-repudiaron-la-decision-del-senado-provincial\/#primaryimage\"},\"thumbnailUrl\":\"https:\/\/municipales.org.ar\/festram\/wp-content\/uploads\/2013\/09\/iapos.jpg\",\"keywords\":[\"cisep\"],\"articleSection\":[\"Comunicados 2013\"],\"inLanguage\":\"es\"},{\"@type\":\"WebPage\",\"@id\":\"https:\/\/municipales.org.ar\/festram\/estatales-repudiaron-la-decision-del-senado-provincial\/\",\"url\":\"https:\/\/municipales.org.ar\/festram\/estatales-repudiaron-la-decision-del-senado-provincial\/\",\"name\":\"Estatales repudiaron la decisi\u00f3n del Senado Provincial &#8211; FESTRAM\",\"isPartOf\":{\"@id\":\"https:\/\/municipales.org.ar\/festram\/#website\"},\"primaryImageOfPage\":{\"@id\":\"https:\/\/municipales.org.ar\/festram\/estatales-repudiaron-la-decision-del-senado-provincial\/#primaryimage\"},\"image\":{\"@id\":\"https:\/\/municipales.org.ar\/festram\/estatales-repudiaron-la-decision-del-senado-provincial\/#primaryimage\"},\"thumbnailUrl\":\"https:\/\/municipales.org.ar\/festram\/wp-content\/uploads\/2013\/09\/iapos.jpg\",\"datePublished\":\"2013-09-26T11:42:45+00:00\",\"dateModified\":\"2014-06-30T01:58:05+00:00\",\"description\":\"Consideran irracional e inconsulta la incorporaci\u00f3n de beneficiarios de la 5110 al IAPOS.\",\"breadcrumb\":{\"@id\":\"https:\/\/municipales.org.ar\/festram\/estatales-repudiaron-la-decision-del-senado-provincial\/#breadcrumb\"},\"inLanguage\":\"es\",\"potentialAction\":[{\"@type\":\"ReadAction\",\"target\":[\"https:\/\/municipales.org.ar\/festram\/estatales-repudiaron-la-decision-del-senado-provincial\/\"]}]},{\"@type\":\"ImageObject\",\"inLanguage\":\"es\",\"@id\":\"https:\/\/municipales.org.ar\/festram\/estatales-repudiaron-la-decision-del-senado-provincial\/#primaryimage\",\"url\":\"https:\/\/municipales.org.ar\/festram\/wp-content\/uploads\/2013\/09\/iapos.jpg\",\"contentUrl\":\"https:\/\/municipales.org.ar\/festram\/wp-content\/uploads\/2013\/09\/iapos.jpg\",\"width\":1400,\"height\":668},{\"@type\":\"BreadcrumbList\",\"@id\":\"https:\/\/municipales.org.ar\/festram\/estatales-repudiaron-la-decision-del-senado-provincial\/#breadcrumb\",\"itemListElement\":[{\"@type\":\"ListItem\",\"position\":1,\"name\":\"Portada\",\"item\":\"https:\/\/municipales.org.ar\/festram\/\"},{\"@type\":\"ListItem\",\"position\":2,\"name\":\"Estatales repudiaron la decisi\u00f3n del Senado Provincial\"}]},{\"@type\":\"WebSite\",\"@id\":\"https:\/\/municipales.org.ar\/festram\/#website\",\"url\":\"https:\/\/municipales.org.ar\/festram\/\",\"name\":\"FESTRAM\",\"description\":\"La web de los trabajadores municipales\",\"publisher\":{\"@id\":\"https:\/\/municipales.org.ar\/festram\/#organization\"},\"potentialAction\":[{\"@type\":\"SearchAction\",\"target\":{\"@type\":\"EntryPoint\",\"urlTemplate\":\"https:\/\/municipales.org.ar\/festram\/?s={search_term_string}\"},\"query-input\":{\"@type\":\"PropertyValueSpecification\",\"valueRequired\":true,\"valueName\":\"search_term_string\"}}],\"inLanguage\":\"es\"},{\"@type\":\"Organization\",\"@id\":\"https:\/\/municipales.org.ar\/festram\/#organization\",\"name\":\"Federaci\u00f3n de Sindicatos de Trabajadores Municipales de la Provincia de Santa Fe\",\"url\":\"https:\/\/municipales.org.ar\/festram\/\",\"logo\":{\"@type\":\"ImageObject\",\"inLanguage\":\"es\",\"@id\":\"https:\/\/municipales.org.ar\/festram\/#\/schema\/logo\/image\/\",\"url\":\"https:\/\/www.municipales.org.ar\/festram\/wp-content\/uploads\/2014\/07\/logo_fes.jpg\",\"contentUrl\":\"https:\/\/www.municipales.org.ar\/festram\/wp-content\/uploads\/2014\/07\/logo_fes.jpg\",\"width\":661,\"height\":673,\"caption\":\"Federaci\u00f3n de Sindicatos de Trabajadores Municipales de la Provincia de Santa Fe\"},\"image\":{\"@id\":\"https:\/\/municipales.org.ar\/festram\/#\/schema\/logo\/image\/\"},\"sameAs\":[\"https:\/\/www.facebook.com\/MunicipalesSF\",\"https:\/\/x.com\/MunicipalesSF\",\"https:\/\/www.youtube.com\/user\/festram\"]},{\"@type\":\"Person\",\"@id\":\"https:\/\/municipales.org.ar\/festram\/#\/schema\/person\/49096a774c48ce9063df4d59ec059f9e\",\"name\":\"mun_admin\"}]}<\/script>\n<!-- \/ Yoast SEO plugin. -->","yoast_head_json":{"title":"Estatales repudiaron la decisi\u00f3n del Senado Provincial &#8211; FESTRAM","description":"Consideran irracional e inconsulta la incorporaci\u00f3n de beneficiarios de la 5110 al IAPOS.","robots":{"index":"index","follow":"follow","max-snippet":"max-snippet:-1","max-image-preview":"max-image-preview:large","max-video-preview":"max-video-preview:-1"},"canonical":"https:\/\/municipales.org.ar\/festram\/estatales-repudiaron-la-decision-del-senado-provincial\/","og_locale":"es_ES","og_type":"article","og_title":"Estatales repudiaron la decisi\u00f3n del Senado Provincial &#8211; FESTRAM","og_description":"Consideran irracional e inconsulta la incorporaci\u00f3n de beneficiarios de la 5110 al IAPOS.","og_url":"https:\/\/municipales.org.ar\/festram\/estatales-repudiaron-la-decision-del-senado-provincial\/","og_site_name":"FESTRAM","article_publisher":"https:\/\/www.facebook.com\/MunicipalesSF","article_published_time":"2013-09-26T11:42:45+00:00","article_modified_time":"2014-06-30T01:58:05+00:00","og_image":[{"width":1400,"height":668,"url":"https:\/\/municipales.org.ar\/festram\/wp-content\/uploads\/2013\/09\/iapos.jpg","type":"image\/jpeg"}],"author":"mun_admin","twitter_card":"summary_large_image","twitter_creator":"@MunicipalesSF","twitter_site":"@MunicipalesSF","twitter_misc":{"Escrito por":"mun_admin","Tiempo de lectura":"2 minutos"},"schema":{"@context":"https:\/\/schema.org","@graph":[{"@type":"Article","@id":"https:\/\/municipales.org.ar\/festram\/estatales-repudiaron-la-decision-del-senado-provincial\/#article","isPartOf":{"@id":"https:\/\/municipales.org.ar\/festram\/estatales-repudiaron-la-decision-del-senado-provincial\/"},"author":{"name":"mun_admin","@id":"https:\/\/municipales.org.ar\/festram\/#\/schema\/person\/49096a774c48ce9063df4d59ec059f9e"},"headline":"Estatales repudiaron la decisi\u00f3n del Senado Provincial","datePublished":"2013-09-26T11:42:45+00:00","dateModified":"2014-06-30T01:58:05+00:00","mainEntityOfPage":{"@id":"https:\/\/municipales.org.ar\/festram\/estatales-repudiaron-la-decision-del-senado-provincial\/"},"wordCount":395,"publisher":{"@id":"https:\/\/municipales.org.ar\/festram\/#organization"},"image":{"@id":"https:\/\/municipales.org.ar\/festram\/estatales-repudiaron-la-decision-del-senado-provincial\/#primaryimage"},"thumbnailUrl":"https:\/\/municipales.org.ar\/festram\/wp-content\/uploads\/2013\/09\/iapos.jpg","keywords":["cisep"],"articleSection":["Comunicados 2013"],"inLanguage":"es"},{"@type":"WebPage","@id":"https:\/\/municipales.org.ar\/festram\/estatales-repudiaron-la-decision-del-senado-provincial\/","url":"https:\/\/municipales.org.ar\/festram\/estatales-repudiaron-la-decision-del-senado-provincial\/","name":"Estatales repudiaron la decisi\u00f3n del Senado Provincial &#8211; FESTRAM","isPartOf":{"@id":"https:\/\/municipales.org.ar\/festram\/#website"},"primaryImageOfPage":{"@id":"https:\/\/municipales.org.ar\/festram\/estatales-repudiaron-la-decision-del-senado-provincial\/#primaryimage"},"image":{"@id":"https:\/\/municipales.org.ar\/festram\/estatales-repudiaron-la-decision-del-senado-provincial\/#primaryimage"},"thumbnailUrl":"https:\/\/municipales.org.ar\/festram\/wp-content\/uploads\/2013\/09\/iapos.jpg","datePublished":"2013-09-26T11:42:45+00:00","dateModified":"2014-06-30T01:58:05+00:00","description":"Consideran irracional e inconsulta la incorporaci\u00f3n de beneficiarios de la 5110 al IAPOS.","breadcrumb":{"@id":"https:\/\/municipales.org.ar\/festram\/estatales-repudiaron-la-decision-del-senado-provincial\/#breadcrumb"},"inLanguage":"es","potentialAction":[{"@type":"ReadAction","target":["https:\/\/municipales.org.ar\/festram\/estatales-repudiaron-la-decision-del-senado-provincial\/"]}]},{"@type":"ImageObject","inLanguage":"es","@id":"https:\/\/municipales.org.ar\/festram\/estatales-repudiaron-la-decision-del-senado-provincial\/#primaryimage","url":"https:\/\/municipales.org.ar\/festram\/wp-content\/uploads\/2013\/09\/iapos.jpg","contentUrl":"https:\/\/municipales.org.ar\/festram\/wp-content\/uploads\/2013\/09\/iapos.jpg","width":1400,"height":668},{"@type":"BreadcrumbList","@id":"https:\/\/municipales.org.ar\/festram\/estatales-repudiaron-la-decision-del-senado-provincial\/#breadcrumb","itemListElement":[{"@type":"ListItem","position":1,"name":"Portada","item":"https:\/\/municipales.org.ar\/festram\/"},{"@type":"ListItem","position":2,"name":"Estatales repudiaron la decisi\u00f3n del Senado Provincial"}]},{"@type":"WebSite","@id":"https:\/\/municipales.org.ar\/festram\/#website","url":"https:\/\/municipales.org.ar\/festram\/","name":"FESTRAM","description":"La web de los trabajadores municipales","publisher":{"@id":"https:\/\/municipales.org.ar\/festram\/#organization"},"potentialAction":[{"@type":"SearchAction","target":{"@type":"EntryPoint","urlTemplate":"https:\/\/municipales.org.ar\/festram\/?s={search_term_string}"},"query-input":{"@type":"PropertyValueSpecification","valueRequired":true,"valueName":"search_term_string"}}],"inLanguage":"es"},{"@type":"Organization","@id":"https:\/\/municipales.org.ar\/festram\/#organization","name":"Federaci\u00f3n de Sindicatos de Trabajadores Municipales de la Provincia de Santa Fe","url":"https:\/\/municipales.org.ar\/festram\/","logo":{"@type":"ImageObject","inLanguage":"es","@id":"https:\/\/municipales.org.ar\/festram\/#\/schema\/logo\/image\/","url":"https:\/\/www.municipales.org.ar\/festram\/wp-content\/uploads\/2014\/07\/logo_fes.jpg","contentUrl":"https:\/\/www.municipales.org.ar\/festram\/wp-content\/uploads\/2014\/07\/logo_fes.jpg","width":661,"height":673,"caption":"Federaci\u00f3n de Sindicatos de Trabajadores Municipales de la Provincia de Santa Fe"},"image":{"@id":"https:\/\/municipales.org.ar\/festram\/#\/schema\/logo\/image\/"},"sameAs":["https:\/\/www.facebook.com\/MunicipalesSF","https:\/\/x.com\/MunicipalesSF","https:\/\/www.youtube.com\/user\/festram"]},{"@type":"Person","@id":"https:\/\/municipales.org.ar\/festram\/#\/schema\/person\/49096a774c48ce9063df4d59ec059f9e","name":"mun_admin"}]}},"jetpack_publicize_connections":[],"jetpack_featured_media_url":"https:\/\/municipales.org.ar\/festram\/wp-content\/uploads\/2013\/09\/iapos.jpg","jetpack_sharing_enabled":true,"jetpack_likes_enabled":false,"jetpack_shortlink":"https:\/\/wp.me\/p7l4x1-1Uq","_links":{"self":[{"href":"https:\/\/municipales.org.ar\/festram\/wp-json\/wp\/v2\/posts\/7342","targetHints":{"allow":["GET"]}}],"collection":[{"href":"https:\/\/municipales.org.ar\/festram\/wp-json\/wp\/v2\/posts"}],"about":[{"href":"https:\/\/municipales.org.ar\/festram\/wp-json\/wp\/v2\/types\/post"}],"author":[{"embeddable":true,"href":"https:\/\/municipales.org.ar\/festram\/wp-json\/wp\/v2\/users\/1"}],"replies":[{"embeddable":true,"href":"https:\/\/municipales.org.ar\/festram\/wp-json\/wp\/v2\/comments?post=7342"}],"version-history":[{"count":2,"href":"https:\/\/municipales.org.ar\/festram\/wp-json\/wp\/v2\/posts\/7342\/revisions"}],"predecessor-version":[{"id":9358,"href":"https:\/\/municipales.org.ar\/festram\/wp-json\/wp\/v2\/posts\/7342\/revisions\/9358"}],"wp:featuredmedia":[{"embeddable":true,"href":"https:\/\/municipales.org.ar\/festram\/wp-json\/wp\/v2\/media\/9357"}],"wp:attachment":[{"href":"https:\/\/municipales.org.ar\/festram\/wp-json\/wp\/v2\/media?parent=7342"}],"wp:term":[{"taxonomy":"category","embeddable":true,"href":"https:\/\/municipales.org.ar\/festram\/wp-json\/wp\/v2\/categories?post=7342"},{"taxonomy":"post_tag","embeddable":true,"href":"https:\/\/municipales.org.ar\/festram\/wp-json\/wp\/v2\/tags?post=7342"}],"curies":[{"name":"wp","href":"https:\/\/api.w.org\/{rel}","templated":true}]}}