{"id":7532,"date":"2013-07-15T12:50:56","date_gmt":"2013-07-15T15:50:56","guid":{"rendered":"http:\/\/190.193.114.249\/festram\/?p=7532"},"modified":"2014-06-29T21:58:28","modified_gmt":"2014-06-30T00:58:28","slug":"nuestra-participacion-en-la-cumbre-social-del-mercosur-2013","status":"publish","type":"post","link":"https:\/\/municipales.org.ar\/festram\/nuestra-participacion-en-la-cumbre-social-del-mercosur-2013\/","title":{"rendered":"Nuestra participaci\u00f3n en la Cumbre Social del Mercosur 2013"},"content":{"rendered":"<h5><strong>La Cumbre Social del Mercado Com\u00fan del Sur (Mercosur) se desarroll\u00f3 entre el 10 y 11 del corriente mes en la ciudad de Montevideo, capital de Uruguay, con un programa de ocho talleres entre los cuales se discutieron temas de derechos humanos, desarrollo productivo e inclusi\u00f3n social.<br \/>\n<\/strong><\/h5>\n<p>[ot-caption title=\u00bb\u00bb url=\u00bbhttp:\/\/municipales.org.ar\/festram\/wp-content\/uploads\/2013\/07\/mercosur.jpeg\u00bb]<\/p>\n<p>El evento que tradicionalmente se realiza previo al encuentro de mandatarios del bloque integracionista, quienes se reuniron el viernes 12 de julio, fue clausurado por el mandatario uruguayo, Jos\u00e9 &#8216;Pepe&#8217; Mujica.<\/p>\n<p>Los talleres tocaron temas espec\u00edficos como: Educaci\u00f3n en derechos humanos; los medios y las TICs (Tecnolog\u00edas de la informaci\u00f3n y comunicaci\u00f3n); desarrollo productivo e inclusi\u00f3n social; migraci\u00f3n y derechos humanos; tecnolog\u00edas sociales orientadas al desarrollo y a la discapacidad; educaci\u00f3n y cultura; igualdad y no discriminaci\u00f3n.<\/p>\n<p>A la par, se realiz\u00f3 en la misma ciudad el Segundo Foro Empresarial del Mercosur que re\u00fane, en tres instancias, a empresarios y autoridades de la regi\u00f3n.<\/p>\n<p>El encuentro semestral de mandatarios del Mercosur se llev\u00f3 a cabo el viernes 12 de julio en Montevideo, Uruguay.<\/p>\n<p>Durante la cumbre, Venezuela asumi\u00f3 la\u00a0<a href=\"http:\/\/www.telesurtv.net\/articulos\/2013\/07\/09\/venezuela-lanza-mision-mercosur-antes-de-asumir-presidencia-por-tempore-del-mecanismo-de-integracion-5902.html\">presidencia pro t\u00e9mpore del Mercosu<\/a>r, pa\u00eds que impulsar\u00e1 el desarrollo econ\u00f3mico de los miembros del bloque regional comercial, destac\u00f3 el martes el canciller venezolano, El\u00edas Jaua.<\/p>\n<p>El Mercosur est\u00e1 integrado por Argentina, Brasil, Paraguay, Uruguay y Venezuela como miembros con derechos plenos, en tanto que Bolivia est\u00e1 en proceso de adhesi\u00f3n; y Chile, Colombia, Per\u00fa y Ecuador son miembros asociados.[\/vc_column_text][\/vc_column][\/vc_row]<\/p>\n","protected":false},"excerpt":{"rendered":"<p>La Cumbre Social del Mercado Com\u00fan del Sur (Mercosur) se desarroll\u00f3 entre el 10 y 11 del corriente mes en la ciudad de Montevideo, capital de Uruguay, con un programa de ocho talleres entre los cuales se discutieron temas de derechos humanos, desarrollo productivo e inclusi\u00f3n social.<\/p>\n","protected":false},"author":1,"featured_media":9334,"comment_status":"closed","ping_status":"closed","sticky":false,"template":"","format":"standard","meta":{"_jetpack_memberships_contains_paid_content":false,"footnotes":"","jetpack_publicize_message":"","jetpack_publicize_feature_enabled":true,"jetpack_social_post_already_shared":false,"jetpack_social_options":{"image_generator_settings":{"template":"highway","default_image_id":0,"font":"","enabled":false},"version":2}},"categories":[61],"tags":[],"class_list":["post-7532","post","type-post","status-publish","format-standard","has-post-thumbnail","hentry","category-seminarios-y-actividades"],"yoast_head":"<!-- This site is optimized with the Yoast SEO plugin v25.9 - https:\/\/yoast.com\/wordpress\/plugins\/seo\/ -->\n<title>Nuestra participaci\u00f3n en la Cumbre Social del Mercosur 2013 &#8211; FESTRAM<\/title>\n<meta name=\"description\" content=\"La Cumbre Social del Mercado Com\u00fan del Sur (Mercosur) se desarroll\u00f3 entre el 10 y 11 del corriente mes en la ciudad de Montevideo, capital de Uruguay, con un programa de ocho talleres entre los cuales se discutieron temas de derechos humanos, desarrollo productivo e inclusi\u00f3n social.\" \/>\n<meta name=\"robots\" content=\"index, follow, max-snippet:-1, max-image-preview:large, max-video-preview:-1\" \/>\n<link rel=\"canonical\" href=\"https:\/\/municipales.org.ar\/festram\/nuestra-participacion-en-la-cumbre-social-del-mercosur-2013\/\" \/>\n<meta property=\"og:locale\" content=\"es_ES\" \/>\n<meta property=\"og:type\" content=\"article\" \/>\n<meta property=\"og:title\" content=\"Nuestra participaci\u00f3n en la Cumbre Social del Mercosur 2013 &#8211; FESTRAM\" \/>\n<meta property=\"og:description\" content=\"La Cumbre Social del Mercado Com\u00fan del Sur (Mercosur) se desarroll\u00f3 entre el 10 y 11 del corriente mes en la ciudad de Montevideo, capital de Uruguay, con un programa de ocho talleres entre los cuales se discutieron temas de derechos humanos, desarrollo productivo e inclusi\u00f3n social.\" \/>\n<meta property=\"og:url\" content=\"https:\/\/municipales.org.ar\/festram\/nuestra-participacion-en-la-cumbre-social-del-mercosur-2013\/\" \/>\n<meta property=\"og:site_name\" content=\"FESTRAM\" \/>\n<meta property=\"article:publisher\" content=\"https:\/\/www.facebook.com\/MunicipalesSF\" \/>\n<meta property=\"article:published_time\" content=\"2013-07-15T15:50:56+00:00\" \/>\n<meta property=\"article:modified_time\" content=\"2014-06-30T00:58:28+00:00\" \/>\n<meta property=\"og:image\" content=\"https:\/\/municipales.org.ar\/festram\/wp-content\/uploads\/2013\/07\/mercosur.jpeg\" \/>\n\t<meta property=\"og:image:width\" content=\"2048\" \/>\n\t<meta property=\"og:image:height\" content=\"875\" \/>\n\t<meta property=\"og:image:type\" content=\"image\/jpeg\" \/>\n<meta name=\"author\" content=\"mun_admin\" \/>\n<meta name=\"twitter:card\" content=\"summary_large_image\" \/>\n<meta name=\"twitter:creator\" content=\"@MunicipalesSF\" \/>\n<meta name=\"twitter:site\" content=\"@MunicipalesSF\" \/>\n<meta name=\"twitter:label1\" content=\"Escrito por\" \/>\n\t<meta name=\"twitter:data1\" content=\"mun_admin\" \/>\n\t<meta name=\"twitter:label2\" content=\"Tiempo de lectura\" \/>\n\t<meta name=\"twitter:data2\" content=\"1 minuto\" \/>\n<script type=\"application\/ld+json\" class=\"yoast-schema-graph\">{\"@context\":\"https:\/\/schema.org\",\"@graph\":[{\"@type\":\"Article\",\"@id\":\"https:\/\/municipales.org.ar\/festram\/nuestra-participacion-en-la-cumbre-social-del-mercosur-2013\/#article\",\"isPartOf\":{\"@id\":\"https:\/\/municipales.org.ar\/festram\/nuestra-participacion-en-la-cumbre-social-del-mercosur-2013\/\"},\"author\":{\"name\":\"mun_admin\",\"@id\":\"https:\/\/municipales.org.ar\/festram\/#\/schema\/person\/49096a774c48ce9063df4d59ec059f9e\"},\"headline\":\"Nuestra participaci\u00f3n en la Cumbre Social del Mercosur 2013\",\"datePublished\":\"2013-07-15T15:50:56+00:00\",\"dateModified\":\"2014-06-30T00:58:28+00:00\",\"mainEntityOfPage\":{\"@id\":\"https:\/\/municipales.org.ar\/festram\/nuestra-participacion-en-la-cumbre-social-del-mercosur-2013\/\"},\"wordCount\":279,\"publisher\":{\"@id\":\"https:\/\/municipales.org.ar\/festram\/#organization\"},\"image\":{\"@id\":\"https:\/\/municipales.org.ar\/festram\/nuestra-participacion-en-la-cumbre-social-del-mercosur-2013\/#primaryimage\"},\"thumbnailUrl\":\"https:\/\/municipales.org.ar\/festram\/wp-content\/uploads\/2013\/07\/mercosur.jpeg\",\"articleSection\":[\"Seminarios y Actividades\"],\"inLanguage\":\"es\"},{\"@type\":\"WebPage\",\"@id\":\"https:\/\/municipales.org.ar\/festram\/nuestra-participacion-en-la-cumbre-social-del-mercosur-2013\/\",\"url\":\"https:\/\/municipales.org.ar\/festram\/nuestra-participacion-en-la-cumbre-social-del-mercosur-2013\/\",\"name\":\"Nuestra participaci\u00f3n en la Cumbre Social del Mercosur 2013 &#8211; FESTRAM\",\"isPartOf\":{\"@id\":\"https:\/\/municipales.org.ar\/festram\/#website\"},\"primaryImageOfPage\":{\"@id\":\"https:\/\/municipales.org.ar\/festram\/nuestra-participacion-en-la-cumbre-social-del-mercosur-2013\/#primaryimage\"},\"image\":{\"@id\":\"https:\/\/municipales.org.ar\/festram\/nuestra-participacion-en-la-cumbre-social-del-mercosur-2013\/#primaryimage\"},\"thumbnailUrl\":\"https:\/\/municipales.org.ar\/festram\/wp-content\/uploads\/2013\/07\/mercosur.jpeg\",\"datePublished\":\"2013-07-15T15:50:56+00:00\",\"dateModified\":\"2014-06-30T00:58:28+00:00\",\"description\":\"La Cumbre Social del Mercado Com\u00fan del Sur (Mercosur) se desarroll\u00f3 entre el 10 y 11 del corriente mes en la ciudad de Montevideo, capital de Uruguay, con un programa de ocho talleres entre los cuales se discutieron temas de derechos humanos, desarrollo productivo e inclusi\u00f3n social.\",\"breadcrumb\":{\"@id\":\"https:\/\/municipales.org.ar\/festram\/nuestra-participacion-en-la-cumbre-social-del-mercosur-2013\/#breadcrumb\"},\"inLanguage\":\"es\",\"potentialAction\":[{\"@type\":\"ReadAction\",\"target\":[\"https:\/\/municipales.org.ar\/festram\/nuestra-participacion-en-la-cumbre-social-del-mercosur-2013\/\"]}]},{\"@type\":\"ImageObject\",\"inLanguage\":\"es\",\"@id\":\"https:\/\/municipales.org.ar\/festram\/nuestra-participacion-en-la-cumbre-social-del-mercosur-2013\/#primaryimage\",\"url\":\"https:\/\/municipales.org.ar\/festram\/wp-content\/uploads\/2013\/07\/mercosur.jpeg\",\"contentUrl\":\"https:\/\/municipales.org.ar\/festram\/wp-content\/uploads\/2013\/07\/mercosur.jpeg\",\"width\":2048,\"height\":875},{\"@type\":\"BreadcrumbList\",\"@id\":\"https:\/\/municipales.org.ar\/festram\/nuestra-participacion-en-la-cumbre-social-del-mercosur-2013\/#breadcrumb\",\"itemListElement\":[{\"@type\":\"ListItem\",\"position\":1,\"name\":\"Portada\",\"item\":\"https:\/\/municipales.org.ar\/festram\/\"},{\"@type\":\"ListItem\",\"position\":2,\"name\":\"Nuestra participaci\u00f3n en la Cumbre Social del Mercosur 2013\"}]},{\"@type\":\"WebSite\",\"@id\":\"https:\/\/municipales.org.ar\/festram\/#website\",\"url\":\"https:\/\/municipales.org.ar\/festram\/\",\"name\":\"FESTRAM\",\"description\":\"La web de los trabajadores municipales\",\"publisher\":{\"@id\":\"https:\/\/municipales.org.ar\/festram\/#organization\"},\"potentialAction\":[{\"@type\":\"SearchAction\",\"target\":{\"@type\":\"EntryPoint\",\"urlTemplate\":\"https:\/\/municipales.org.ar\/festram\/?s={search_term_string}\"},\"query-input\":{\"@type\":\"PropertyValueSpecification\",\"valueRequired\":true,\"valueName\":\"search_term_string\"}}],\"inLanguage\":\"es\"},{\"@type\":\"Organization\",\"@id\":\"https:\/\/municipales.org.ar\/festram\/#organization\",\"name\":\"Federaci\u00f3n de Sindicatos de Trabajadores Municipales de la Provincia de Santa Fe\",\"url\":\"https:\/\/municipales.org.ar\/festram\/\",\"logo\":{\"@type\":\"ImageObject\",\"inLanguage\":\"es\",\"@id\":\"https:\/\/municipales.org.ar\/festram\/#\/schema\/logo\/image\/\",\"url\":\"https:\/\/www.municipales.org.ar\/festram\/wp-content\/uploads\/2014\/07\/logo_fes.jpg\",\"contentUrl\":\"https:\/\/www.municipales.org.ar\/festram\/wp-content\/uploads\/2014\/07\/logo_fes.jpg\",\"width\":661,\"height\":673,\"caption\":\"Federaci\u00f3n de Sindicatos de Trabajadores Municipales de la Provincia de Santa Fe\"},\"image\":{\"@id\":\"https:\/\/municipales.org.ar\/festram\/#\/schema\/logo\/image\/\"},\"sameAs\":[\"https:\/\/www.facebook.com\/MunicipalesSF\",\"https:\/\/x.com\/MunicipalesSF\",\"https:\/\/www.youtube.com\/user\/festram\"]},{\"@type\":\"Person\",\"@id\":\"https:\/\/municipales.org.ar\/festram\/#\/schema\/person\/49096a774c48ce9063df4d59ec059f9e\",\"name\":\"mun_admin\"}]}<\/script>\n<!-- \/ Yoast SEO plugin. -->","yoast_head_json":{"title":"Nuestra participaci\u00f3n en la Cumbre Social del Mercosur 2013 &#8211; FESTRAM","description":"La Cumbre Social del Mercado Com\u00fan del Sur (Mercosur) se desarroll\u00f3 entre el 10 y 11 del corriente mes en la ciudad de Montevideo, capital de Uruguay, con un programa de ocho talleres entre los cuales se discutieron temas de derechos humanos, desarrollo productivo e inclusi\u00f3n social.","robots":{"index":"index","follow":"follow","max-snippet":"max-snippet:-1","max-image-preview":"max-image-preview:large","max-video-preview":"max-video-preview:-1"},"canonical":"https:\/\/municipales.org.ar\/festram\/nuestra-participacion-en-la-cumbre-social-del-mercosur-2013\/","og_locale":"es_ES","og_type":"article","og_title":"Nuestra participaci\u00f3n en la Cumbre Social del Mercosur 2013 &#8211; FESTRAM","og_description":"La Cumbre Social del Mercado Com\u00fan del Sur (Mercosur) se desarroll\u00f3 entre el 10 y 11 del corriente mes en la ciudad de Montevideo, capital de Uruguay, con un programa de ocho talleres entre los cuales se discutieron temas de derechos humanos, desarrollo productivo e inclusi\u00f3n social.","og_url":"https:\/\/municipales.org.ar\/festram\/nuestra-participacion-en-la-cumbre-social-del-mercosur-2013\/","og_site_name":"FESTRAM","article_publisher":"https:\/\/www.facebook.com\/MunicipalesSF","article_published_time":"2013-07-15T15:50:56+00:00","article_modified_time":"2014-06-30T00:58:28+00:00","og_image":[{"width":2048,"height":875,"url":"https:\/\/municipales.org.ar\/festram\/wp-content\/uploads\/2013\/07\/mercosur.jpeg","type":"image\/jpeg"}],"author":"mun_admin","twitter_card":"summary_large_image","twitter_creator":"@MunicipalesSF","twitter_site":"@MunicipalesSF","twitter_misc":{"Escrito por":"mun_admin","Tiempo de lectura":"1 minuto"},"schema":{"@context":"https:\/\/schema.org","@graph":[{"@type":"Article","@id":"https:\/\/municipales.org.ar\/festram\/nuestra-participacion-en-la-cumbre-social-del-mercosur-2013\/#article","isPartOf":{"@id":"https:\/\/municipales.org.ar\/festram\/nuestra-participacion-en-la-cumbre-social-del-mercosur-2013\/"},"author":{"name":"mun_admin","@id":"https:\/\/municipales.org.ar\/festram\/#\/schema\/person\/49096a774c48ce9063df4d59ec059f9e"},"headline":"Nuestra participaci\u00f3n en la Cumbre Social del Mercosur 2013","datePublished":"2013-07-15T15:50:56+00:00","dateModified":"2014-06-30T00:58:28+00:00","mainEntityOfPage":{"@id":"https:\/\/municipales.org.ar\/festram\/nuestra-participacion-en-la-cumbre-social-del-mercosur-2013\/"},"wordCount":279,"publisher":{"@id":"https:\/\/municipales.org.ar\/festram\/#organization"},"image":{"@id":"https:\/\/municipales.org.ar\/festram\/nuestra-participacion-en-la-cumbre-social-del-mercosur-2013\/#primaryimage"},"thumbnailUrl":"https:\/\/municipales.org.ar\/festram\/wp-content\/uploads\/2013\/07\/mercosur.jpeg","articleSection":["Seminarios y Actividades"],"inLanguage":"es"},{"@type":"WebPage","@id":"https:\/\/municipales.org.ar\/festram\/nuestra-participacion-en-la-cumbre-social-del-mercosur-2013\/","url":"https:\/\/municipales.org.ar\/festram\/nuestra-participacion-en-la-cumbre-social-del-mercosur-2013\/","name":"Nuestra participaci\u00f3n en la Cumbre Social del Mercosur 2013 &#8211; FESTRAM","isPartOf":{"@id":"https:\/\/municipales.org.ar\/festram\/#website"},"primaryImageOfPage":{"@id":"https:\/\/municipales.org.ar\/festram\/nuestra-participacion-en-la-cumbre-social-del-mercosur-2013\/#primaryimage"},"image":{"@id":"https:\/\/municipales.org.ar\/festram\/nuestra-participacion-en-la-cumbre-social-del-mercosur-2013\/#primaryimage"},"thumbnailUrl":"https:\/\/municipales.org.ar\/festram\/wp-content\/uploads\/2013\/07\/mercosur.jpeg","datePublished":"2013-07-15T15:50:56+00:00","dateModified":"2014-06-30T00:58:28+00:00","description":"La Cumbre Social del Mercado Com\u00fan del Sur (Mercosur) se desarroll\u00f3 entre el 10 y 11 del corriente mes en la ciudad de Montevideo, capital de Uruguay, con un programa de ocho talleres entre los cuales se discutieron temas de derechos humanos, desarrollo productivo e inclusi\u00f3n social.","breadcrumb":{"@id":"https:\/\/municipales.org.ar\/festram\/nuestra-participacion-en-la-cumbre-social-del-mercosur-2013\/#breadcrumb"},"inLanguage":"es","potentialAction":[{"@type":"ReadAction","target":["https:\/\/municipales.org.ar\/festram\/nuestra-participacion-en-la-cumbre-social-del-mercosur-2013\/"]}]},{"@type":"ImageObject","inLanguage":"es","@id":"https:\/\/municipales.org.ar\/festram\/nuestra-participacion-en-la-cumbre-social-del-mercosur-2013\/#primaryimage","url":"https:\/\/municipales.org.ar\/festram\/wp-content\/uploads\/2013\/07\/mercosur.jpeg","contentUrl":"https:\/\/municipales.org.ar\/festram\/wp-content\/uploads\/2013\/07\/mercosur.jpeg","width":2048,"height":875},{"@type":"BreadcrumbList","@id":"https:\/\/municipales.org.ar\/festram\/nuestra-participacion-en-la-cumbre-social-del-mercosur-2013\/#breadcrumb","itemListElement":[{"@type":"ListItem","position":1,"name":"Portada","item":"https:\/\/municipales.org.ar\/festram\/"},{"@type":"ListItem","position":2,"name":"Nuestra participaci\u00f3n en la Cumbre Social del Mercosur 2013"}]},{"@type":"WebSite","@id":"https:\/\/municipales.org.ar\/festram\/#website","url":"https:\/\/municipales.org.ar\/festram\/","name":"FESTRAM","description":"La web de los trabajadores municipales","publisher":{"@id":"https:\/\/municipales.org.ar\/festram\/#organization"},"potentialAction":[{"@type":"SearchAction","target":{"@type":"EntryPoint","urlTemplate":"https:\/\/municipales.org.ar\/festram\/?s={search_term_string}"},"query-input":{"@type":"PropertyValueSpecification","valueRequired":true,"valueName":"search_term_string"}}],"inLanguage":"es"},{"@type":"Organization","@id":"https:\/\/municipales.org.ar\/festram\/#organization","name":"Federaci\u00f3n de Sindicatos de Trabajadores Municipales de la Provincia de Santa Fe","url":"https:\/\/municipales.org.ar\/festram\/","logo":{"@type":"ImageObject","inLanguage":"es","@id":"https:\/\/municipales.org.ar\/festram\/#\/schema\/logo\/image\/","url":"https:\/\/www.municipales.org.ar\/festram\/wp-content\/uploads\/2014\/07\/logo_fes.jpg","contentUrl":"https:\/\/www.municipales.org.ar\/festram\/wp-content\/uploads\/2014\/07\/logo_fes.jpg","width":661,"height":673,"caption":"Federaci\u00f3n de Sindicatos de Trabajadores Municipales de la Provincia de Santa Fe"},"image":{"@id":"https:\/\/municipales.org.ar\/festram\/#\/schema\/logo\/image\/"},"sameAs":["https:\/\/www.facebook.com\/MunicipalesSF","https:\/\/x.com\/MunicipalesSF","https:\/\/www.youtube.com\/user\/festram"]},{"@type":"Person","@id":"https:\/\/municipales.org.ar\/festram\/#\/schema\/person\/49096a774c48ce9063df4d59ec059f9e","name":"mun_admin"}]}},"jetpack_publicize_connections":[],"jetpack_featured_media_url":"https:\/\/municipales.org.ar\/festram\/wp-content\/uploads\/2013\/07\/mercosur.jpeg","jetpack_sharing_enabled":true,"jetpack_likes_enabled":false,"jetpack_shortlink":"https:\/\/wp.me\/p7l4x1-1Xu","_links":{"self":[{"href":"https:\/\/municipales.org.ar\/festram\/wp-json\/wp\/v2\/posts\/7532","targetHints":{"allow":["GET"]}}],"collection":[{"href":"https:\/\/municipales.org.ar\/festram\/wp-json\/wp\/v2\/posts"}],"about":[{"href":"https:\/\/municipales.org.ar\/festram\/wp-json\/wp\/v2\/types\/post"}],"author":[{"embeddable":true,"href":"https:\/\/municipales.org.ar\/festram\/wp-json\/wp\/v2\/users\/1"}],"replies":[{"embeddable":true,"href":"https:\/\/municipales.org.ar\/festram\/wp-json\/wp\/v2\/comments?post=7532"}],"version-history":[{"count":2,"href":"https:\/\/municipales.org.ar\/festram\/wp-json\/wp\/v2\/posts\/7532\/revisions"}],"predecessor-version":[{"id":9335,"href":"https:\/\/municipales.org.ar\/festram\/wp-json\/wp\/v2\/posts\/7532\/revisions\/9335"}],"wp:featuredmedia":[{"embeddable":true,"href":"https:\/\/municipales.org.ar\/festram\/wp-json\/wp\/v2\/media\/9334"}],"wp:attachment":[{"href":"https:\/\/municipales.org.ar\/festram\/wp-json\/wp\/v2\/media?parent=7532"}],"wp:term":[{"taxonomy":"category","embeddable":true,"href":"https:\/\/municipales.org.ar\/festram\/wp-json\/wp\/v2\/categories?post=7532"},{"taxonomy":"post_tag","embeddable":true,"href":"https:\/\/municipales.org.ar\/festram\/wp-json\/wp\/v2\/tags?post=7532"}],"curies":[{"name":"wp","href":"https:\/\/api.w.org\/{rel}","templated":true}]}}