{"id":7701,"date":"2010-08-18T00:40:56","date_gmt":"2010-08-18T03:40:56","guid":{"rendered":"http:\/\/190.193.114.249\/festram\/?p=7701"},"modified":"2016-03-07T14:38:41","modified_gmt":"2016-03-07T17:38:41","slug":"jornadas-provinciales-sobre-trata-de-personas","status":"publish","type":"post","link":"https:\/\/municipales.org.ar\/festram\/jornadas-provinciales-sobre-trata-de-personas\/","title":{"rendered":"Jornadas Provinciales sobre Trata de Personas"},"content":{"rendered":"<h5><strong>Organizadas por el Centro de Acceso a la Justicia de Santa Fe, perteneciente al Ministerio de Justicia, Seguridad y Derechos Humanos de la Naci\u00f3n y la FESTRAM (Federaci\u00f3n de Sindicatos de Trabajadores Municipales de la Provincia de Santa Fe), se realizar\u00e1n el d\u00eda jueves 19 de agosto en las instalaciones de SADOP Santa Fe, 4 de Enero 2490, las Jornadas Provinciales de Capacitaci\u00f3n Sobre Trata de Personas, en sus Aspectos Jur\u00eddicos y Sociales.<\/strong><\/h5>\n<h6>\n<strong>COMUNICADO DE PRENSA OFICIAL<\/strong><\/h6>\n<p>[ot-caption title=\u00bb\u00bb url=\u00bbhttp:\/\/municipales.org.ar\/festram\/wp-content\/uploads\/2010\/08\/afiche_trata.jpg\u00bb]<\/p>\n<p>Las mismas est\u00e1n destinadas a docentes, trabajadores sociales, empleados del poder judicial, periodistas, estudiantes comunicaci\u00f3n, psicolog\u00eda, medicina, abogac\u00eda, de carreras afines y p\u00fablico interesado en general. Las jornadas, fueron Declaradas de Inter\u00e9s Provincial por la C\u00e1mara de Diputados de la Provincia de Santa Fe y convocan una amplia participaci\u00f3n de organizaciones (Municipalidad de Santa Fe, U.N.L., Vecinales, Sindicatos) en el siguiente programa:<\/p>\n<p><strong>15 hs. Taller de Capacitaci\u00f3n para Periodistas: brindado a periodistas y estudiantes de comunicaci\u00f3n, sobre el rol de los medios de comunicaci\u00f3n en la tem\u00e1tica de Trata de Personas.<\/strong><\/p>\n<p><strong>18 hs. Panel de expositores y taller: destinado a profesionales, estudiantes y p\u00fablico interesado. Las conferencias del panel se difundir\u00e1n por videoconferencia a trav\u00e9s de la web a distintas instituciones del interior de la provincia y podr\u00e1n ser presenciadas al mismo tiempo en escuelas de nuestra Ciudad.<\/strong><\/p>\n<ul>\n<li><strong>Palabras de bienvenida: Autoridades estatales, Sr. Claudio LEONI (Sec. Gral. de FESTRAM), Pedro Bay\u00fagar (SADOP)<\/strong><\/li>\n<li><strong>Fiscal Federal Diego LUCIANI (Buenos Aires)<\/strong><\/li>\n<li><strong>Equipo Interdisciplinario de la Oficina de Rescate y Acompa\u00f1amiento a Personas Damnificadas por Delito de Trata (Min. de Justicia de la Naci\u00f3n)<\/strong><\/li>\n<li><strong>Liliana LOYOLA (Defensora Adjunta del Pueblo de la Provincia de Santa Fe)<\/strong><\/li>\n<li><strong>Stella Maris VALLEJOS (INADI Santa Fe)<\/strong><\/li>\n<li><strong>Lic. Matias DALLA FONTANA (Coordinador de Acceso a la Justicia Santa Fe)<\/strong><\/li>\n<\/ul>\n<p>Todas las actividades son libres y gratuitas y se entregar\u00e1 certificados de asistencia.<\/p>\n<p>SEDE PRESENCIAL:<br \/>\nSANTA FE: SADOP. 4 DE ENERO 2490<\/p>\n<p>SEDES DE VIDEOCONFERENCIA:<br \/>\n&#8211; Rafaela: Sede del SADOP. Sarmiento 561. Tel\u00e9fono: 03492 ? 578158<br \/>\n&#8211; Reconquista: Sede del SADOP. Iriondo 827. Tel\u00e9fono: 03482 426989<br \/>\n&#8211; Esperanza: Sal\u00f3n Blanco del Palacio Municipal<br \/>\n&#8211; Santa Fe: Complejo Ceferino Namuncur\u00e1 . 12 de Octubre 9400<br \/>\n&#8211; Santa Fe: Escuela Cristo Obrero. Padre Catena 4255<\/p>\n<p>&nbsp;<\/p>\n<p>Todas las actividades son libres y gratuitas y se entregar\u00e1n certificados de asistencia.<\/p>\n","protected":false},"excerpt":{"rendered":"<p>Organizadas por el Centro de Acceso a la Justicia de Santa Fe, perteneciente al Ministerio de Justicia, Seguridad y Derechos Humanos de la Naci\u00f3n y la FESTRAM (Federaci\u00f3n de Sindicatos de Trabajadores Municipales de la Provincia de Santa Fe), se realizar\u00e1n el d\u00eda jueves 19 de agosto en las instalaciones de SADOP Santa Fe, 4 de Enero 2490, las Jornadas Provinciales de Capacitaci\u00f3n Sobre Trata de Personas, en sus Aspectos Jur\u00eddicos y Sociales.<\/p>\n","protected":false},"author":1,"featured_media":7759,"comment_status":"closed","ping_status":"closed","sticky":false,"template":"","format":"standard","meta":{"_jetpack_memberships_contains_paid_content":false,"footnotes":"","jetpack_publicize_message":"","jetpack_publicize_feature_enabled":true,"jetpack_social_post_already_shared":false,"jetpack_social_options":{"image_generator_settings":{"template":"highway","default_image_id":0,"font":"","enabled":false},"version":2}},"categories":[125,61],"tags":[65,87],"class_list":["post-7701","post","type-post","status-publish","format-standard","has-post-thumbnail","hentry","category-mas-antiguos","category-seminarios-y-actividades","tag-capacitacion-2","tag-genero-2"],"yoast_head":"<!-- This site is optimized with the Yoast SEO plugin v25.9 - https:\/\/yoast.com\/wordpress\/plugins\/seo\/ -->\n<title>Jornadas Provinciales sobre Trata de Personas &#8211; FESTRAM<\/title>\n<meta name=\"description\" content=\"Organizadas por el Centro de Acceso a la Justicia de Santa Fe, perteneciente al Ministerio de Justicia, Seguridad y Derechos Humanos de la Naci\u00f3n y la FESTRAM (Federaci\u00f3n de Sindicatos de Trabajadores Municipales de la Provincia de Santa Fe), se realizar\u00e1n el d\u00eda jueves 19 de agosto en las instalaciones de SADOP Santa Fe, 4 de Enero 2490, las Jornadas Provinciales de Capacitaci\u00f3n Sobre Trata de Personas, en sus Aspectos Jur\u00eddicos y Sociales.\" \/>\n<meta name=\"robots\" content=\"index, follow, max-snippet:-1, max-image-preview:large, max-video-preview:-1\" \/>\n<link rel=\"canonical\" href=\"https:\/\/municipales.org.ar\/festram\/jornadas-provinciales-sobre-trata-de-personas\/\" \/>\n<meta property=\"og:locale\" content=\"es_ES\" \/>\n<meta property=\"og:type\" content=\"article\" \/>\n<meta property=\"og:title\" content=\"Jornadas Provinciales sobre Trata de Personas &#8211; FESTRAM\" \/>\n<meta property=\"og:description\" content=\"Organizadas por el Centro de Acceso a la Justicia de Santa Fe, perteneciente al Ministerio de Justicia, Seguridad y Derechos Humanos de la Naci\u00f3n y la FESTRAM (Federaci\u00f3n de Sindicatos de Trabajadores Municipales de la Provincia de Santa Fe), se realizar\u00e1n el d\u00eda jueves 19 de agosto en las instalaciones de SADOP Santa Fe, 4 de Enero 2490, las Jornadas Provinciales de Capacitaci\u00f3n Sobre Trata de Personas, en sus Aspectos Jur\u00eddicos y Sociales.\" \/>\n<meta property=\"og:url\" content=\"https:\/\/municipales.org.ar\/festram\/jornadas-provinciales-sobre-trata-de-personas\/\" \/>\n<meta property=\"og:site_name\" content=\"FESTRAM\" \/>\n<meta property=\"article:publisher\" content=\"https:\/\/www.facebook.com\/MunicipalesSF\" \/>\n<meta property=\"article:published_time\" content=\"2010-08-18T03:40:56+00:00\" \/>\n<meta property=\"article:modified_time\" content=\"2016-03-07T17:38:41+00:00\" \/>\n<meta property=\"og:image\" content=\"https:\/\/municipales.org.ar\/festram\/wp-content\/uploads\/2010\/08\/afiche_trata.jpg\" \/>\n\t<meta property=\"og:image:width\" content=\"1169\" \/>\n\t<meta property=\"og:image:height\" content=\"1653\" \/>\n\t<meta property=\"og:image:type\" content=\"image\/jpeg\" \/>\n<meta name=\"author\" content=\"mun_admin\" \/>\n<meta name=\"twitter:card\" content=\"summary_large_image\" \/>\n<meta name=\"twitter:creator\" content=\"@MunicipalesSF\" \/>\n<meta name=\"twitter:site\" content=\"@MunicipalesSF\" \/>\n<meta name=\"twitter:label1\" content=\"Escrito por\" \/>\n\t<meta name=\"twitter:data1\" content=\"mun_admin\" \/>\n\t<meta name=\"twitter:label2\" content=\"Tiempo de lectura\" \/>\n\t<meta name=\"twitter:data2\" content=\"2 minutos\" \/>\n<script type=\"application\/ld+json\" class=\"yoast-schema-graph\">{\"@context\":\"https:\/\/schema.org\",\"@graph\":[{\"@type\":\"Article\",\"@id\":\"https:\/\/municipales.org.ar\/festram\/jornadas-provinciales-sobre-trata-de-personas\/#article\",\"isPartOf\":{\"@id\":\"https:\/\/municipales.org.ar\/festram\/jornadas-provinciales-sobre-trata-de-personas\/\"},\"author\":{\"name\":\"mun_admin\",\"@id\":\"https:\/\/municipales.org.ar\/festram\/#\/schema\/person\/49096a774c48ce9063df4d59ec059f9e\"},\"headline\":\"Jornadas Provinciales sobre Trata de Personas\",\"datePublished\":\"2010-08-18T03:40:56+00:00\",\"dateModified\":\"2016-03-07T17:38:41+00:00\",\"mainEntityOfPage\":{\"@id\":\"https:\/\/municipales.org.ar\/festram\/jornadas-provinciales-sobre-trata-de-personas\/\"},\"wordCount\":407,\"publisher\":{\"@id\":\"https:\/\/municipales.org.ar\/festram\/#organization\"},\"image\":{\"@id\":\"https:\/\/municipales.org.ar\/festram\/jornadas-provinciales-sobre-trata-de-personas\/#primaryimage\"},\"thumbnailUrl\":\"https:\/\/municipales.org.ar\/festram\/wp-content\/uploads\/2010\/08\/afiche_trata.jpg\",\"keywords\":[\"capacitaci\u00f3n\",\"g\u00e9nero\"],\"articleSection\":[\"M\u00e1s Antiguos\",\"Seminarios y Actividades\"],\"inLanguage\":\"es\"},{\"@type\":\"WebPage\",\"@id\":\"https:\/\/municipales.org.ar\/festram\/jornadas-provinciales-sobre-trata-de-personas\/\",\"url\":\"https:\/\/municipales.org.ar\/festram\/jornadas-provinciales-sobre-trata-de-personas\/\",\"name\":\"Jornadas Provinciales sobre Trata de Personas &#8211; FESTRAM\",\"isPartOf\":{\"@id\":\"https:\/\/municipales.org.ar\/festram\/#website\"},\"primaryImageOfPage\":{\"@id\":\"https:\/\/municipales.org.ar\/festram\/jornadas-provinciales-sobre-trata-de-personas\/#primaryimage\"},\"image\":{\"@id\":\"https:\/\/municipales.org.ar\/festram\/jornadas-provinciales-sobre-trata-de-personas\/#primaryimage\"},\"thumbnailUrl\":\"https:\/\/municipales.org.ar\/festram\/wp-content\/uploads\/2010\/08\/afiche_trata.jpg\",\"datePublished\":\"2010-08-18T03:40:56+00:00\",\"dateModified\":\"2016-03-07T17:38:41+00:00\",\"description\":\"Organizadas por el Centro de Acceso a la Justicia de Santa Fe, perteneciente al Ministerio de Justicia, Seguridad y Derechos Humanos de la Naci\u00f3n y la FESTRAM (Federaci\u00f3n de Sindicatos de Trabajadores Municipales de la Provincia de Santa Fe), se realizar\u00e1n el d\u00eda jueves 19 de agosto en las instalaciones de SADOP Santa Fe, 4 de Enero 2490, las Jornadas Provinciales de Capacitaci\u00f3n Sobre Trata de Personas, en sus Aspectos Jur\u00eddicos y Sociales.\",\"breadcrumb\":{\"@id\":\"https:\/\/municipales.org.ar\/festram\/jornadas-provinciales-sobre-trata-de-personas\/#breadcrumb\"},\"inLanguage\":\"es\",\"potentialAction\":[{\"@type\":\"ReadAction\",\"target\":[\"https:\/\/municipales.org.ar\/festram\/jornadas-provinciales-sobre-trata-de-personas\/\"]}]},{\"@type\":\"ImageObject\",\"inLanguage\":\"es\",\"@id\":\"https:\/\/municipales.org.ar\/festram\/jornadas-provinciales-sobre-trata-de-personas\/#primaryimage\",\"url\":\"https:\/\/municipales.org.ar\/festram\/wp-content\/uploads\/2010\/08\/afiche_trata.jpg\",\"contentUrl\":\"https:\/\/municipales.org.ar\/festram\/wp-content\/uploads\/2010\/08\/afiche_trata.jpg\",\"width\":1169,\"height\":1653},{\"@type\":\"BreadcrumbList\",\"@id\":\"https:\/\/municipales.org.ar\/festram\/jornadas-provinciales-sobre-trata-de-personas\/#breadcrumb\",\"itemListElement\":[{\"@type\":\"ListItem\",\"position\":1,\"name\":\"Portada\",\"item\":\"https:\/\/municipales.org.ar\/festram\/\"},{\"@type\":\"ListItem\",\"position\":2,\"name\":\"Jornadas Provinciales sobre Trata de Personas\"}]},{\"@type\":\"WebSite\",\"@id\":\"https:\/\/municipales.org.ar\/festram\/#website\",\"url\":\"https:\/\/municipales.org.ar\/festram\/\",\"name\":\"FESTRAM\",\"description\":\"La web de los trabajadores municipales\",\"publisher\":{\"@id\":\"https:\/\/municipales.org.ar\/festram\/#organization\"},\"potentialAction\":[{\"@type\":\"SearchAction\",\"target\":{\"@type\":\"EntryPoint\",\"urlTemplate\":\"https:\/\/municipales.org.ar\/festram\/?s={search_term_string}\"},\"query-input\":{\"@type\":\"PropertyValueSpecification\",\"valueRequired\":true,\"valueName\":\"search_term_string\"}}],\"inLanguage\":\"es\"},{\"@type\":\"Organization\",\"@id\":\"https:\/\/municipales.org.ar\/festram\/#organization\",\"name\":\"Federaci\u00f3n de Sindicatos de Trabajadores Municipales de la Provincia de Santa Fe\",\"url\":\"https:\/\/municipales.org.ar\/festram\/\",\"logo\":{\"@type\":\"ImageObject\",\"inLanguage\":\"es\",\"@id\":\"https:\/\/municipales.org.ar\/festram\/#\/schema\/logo\/image\/\",\"url\":\"https:\/\/www.municipales.org.ar\/festram\/wp-content\/uploads\/2014\/07\/logo_fes.jpg\",\"contentUrl\":\"https:\/\/www.municipales.org.ar\/festram\/wp-content\/uploads\/2014\/07\/logo_fes.jpg\",\"width\":661,\"height\":673,\"caption\":\"Federaci\u00f3n de Sindicatos de Trabajadores Municipales de la Provincia de Santa Fe\"},\"image\":{\"@id\":\"https:\/\/municipales.org.ar\/festram\/#\/schema\/logo\/image\/\"},\"sameAs\":[\"https:\/\/www.facebook.com\/MunicipalesSF\",\"https:\/\/x.com\/MunicipalesSF\",\"https:\/\/www.youtube.com\/user\/festram\"]},{\"@type\":\"Person\",\"@id\":\"https:\/\/municipales.org.ar\/festram\/#\/schema\/person\/49096a774c48ce9063df4d59ec059f9e\",\"name\":\"mun_admin\"}]}<\/script>\n<!-- \/ Yoast SEO plugin. -->","yoast_head_json":{"title":"Jornadas Provinciales sobre Trata de Personas &#8211; FESTRAM","description":"Organizadas por el Centro de Acceso a la Justicia de Santa Fe, perteneciente al Ministerio de Justicia, Seguridad y Derechos Humanos de la Naci\u00f3n y la FESTRAM (Federaci\u00f3n de Sindicatos de Trabajadores Municipales de la Provincia de Santa Fe), se realizar\u00e1n el d\u00eda jueves 19 de agosto en las instalaciones de SADOP Santa Fe, 4 de Enero 2490, las Jornadas Provinciales de Capacitaci\u00f3n Sobre Trata de Personas, en sus Aspectos Jur\u00eddicos y Sociales.","robots":{"index":"index","follow":"follow","max-snippet":"max-snippet:-1","max-image-preview":"max-image-preview:large","max-video-preview":"max-video-preview:-1"},"canonical":"https:\/\/municipales.org.ar\/festram\/jornadas-provinciales-sobre-trata-de-personas\/","og_locale":"es_ES","og_type":"article","og_title":"Jornadas Provinciales sobre Trata de Personas &#8211; FESTRAM","og_description":"Organizadas por el Centro de Acceso a la Justicia de Santa Fe, perteneciente al Ministerio de Justicia, Seguridad y Derechos Humanos de la Naci\u00f3n y la FESTRAM (Federaci\u00f3n de Sindicatos de Trabajadores Municipales de la Provincia de Santa Fe), se realizar\u00e1n el d\u00eda jueves 19 de agosto en las instalaciones de SADOP Santa Fe, 4 de Enero 2490, las Jornadas Provinciales de Capacitaci\u00f3n Sobre Trata de Personas, en sus Aspectos Jur\u00eddicos y Sociales.","og_url":"https:\/\/municipales.org.ar\/festram\/jornadas-provinciales-sobre-trata-de-personas\/","og_site_name":"FESTRAM","article_publisher":"https:\/\/www.facebook.com\/MunicipalesSF","article_published_time":"2010-08-18T03:40:56+00:00","article_modified_time":"2016-03-07T17:38:41+00:00","og_image":[{"width":1169,"height":1653,"url":"https:\/\/municipales.org.ar\/festram\/wp-content\/uploads\/2010\/08\/afiche_trata.jpg","type":"image\/jpeg"}],"author":"mun_admin","twitter_card":"summary_large_image","twitter_creator":"@MunicipalesSF","twitter_site":"@MunicipalesSF","twitter_misc":{"Escrito por":"mun_admin","Tiempo de lectura":"2 minutos"},"schema":{"@context":"https:\/\/schema.org","@graph":[{"@type":"Article","@id":"https:\/\/municipales.org.ar\/festram\/jornadas-provinciales-sobre-trata-de-personas\/#article","isPartOf":{"@id":"https:\/\/municipales.org.ar\/festram\/jornadas-provinciales-sobre-trata-de-personas\/"},"author":{"name":"mun_admin","@id":"https:\/\/municipales.org.ar\/festram\/#\/schema\/person\/49096a774c48ce9063df4d59ec059f9e"},"headline":"Jornadas Provinciales sobre Trata de Personas","datePublished":"2010-08-18T03:40:56+00:00","dateModified":"2016-03-07T17:38:41+00:00","mainEntityOfPage":{"@id":"https:\/\/municipales.org.ar\/festram\/jornadas-provinciales-sobre-trata-de-personas\/"},"wordCount":407,"publisher":{"@id":"https:\/\/municipales.org.ar\/festram\/#organization"},"image":{"@id":"https:\/\/municipales.org.ar\/festram\/jornadas-provinciales-sobre-trata-de-personas\/#primaryimage"},"thumbnailUrl":"https:\/\/municipales.org.ar\/festram\/wp-content\/uploads\/2010\/08\/afiche_trata.jpg","keywords":["capacitaci\u00f3n","g\u00e9nero"],"articleSection":["M\u00e1s Antiguos","Seminarios y Actividades"],"inLanguage":"es"},{"@type":"WebPage","@id":"https:\/\/municipales.org.ar\/festram\/jornadas-provinciales-sobre-trata-de-personas\/","url":"https:\/\/municipales.org.ar\/festram\/jornadas-provinciales-sobre-trata-de-personas\/","name":"Jornadas Provinciales sobre Trata de Personas &#8211; FESTRAM","isPartOf":{"@id":"https:\/\/municipales.org.ar\/festram\/#website"},"primaryImageOfPage":{"@id":"https:\/\/municipales.org.ar\/festram\/jornadas-provinciales-sobre-trata-de-personas\/#primaryimage"},"image":{"@id":"https:\/\/municipales.org.ar\/festram\/jornadas-provinciales-sobre-trata-de-personas\/#primaryimage"},"thumbnailUrl":"https:\/\/municipales.org.ar\/festram\/wp-content\/uploads\/2010\/08\/afiche_trata.jpg","datePublished":"2010-08-18T03:40:56+00:00","dateModified":"2016-03-07T17:38:41+00:00","description":"Organizadas por el Centro de Acceso a la Justicia de Santa Fe, perteneciente al Ministerio de Justicia, Seguridad y Derechos Humanos de la Naci\u00f3n y la FESTRAM (Federaci\u00f3n de Sindicatos de Trabajadores Municipales de la Provincia de Santa Fe), se realizar\u00e1n el d\u00eda jueves 19 de agosto en las instalaciones de SADOP Santa Fe, 4 de Enero 2490, las Jornadas Provinciales de Capacitaci\u00f3n Sobre Trata de Personas, en sus Aspectos Jur\u00eddicos y Sociales.","breadcrumb":{"@id":"https:\/\/municipales.org.ar\/festram\/jornadas-provinciales-sobre-trata-de-personas\/#breadcrumb"},"inLanguage":"es","potentialAction":[{"@type":"ReadAction","target":["https:\/\/municipales.org.ar\/festram\/jornadas-provinciales-sobre-trata-de-personas\/"]}]},{"@type":"ImageObject","inLanguage":"es","@id":"https:\/\/municipales.org.ar\/festram\/jornadas-provinciales-sobre-trata-de-personas\/#primaryimage","url":"https:\/\/municipales.org.ar\/festram\/wp-content\/uploads\/2010\/08\/afiche_trata.jpg","contentUrl":"https:\/\/municipales.org.ar\/festram\/wp-content\/uploads\/2010\/08\/afiche_trata.jpg","width":1169,"height":1653},{"@type":"BreadcrumbList","@id":"https:\/\/municipales.org.ar\/festram\/jornadas-provinciales-sobre-trata-de-personas\/#breadcrumb","itemListElement":[{"@type":"ListItem","position":1,"name":"Portada","item":"https:\/\/municipales.org.ar\/festram\/"},{"@type":"ListItem","position":2,"name":"Jornadas Provinciales sobre Trata de Personas"}]},{"@type":"WebSite","@id":"https:\/\/municipales.org.ar\/festram\/#website","url":"https:\/\/municipales.org.ar\/festram\/","name":"FESTRAM","description":"La web de los trabajadores municipales","publisher":{"@id":"https:\/\/municipales.org.ar\/festram\/#organization"},"potentialAction":[{"@type":"SearchAction","target":{"@type":"EntryPoint","urlTemplate":"https:\/\/municipales.org.ar\/festram\/?s={search_term_string}"},"query-input":{"@type":"PropertyValueSpecification","valueRequired":true,"valueName":"search_term_string"}}],"inLanguage":"es"},{"@type":"Organization","@id":"https:\/\/municipales.org.ar\/festram\/#organization","name":"Federaci\u00f3n de Sindicatos de Trabajadores Municipales de la Provincia de Santa Fe","url":"https:\/\/municipales.org.ar\/festram\/","logo":{"@type":"ImageObject","inLanguage":"es","@id":"https:\/\/municipales.org.ar\/festram\/#\/schema\/logo\/image\/","url":"https:\/\/www.municipales.org.ar\/festram\/wp-content\/uploads\/2014\/07\/logo_fes.jpg","contentUrl":"https:\/\/www.municipales.org.ar\/festram\/wp-content\/uploads\/2014\/07\/logo_fes.jpg","width":661,"height":673,"caption":"Federaci\u00f3n de Sindicatos de Trabajadores Municipales de la Provincia de Santa Fe"},"image":{"@id":"https:\/\/municipales.org.ar\/festram\/#\/schema\/logo\/image\/"},"sameAs":["https:\/\/www.facebook.com\/MunicipalesSF","https:\/\/x.com\/MunicipalesSF","https:\/\/www.youtube.com\/user\/festram"]},{"@type":"Person","@id":"https:\/\/municipales.org.ar\/festram\/#\/schema\/person\/49096a774c48ce9063df4d59ec059f9e","name":"mun_admin"}]}},"jetpack_publicize_connections":[],"jetpack_featured_media_url":"https:\/\/municipales.org.ar\/festram\/wp-content\/uploads\/2010\/08\/afiche_trata.jpg","jetpack_sharing_enabled":true,"jetpack_likes_enabled":false,"jetpack_shortlink":"https:\/\/wp.me\/p7l4x1-20d","_links":{"self":[{"href":"https:\/\/municipales.org.ar\/festram\/wp-json\/wp\/v2\/posts\/7701","targetHints":{"allow":["GET"]}}],"collection":[{"href":"https:\/\/municipales.org.ar\/festram\/wp-json\/wp\/v2\/posts"}],"about":[{"href":"https:\/\/municipales.org.ar\/festram\/wp-json\/wp\/v2\/types\/post"}],"author":[{"embeddable":true,"href":"https:\/\/municipales.org.ar\/festram\/wp-json\/wp\/v2\/users\/1"}],"replies":[{"embeddable":true,"href":"https:\/\/municipales.org.ar\/festram\/wp-json\/wp\/v2\/comments?post=7701"}],"version-history":[{"count":2,"href":"https:\/\/municipales.org.ar\/festram\/wp-json\/wp\/v2\/posts\/7701\/revisions"}],"predecessor-version":[{"id":7760,"href":"https:\/\/municipales.org.ar\/festram\/wp-json\/wp\/v2\/posts\/7701\/revisions\/7760"}],"wp:featuredmedia":[{"embeddable":true,"href":"https:\/\/municipales.org.ar\/festram\/wp-json\/wp\/v2\/media\/7759"}],"wp:attachment":[{"href":"https:\/\/municipales.org.ar\/festram\/wp-json\/wp\/v2\/media?parent=7701"}],"wp:term":[{"taxonomy":"category","embeddable":true,"href":"https:\/\/municipales.org.ar\/festram\/wp-json\/wp\/v2\/categories?post=7701"},{"taxonomy":"post_tag","embeddable":true,"href":"https:\/\/municipales.org.ar\/festram\/wp-json\/wp\/v2\/tags?post=7701"}],"curies":[{"name":"wp","href":"https:\/\/api.w.org\/{rel}","templated":true}]}}