{"id":7711,"date":"2010-06-07T01:10:22","date_gmt":"2010-06-07T04:10:22","guid":{"rendered":"http:\/\/190.193.114.249\/festram\/?p=7711"},"modified":"2014-06-24T18:09:58","modified_gmt":"2014-06-24T21:09:58","slug":"festram-auspicia-debate-sobre-comunicacion-popular","status":"publish","type":"post","link":"https:\/\/municipales.org.ar\/festram\/festram-auspicia-debate-sobre-comunicacion-popular\/","title":{"rendered":"FESTRAM auspicia debate sobre comunicaci\u00f3n popular"},"content":{"rendered":"<h5><strong>El escritor y periodista Orlando Barone, actualmente panelista del Programa 6-7-8, comparti\u00f3 con el titular de FESTRAM e integrante de la Coalici\u00f3n por una Radiodifusi\u00f3n Democr\u00e1tica, Claudio Leoni un panel para debatir \u00abEl rol de la comunicaci\u00f3n social en la construcci\u00f3n de ciudadan\u00eda\u00bb.<br \/>\n<\/strong><\/h5>\n<p>&nbsp;<\/p>\n<p>El debate cont\u00f3 con la presencia del Director de la carrera de periodismo del ISET 18 de Rosario, Ricardo Rambaudi y fue coordinado por el Secretario Adjunto de FESTRAM, Antonio Ratner.<\/p>\n<p>La actividad se llev\u00f3 a cabo en el Sal\u00f3n de Actos del Sindicato de Trabajadores Municipales de Rosario, cuyas instalaciones fueron desbordadas por un p\u00fablico de amplia diversidad. M\u00e1s de 700 personas se convocaron en torno a la necesidad de debate que genera el rol de los medios de comunicaci\u00f3n social y la destacada personalidad del columnista del programa 6-7-8.<\/p>\n<p>El encuentro se desarroll\u00f3 en torno a la Conmemoraci\u00f3n del D\u00eda del Periodista y al Bicentenario de la \u00abGazeta de Buenos Ayres\u00bb fundada por Mariano Moreno.<\/p>\n<p>En un contexto de fuerte cr\u00edtica a la concentraci\u00f3n de los medios de comunicaci\u00f3n en manos de grupos oligop\u00f3licos, se respald\u00f3 la nueva Ley de Servicios Audiovisuales, destacando tambi\u00e9n los efectos que tienen los discursos hegem\u00f3nicos sobre los intereses de los sectores populares; la dependencia que se genera sobre la libertad de expresi\u00f3n cuando el periodismo trasmite el ideario de libre mercado sobre la realidad del conjunto de la poblaci\u00f3n y la importancia de la diversidad de opiniones para la construcci\u00f3n de una sociedad democr\u00e1tica.<\/p>\n<p>Por su parte, Orlando Barone asegur\u00f3 a FESTRAM que intentar\u00e1 buscar espacio en su apretada agenda para replicar esta experiencia en la ciudad de Santa Fe y otras localidades del interior de la Provincia.<\/p>\n","protected":false},"excerpt":{"rendered":"<p>El escritor y periodista Orlando Barone, actualmente panelista del Programa 6-7-8, comparti\u00f3 con el titular de FESTRAM e integrante de la Coalici\u00f3n por una Radiodifusi\u00f3n Democr\u00e1tica, Claudio Leoni un panel para debatir \u00abEl rol de la comunicaci\u00f3n social en la construcci\u00f3n de ciudadan\u00eda\u00bb.<\/p>\n","protected":false},"author":1,"featured_media":7732,"comment_status":"closed","ping_status":"closed","sticky":false,"template":"","format":"standard","meta":{"_jetpack_memberships_contains_paid_content":false,"footnotes":"","jetpack_publicize_message":"","jetpack_publicize_feature_enabled":true,"jetpack_social_post_already_shared":false,"jetpack_social_options":{"image_generator_settings":{"template":"highway","default_image_id":0,"font":"","enabled":false},"version":2}},"categories":[61],"tags":[70],"class_list":["post-7711","post","type-post","status-publish","format-standard","has-post-thumbnail","hentry","category-seminarios-y-actividades","tag-el-pais"],"yoast_head":"<!-- This site is optimized with the Yoast SEO plugin v25.9 - https:\/\/yoast.com\/wordpress\/plugins\/seo\/ -->\n<title>FESTRAM auspicia debate sobre comunicaci\u00f3n popular &#8211; FESTRAM<\/title>\n<meta name=\"description\" content=\"El escritor y periodista Orlando Barone, actualmente panelista del Programa 6-7-8, comparti\u00f3 con el titular de FESTRAM e integrante de la Coalici\u00f3n por una Radiodifusi\u00f3n Democr\u00e1tica, Claudio Leoni un panel para debatir &quot;El rol de la comunicaci\u00f3n social en la construcci\u00f3n de ciudadan\u00eda&quot;.\" \/>\n<meta name=\"robots\" content=\"index, follow, max-snippet:-1, max-image-preview:large, max-video-preview:-1\" \/>\n<link rel=\"canonical\" href=\"https:\/\/municipales.org.ar\/festram\/festram-auspicia-debate-sobre-comunicacion-popular\/\" \/>\n<meta property=\"og:locale\" content=\"es_ES\" \/>\n<meta property=\"og:type\" content=\"article\" \/>\n<meta property=\"og:title\" content=\"FESTRAM auspicia debate sobre comunicaci\u00f3n popular &#8211; FESTRAM\" \/>\n<meta property=\"og:description\" content=\"El escritor y periodista Orlando Barone, actualmente panelista del Programa 6-7-8, comparti\u00f3 con el titular de FESTRAM e integrante de la Coalici\u00f3n por una Radiodifusi\u00f3n Democr\u00e1tica, Claudio Leoni un panel para debatir &quot;El rol de la comunicaci\u00f3n social en la construcci\u00f3n de ciudadan\u00eda&quot;.\" \/>\n<meta property=\"og:url\" content=\"https:\/\/municipales.org.ar\/festram\/festram-auspicia-debate-sobre-comunicacion-popular\/\" \/>\n<meta property=\"og:site_name\" content=\"FESTRAM\" \/>\n<meta property=\"article:publisher\" content=\"https:\/\/www.facebook.com\/MunicipalesSF\" \/>\n<meta property=\"article:published_time\" content=\"2010-06-07T04:10:22+00:00\" \/>\n<meta property=\"article:modified_time\" content=\"2014-06-24T21:09:58+00:00\" \/>\n<meta property=\"og:image\" content=\"https:\/\/municipales.org.ar\/festram\/wp-content\/uploads\/2010\/06\/barone.jpeg\" \/>\n\t<meta property=\"og:image:width\" content=\"1500\" \/>\n\t<meta property=\"og:image:height\" content=\"1000\" \/>\n\t<meta property=\"og:image:type\" content=\"image\/jpeg\" \/>\n<meta name=\"author\" content=\"mun_admin\" \/>\n<meta name=\"twitter:card\" content=\"summary_large_image\" \/>\n<meta name=\"twitter:creator\" content=\"@MunicipalesSF\" \/>\n<meta name=\"twitter:site\" content=\"@MunicipalesSF\" \/>\n<meta name=\"twitter:label1\" content=\"Escrito por\" \/>\n\t<meta name=\"twitter:data1\" content=\"mun_admin\" \/>\n\t<meta name=\"twitter:label2\" content=\"Tiempo de lectura\" \/>\n\t<meta name=\"twitter:data2\" content=\"2 minutos\" \/>\n<script type=\"application\/ld+json\" class=\"yoast-schema-graph\">{\"@context\":\"https:\/\/schema.org\",\"@graph\":[{\"@type\":\"Article\",\"@id\":\"https:\/\/municipales.org.ar\/festram\/festram-auspicia-debate-sobre-comunicacion-popular\/#article\",\"isPartOf\":{\"@id\":\"https:\/\/municipales.org.ar\/festram\/festram-auspicia-debate-sobre-comunicacion-popular\/\"},\"author\":{\"name\":\"mun_admin\",\"@id\":\"https:\/\/municipales.org.ar\/festram\/#\/schema\/person\/49096a774c48ce9063df4d59ec059f9e\"},\"headline\":\"FESTRAM auspicia debate sobre comunicaci\u00f3n popular\",\"datePublished\":\"2010-06-07T04:10:22+00:00\",\"dateModified\":\"2014-06-24T21:09:58+00:00\",\"mainEntityOfPage\":{\"@id\":\"https:\/\/municipales.org.ar\/festram\/festram-auspicia-debate-sobre-comunicacion-popular\/\"},\"wordCount\":309,\"publisher\":{\"@id\":\"https:\/\/municipales.org.ar\/festram\/#organization\"},\"image\":{\"@id\":\"https:\/\/municipales.org.ar\/festram\/festram-auspicia-debate-sobre-comunicacion-popular\/#primaryimage\"},\"thumbnailUrl\":\"https:\/\/municipales.org.ar\/festram\/wp-content\/uploads\/2010\/06\/barone.jpeg\",\"keywords\":[\"el pa\u00eds\"],\"articleSection\":[\"Seminarios y Actividades\"],\"inLanguage\":\"es\"},{\"@type\":\"WebPage\",\"@id\":\"https:\/\/municipales.org.ar\/festram\/festram-auspicia-debate-sobre-comunicacion-popular\/\",\"url\":\"https:\/\/municipales.org.ar\/festram\/festram-auspicia-debate-sobre-comunicacion-popular\/\",\"name\":\"FESTRAM auspicia debate sobre comunicaci\u00f3n popular &#8211; FESTRAM\",\"isPartOf\":{\"@id\":\"https:\/\/municipales.org.ar\/festram\/#website\"},\"primaryImageOfPage\":{\"@id\":\"https:\/\/municipales.org.ar\/festram\/festram-auspicia-debate-sobre-comunicacion-popular\/#primaryimage\"},\"image\":{\"@id\":\"https:\/\/municipales.org.ar\/festram\/festram-auspicia-debate-sobre-comunicacion-popular\/#primaryimage\"},\"thumbnailUrl\":\"https:\/\/municipales.org.ar\/festram\/wp-content\/uploads\/2010\/06\/barone.jpeg\",\"datePublished\":\"2010-06-07T04:10:22+00:00\",\"dateModified\":\"2014-06-24T21:09:58+00:00\",\"description\":\"El escritor y periodista Orlando Barone, actualmente panelista del Programa 6-7-8, comparti\u00f3 con el titular de FESTRAM e integrante de la Coalici\u00f3n por una Radiodifusi\u00f3n Democr\u00e1tica, Claudio Leoni un panel para debatir \\\"El rol de la comunicaci\u00f3n social en la construcci\u00f3n de ciudadan\u00eda\\\".\",\"breadcrumb\":{\"@id\":\"https:\/\/municipales.org.ar\/festram\/festram-auspicia-debate-sobre-comunicacion-popular\/#breadcrumb\"},\"inLanguage\":\"es\",\"potentialAction\":[{\"@type\":\"ReadAction\",\"target\":[\"https:\/\/municipales.org.ar\/festram\/festram-auspicia-debate-sobre-comunicacion-popular\/\"]}]},{\"@type\":\"ImageObject\",\"inLanguage\":\"es\",\"@id\":\"https:\/\/municipales.org.ar\/festram\/festram-auspicia-debate-sobre-comunicacion-popular\/#primaryimage\",\"url\":\"https:\/\/municipales.org.ar\/festram\/wp-content\/uploads\/2010\/06\/barone.jpeg\",\"contentUrl\":\"https:\/\/municipales.org.ar\/festram\/wp-content\/uploads\/2010\/06\/barone.jpeg\",\"width\":1500,\"height\":1000},{\"@type\":\"BreadcrumbList\",\"@id\":\"https:\/\/municipales.org.ar\/festram\/festram-auspicia-debate-sobre-comunicacion-popular\/#breadcrumb\",\"itemListElement\":[{\"@type\":\"ListItem\",\"position\":1,\"name\":\"Portada\",\"item\":\"https:\/\/municipales.org.ar\/festram\/\"},{\"@type\":\"ListItem\",\"position\":2,\"name\":\"FESTRAM auspicia debate sobre comunicaci\u00f3n popular\"}]},{\"@type\":\"WebSite\",\"@id\":\"https:\/\/municipales.org.ar\/festram\/#website\",\"url\":\"https:\/\/municipales.org.ar\/festram\/\",\"name\":\"FESTRAM\",\"description\":\"La web de los trabajadores municipales\",\"publisher\":{\"@id\":\"https:\/\/municipales.org.ar\/festram\/#organization\"},\"potentialAction\":[{\"@type\":\"SearchAction\",\"target\":{\"@type\":\"EntryPoint\",\"urlTemplate\":\"https:\/\/municipales.org.ar\/festram\/?s={search_term_string}\"},\"query-input\":{\"@type\":\"PropertyValueSpecification\",\"valueRequired\":true,\"valueName\":\"search_term_string\"}}],\"inLanguage\":\"es\"},{\"@type\":\"Organization\",\"@id\":\"https:\/\/municipales.org.ar\/festram\/#organization\",\"name\":\"Federaci\u00f3n de Sindicatos de Trabajadores Municipales de la Provincia de Santa Fe\",\"url\":\"https:\/\/municipales.org.ar\/festram\/\",\"logo\":{\"@type\":\"ImageObject\",\"inLanguage\":\"es\",\"@id\":\"https:\/\/municipales.org.ar\/festram\/#\/schema\/logo\/image\/\",\"url\":\"https:\/\/www.municipales.org.ar\/festram\/wp-content\/uploads\/2014\/07\/logo_fes.jpg\",\"contentUrl\":\"https:\/\/www.municipales.org.ar\/festram\/wp-content\/uploads\/2014\/07\/logo_fes.jpg\",\"width\":661,\"height\":673,\"caption\":\"Federaci\u00f3n de Sindicatos de Trabajadores Municipales de la Provincia de Santa Fe\"},\"image\":{\"@id\":\"https:\/\/municipales.org.ar\/festram\/#\/schema\/logo\/image\/\"},\"sameAs\":[\"https:\/\/www.facebook.com\/MunicipalesSF\",\"https:\/\/x.com\/MunicipalesSF\",\"https:\/\/www.youtube.com\/user\/festram\"]},{\"@type\":\"Person\",\"@id\":\"https:\/\/municipales.org.ar\/festram\/#\/schema\/person\/49096a774c48ce9063df4d59ec059f9e\",\"name\":\"mun_admin\"}]}<\/script>\n<!-- \/ Yoast SEO plugin. -->","yoast_head_json":{"title":"FESTRAM auspicia debate sobre comunicaci\u00f3n popular &#8211; FESTRAM","description":"El escritor y periodista Orlando Barone, actualmente panelista del Programa 6-7-8, comparti\u00f3 con el titular de FESTRAM e integrante de la Coalici\u00f3n por una Radiodifusi\u00f3n Democr\u00e1tica, Claudio Leoni un panel para debatir \"El rol de la comunicaci\u00f3n social en la construcci\u00f3n de ciudadan\u00eda\".","robots":{"index":"index","follow":"follow","max-snippet":"max-snippet:-1","max-image-preview":"max-image-preview:large","max-video-preview":"max-video-preview:-1"},"canonical":"https:\/\/municipales.org.ar\/festram\/festram-auspicia-debate-sobre-comunicacion-popular\/","og_locale":"es_ES","og_type":"article","og_title":"FESTRAM auspicia debate sobre comunicaci\u00f3n popular &#8211; FESTRAM","og_description":"El escritor y periodista Orlando Barone, actualmente panelista del Programa 6-7-8, comparti\u00f3 con el titular de FESTRAM e integrante de la Coalici\u00f3n por una Radiodifusi\u00f3n Democr\u00e1tica, Claudio Leoni un panel para debatir \"El rol de la comunicaci\u00f3n social en la construcci\u00f3n de ciudadan\u00eda\".","og_url":"https:\/\/municipales.org.ar\/festram\/festram-auspicia-debate-sobre-comunicacion-popular\/","og_site_name":"FESTRAM","article_publisher":"https:\/\/www.facebook.com\/MunicipalesSF","article_published_time":"2010-06-07T04:10:22+00:00","article_modified_time":"2014-06-24T21:09:58+00:00","og_image":[{"width":1500,"height":1000,"url":"https:\/\/municipales.org.ar\/festram\/wp-content\/uploads\/2010\/06\/barone.jpeg","type":"image\/jpeg"}],"author":"mun_admin","twitter_card":"summary_large_image","twitter_creator":"@MunicipalesSF","twitter_site":"@MunicipalesSF","twitter_misc":{"Escrito por":"mun_admin","Tiempo de lectura":"2 minutos"},"schema":{"@context":"https:\/\/schema.org","@graph":[{"@type":"Article","@id":"https:\/\/municipales.org.ar\/festram\/festram-auspicia-debate-sobre-comunicacion-popular\/#article","isPartOf":{"@id":"https:\/\/municipales.org.ar\/festram\/festram-auspicia-debate-sobre-comunicacion-popular\/"},"author":{"name":"mun_admin","@id":"https:\/\/municipales.org.ar\/festram\/#\/schema\/person\/49096a774c48ce9063df4d59ec059f9e"},"headline":"FESTRAM auspicia debate sobre comunicaci\u00f3n popular","datePublished":"2010-06-07T04:10:22+00:00","dateModified":"2014-06-24T21:09:58+00:00","mainEntityOfPage":{"@id":"https:\/\/municipales.org.ar\/festram\/festram-auspicia-debate-sobre-comunicacion-popular\/"},"wordCount":309,"publisher":{"@id":"https:\/\/municipales.org.ar\/festram\/#organization"},"image":{"@id":"https:\/\/municipales.org.ar\/festram\/festram-auspicia-debate-sobre-comunicacion-popular\/#primaryimage"},"thumbnailUrl":"https:\/\/municipales.org.ar\/festram\/wp-content\/uploads\/2010\/06\/barone.jpeg","keywords":["el pa\u00eds"],"articleSection":["Seminarios y Actividades"],"inLanguage":"es"},{"@type":"WebPage","@id":"https:\/\/municipales.org.ar\/festram\/festram-auspicia-debate-sobre-comunicacion-popular\/","url":"https:\/\/municipales.org.ar\/festram\/festram-auspicia-debate-sobre-comunicacion-popular\/","name":"FESTRAM auspicia debate sobre comunicaci\u00f3n popular &#8211; FESTRAM","isPartOf":{"@id":"https:\/\/municipales.org.ar\/festram\/#website"},"primaryImageOfPage":{"@id":"https:\/\/municipales.org.ar\/festram\/festram-auspicia-debate-sobre-comunicacion-popular\/#primaryimage"},"image":{"@id":"https:\/\/municipales.org.ar\/festram\/festram-auspicia-debate-sobre-comunicacion-popular\/#primaryimage"},"thumbnailUrl":"https:\/\/municipales.org.ar\/festram\/wp-content\/uploads\/2010\/06\/barone.jpeg","datePublished":"2010-06-07T04:10:22+00:00","dateModified":"2014-06-24T21:09:58+00:00","description":"El escritor y periodista Orlando Barone, actualmente panelista del Programa 6-7-8, comparti\u00f3 con el titular de FESTRAM e integrante de la Coalici\u00f3n por una Radiodifusi\u00f3n Democr\u00e1tica, Claudio Leoni un panel para debatir \"El rol de la comunicaci\u00f3n social en la construcci\u00f3n de ciudadan\u00eda\".","breadcrumb":{"@id":"https:\/\/municipales.org.ar\/festram\/festram-auspicia-debate-sobre-comunicacion-popular\/#breadcrumb"},"inLanguage":"es","potentialAction":[{"@type":"ReadAction","target":["https:\/\/municipales.org.ar\/festram\/festram-auspicia-debate-sobre-comunicacion-popular\/"]}]},{"@type":"ImageObject","inLanguage":"es","@id":"https:\/\/municipales.org.ar\/festram\/festram-auspicia-debate-sobre-comunicacion-popular\/#primaryimage","url":"https:\/\/municipales.org.ar\/festram\/wp-content\/uploads\/2010\/06\/barone.jpeg","contentUrl":"https:\/\/municipales.org.ar\/festram\/wp-content\/uploads\/2010\/06\/barone.jpeg","width":1500,"height":1000},{"@type":"BreadcrumbList","@id":"https:\/\/municipales.org.ar\/festram\/festram-auspicia-debate-sobre-comunicacion-popular\/#breadcrumb","itemListElement":[{"@type":"ListItem","position":1,"name":"Portada","item":"https:\/\/municipales.org.ar\/festram\/"},{"@type":"ListItem","position":2,"name":"FESTRAM auspicia debate sobre comunicaci\u00f3n popular"}]},{"@type":"WebSite","@id":"https:\/\/municipales.org.ar\/festram\/#website","url":"https:\/\/municipales.org.ar\/festram\/","name":"FESTRAM","description":"La web de los trabajadores municipales","publisher":{"@id":"https:\/\/municipales.org.ar\/festram\/#organization"},"potentialAction":[{"@type":"SearchAction","target":{"@type":"EntryPoint","urlTemplate":"https:\/\/municipales.org.ar\/festram\/?s={search_term_string}"},"query-input":{"@type":"PropertyValueSpecification","valueRequired":true,"valueName":"search_term_string"}}],"inLanguage":"es"},{"@type":"Organization","@id":"https:\/\/municipales.org.ar\/festram\/#organization","name":"Federaci\u00f3n de Sindicatos de Trabajadores Municipales de la Provincia de Santa Fe","url":"https:\/\/municipales.org.ar\/festram\/","logo":{"@type":"ImageObject","inLanguage":"es","@id":"https:\/\/municipales.org.ar\/festram\/#\/schema\/logo\/image\/","url":"https:\/\/www.municipales.org.ar\/festram\/wp-content\/uploads\/2014\/07\/logo_fes.jpg","contentUrl":"https:\/\/www.municipales.org.ar\/festram\/wp-content\/uploads\/2014\/07\/logo_fes.jpg","width":661,"height":673,"caption":"Federaci\u00f3n de Sindicatos de Trabajadores Municipales de la Provincia de Santa Fe"},"image":{"@id":"https:\/\/municipales.org.ar\/festram\/#\/schema\/logo\/image\/"},"sameAs":["https:\/\/www.facebook.com\/MunicipalesSF","https:\/\/x.com\/MunicipalesSF","https:\/\/www.youtube.com\/user\/festram"]},{"@type":"Person","@id":"https:\/\/municipales.org.ar\/festram\/#\/schema\/person\/49096a774c48ce9063df4d59ec059f9e","name":"mun_admin"}]}},"jetpack_publicize_connections":[],"jetpack_featured_media_url":"https:\/\/municipales.org.ar\/festram\/wp-content\/uploads\/2010\/06\/barone.jpeg","jetpack_sharing_enabled":true,"jetpack_likes_enabled":false,"jetpack_shortlink":"https:\/\/wp.me\/p7l4x1-20n","_links":{"self":[{"href":"https:\/\/municipales.org.ar\/festram\/wp-json\/wp\/v2\/posts\/7711","targetHints":{"allow":["GET"]}}],"collection":[{"href":"https:\/\/municipales.org.ar\/festram\/wp-json\/wp\/v2\/posts"}],"about":[{"href":"https:\/\/municipales.org.ar\/festram\/wp-json\/wp\/v2\/types\/post"}],"author":[{"embeddable":true,"href":"https:\/\/municipales.org.ar\/festram\/wp-json\/wp\/v2\/users\/1"}],"replies":[{"embeddable":true,"href":"https:\/\/municipales.org.ar\/festram\/wp-json\/wp\/v2\/comments?post=7711"}],"version-history":[{"count":3,"href":"https:\/\/municipales.org.ar\/festram\/wp-json\/wp\/v2\/posts\/7711\/revisions"}],"predecessor-version":[{"id":7733,"href":"https:\/\/municipales.org.ar\/festram\/wp-json\/wp\/v2\/posts\/7711\/revisions\/7733"}],"wp:featuredmedia":[{"embeddable":true,"href":"https:\/\/municipales.org.ar\/festram\/wp-json\/wp\/v2\/media\/7732"}],"wp:attachment":[{"href":"https:\/\/municipales.org.ar\/festram\/wp-json\/wp\/v2\/media?parent=7711"}],"wp:term":[{"taxonomy":"category","embeddable":true,"href":"https:\/\/municipales.org.ar\/festram\/wp-json\/wp\/v2\/categories?post=7711"},{"taxonomy":"post_tag","embeddable":true,"href":"https:\/\/municipales.org.ar\/festram\/wp-json\/wp\/v2\/tags?post=7711"}],"curies":[{"name":"wp","href":"https:\/\/api.w.org\/{rel}","templated":true}]}}