{"id":8109,"date":"2011-05-17T08:52:46","date_gmt":"2011-05-17T11:52:46","guid":{"rendered":"http:\/\/municipales.org.ar\/festram\/?p=8109"},"modified":"2014-06-25T08:35:29","modified_gmt":"2014-06-25T11:35:29","slug":"unica-representacion-sindical-en-paritaria","status":"publish","type":"post","link":"https:\/\/municipales.org.ar\/festram\/unica-representacion-sindical-en-paritaria\/","title":{"rendered":"FESTRAM es la \u00fanica representaci\u00f3n sindical en Paritaria"},"content":{"rendered":"<h5><strong>La Sala Primera de la C\u00e1mara de Apelaciones en lo Laboral de Rosario desestim\u00f3 la participaci\u00f3n de un Sindicato Independiente, en la Comisi\u00f3n Paritaria Municipal creada por Ley 9996.<\/strong><\/h5>\n<p>&nbsp;<\/p>\n<div>\n<h6>COMUNICADO DE PRENSA OFICIAL<\/h6>\n<p>&nbsp;<\/p>\n<p>El fallo judicial es coincidente con medidas adoptadas en tribunales de primera instancia de la ciudad de Santa Fe, ante planteos similares realizados por nucleamientos del mismo origen pol\u00edtico que el sindicato antes mencionado.<\/p>\n<\/div>\n<div>\n<p>De esta manera qued\u00f3 revocada la medida cautelar dictada por la Jueza Agueda Orsaria, del Juzgado Laboral de Villa Constituci\u00f3n, dejando firme la apelaci\u00f3n planteada por la Provincia de Santa Fe contra esa medida cautelar.<\/p>\n<p>Entre los considerandos, se ratifican conceptos de la OIT, as\u00ed se asegura que a los fines de la negociaci\u00f3n colectiva la presencia de los sindicatos m\u00e1s representativos no afecta la libertad sindical y remite a una mayor eficacia en defensa de los intereses de los trabajadores.<\/p>\n<p>Para FESTRAM, la decisi\u00f3n de la C\u00e1mara Rosarina y sus coincidencias con medidas judiciales adoptadas en otras jurisdicciones, consolidan la negociaci\u00f3n colectiva en el sector p\u00fablico municipal de la Provincia de Santa Fe y aseguran a los trabajadores su leg\u00edtima representaci\u00f3n.<\/p>\n<p>La Federaci\u00f3n de Sindicatos de Trabajadores Municipales de la Provincia de Santa Fe, es una de las organizaciones sindicales con m\u00e1s alta tasa de sindicalizaci\u00f3n de nuestro pa\u00eds. M\u00e1s de 32.000 trabajadores efect\u00faan sus aportes sindicales a la entidad de segundo grado, que promovi\u00f3 a lo largo de casi 30 a\u00f1os la legislaci\u00f3n laboral municipal m\u00e1s avanzada de la Argentina, entre ellas la Ley de Paritarias del sector.<\/p>\n<p>Por ello, cuando algunos nucleamientos minoritarios y aislados pretenden ampararse en valores tan profundos como la Libertad Sindical, para obtener por v\u00eda judicial los mismos derechos que los trabajadores conquistaron con a\u00f1os de lucha, la medida obtenida por la Fiscal\u00eda de Estado ante la C\u00e1mara de Apelaciones de Rosario, viene a tutelar la acci\u00f3n de los trabajadores en defensa de su dignidad.<\/p>\n<pre>Felipe Baptista\r\nSecretario de Actas y Administraci\u00f3n<\/pre>\n<\/div>\n","protected":false},"excerpt":{"rendered":"<p>La Sala Primera de la C\u00e1mara de Apelaciones en lo Laboral de Rosario desestim\u00f3 la participaci\u00f3n de un Sindicato Independiente, en la Comisi\u00f3n Paritaria Municipal creada por Ley 9996.<\/p>\n","protected":false},"author":1,"featured_media":8159,"comment_status":"closed","ping_status":"closed","sticky":false,"template":"","format":"standard","meta":{"_jetpack_memberships_contains_paid_content":false,"footnotes":"","jetpack_publicize_message":"","jetpack_publicize_feature_enabled":true,"jetpack_social_post_already_shared":false,"jetpack_social_options":{"image_generator_settings":{"template":"highway","default_image_id":0,"font":"","enabled":false},"version":2}},"categories":[54],"tags":[89,111],"class_list":["post-8109","post","type-post","status-publish","format-standard","has-post-thumbnail","hentry","category-legislacion-fallos","tag-fallos-juridicos","tag-legislacion"],"yoast_head":"<!-- This site is optimized with the Yoast SEO plugin v25.9 - https:\/\/yoast.com\/wordpress\/plugins\/seo\/ -->\n<title>FESTRAM es la \u00fanica representaci\u00f3n sindical en Paritaria &#8211; FESTRAM<\/title>\n<meta name=\"description\" content=\"La Sala Primera de la C\u00e1mara de Apelaciones en lo Laboral de Rosario desestim\u00f3 la participaci\u00f3n de un Sindicato Independiente, en la Comisi\u00f3n Paritaria Municipal creada por Ley 9996.\" \/>\n<meta name=\"robots\" content=\"index, follow, max-snippet:-1, max-image-preview:large, max-video-preview:-1\" \/>\n<link rel=\"canonical\" href=\"https:\/\/municipales.org.ar\/festram\/unica-representacion-sindical-en-paritaria\/\" \/>\n<meta property=\"og:locale\" content=\"es_ES\" \/>\n<meta property=\"og:type\" content=\"article\" \/>\n<meta property=\"og:title\" content=\"FESTRAM es la \u00fanica representaci\u00f3n sindical en Paritaria &#8211; FESTRAM\" \/>\n<meta property=\"og:description\" content=\"La Sala Primera de la C\u00e1mara de Apelaciones en lo Laboral de Rosario desestim\u00f3 la participaci\u00f3n de un Sindicato Independiente, en la Comisi\u00f3n Paritaria Municipal creada por Ley 9996.\" \/>\n<meta property=\"og:url\" content=\"https:\/\/municipales.org.ar\/festram\/unica-representacion-sindical-en-paritaria\/\" \/>\n<meta property=\"og:site_name\" content=\"FESTRAM\" \/>\n<meta property=\"article:publisher\" content=\"https:\/\/www.facebook.com\/MunicipalesSF\" \/>\n<meta property=\"article:published_time\" content=\"2011-05-17T11:52:46+00:00\" \/>\n<meta property=\"article:modified_time\" content=\"2014-06-25T11:35:29+00:00\" \/>\n<meta property=\"og:image\" content=\"https:\/\/municipales.org.ar\/festram\/wp-content\/uploads\/2011\/05\/festram-frente.jpg\" \/>\n\t<meta property=\"og:image:width\" content=\"631\" \/>\n\t<meta property=\"og:image:height\" content=\"281\" \/>\n\t<meta property=\"og:image:type\" content=\"image\/jpeg\" \/>\n<meta name=\"author\" content=\"mun_admin\" \/>\n<meta name=\"twitter:card\" content=\"summary_large_image\" \/>\n<meta name=\"twitter:creator\" content=\"@MunicipalesSF\" \/>\n<meta name=\"twitter:site\" content=\"@MunicipalesSF\" \/>\n<meta name=\"twitter:label1\" content=\"Escrito por\" \/>\n\t<meta name=\"twitter:data1\" content=\"mun_admin\" \/>\n\t<meta name=\"twitter:label2\" content=\"Tiempo de lectura\" \/>\n\t<meta name=\"twitter:data2\" content=\"2 minutos\" \/>\n<script type=\"application\/ld+json\" class=\"yoast-schema-graph\">{\"@context\":\"https:\/\/schema.org\",\"@graph\":[{\"@type\":\"Article\",\"@id\":\"https:\/\/municipales.org.ar\/festram\/unica-representacion-sindical-en-paritaria\/#article\",\"isPartOf\":{\"@id\":\"https:\/\/municipales.org.ar\/festram\/unica-representacion-sindical-en-paritaria\/\"},\"author\":{\"name\":\"mun_admin\",\"@id\":\"https:\/\/municipales.org.ar\/festram\/#\/schema\/person\/49096a774c48ce9063df4d59ec059f9e\"},\"headline\":\"FESTRAM es la \u00fanica representaci\u00f3n sindical en Paritaria\",\"datePublished\":\"2011-05-17T11:52:46+00:00\",\"dateModified\":\"2014-06-25T11:35:29+00:00\",\"mainEntityOfPage\":{\"@id\":\"https:\/\/municipales.org.ar\/festram\/unica-representacion-sindical-en-paritaria\/\"},\"wordCount\":355,\"publisher\":{\"@id\":\"https:\/\/municipales.org.ar\/festram\/#organization\"},\"image\":{\"@id\":\"https:\/\/municipales.org.ar\/festram\/unica-representacion-sindical-en-paritaria\/#primaryimage\"},\"thumbnailUrl\":\"https:\/\/municipales.org.ar\/festram\/wp-content\/uploads\/2011\/05\/festram-frente.jpg\",\"keywords\":[\"fallos jur\u00eddicos\",\"Legislaci\u00f3n\"],\"articleSection\":[\"Legislaci\u00f3n Fallos\"],\"inLanguage\":\"es\"},{\"@type\":\"WebPage\",\"@id\":\"https:\/\/municipales.org.ar\/festram\/unica-representacion-sindical-en-paritaria\/\",\"url\":\"https:\/\/municipales.org.ar\/festram\/unica-representacion-sindical-en-paritaria\/\",\"name\":\"FESTRAM es la \u00fanica representaci\u00f3n sindical en Paritaria &#8211; FESTRAM\",\"isPartOf\":{\"@id\":\"https:\/\/municipales.org.ar\/festram\/#website\"},\"primaryImageOfPage\":{\"@id\":\"https:\/\/municipales.org.ar\/festram\/unica-representacion-sindical-en-paritaria\/#primaryimage\"},\"image\":{\"@id\":\"https:\/\/municipales.org.ar\/festram\/unica-representacion-sindical-en-paritaria\/#primaryimage\"},\"thumbnailUrl\":\"https:\/\/municipales.org.ar\/festram\/wp-content\/uploads\/2011\/05\/festram-frente.jpg\",\"datePublished\":\"2011-05-17T11:52:46+00:00\",\"dateModified\":\"2014-06-25T11:35:29+00:00\",\"description\":\"La Sala Primera de la C\u00e1mara de Apelaciones en lo Laboral de Rosario desestim\u00f3 la participaci\u00f3n de un Sindicato Independiente, en la Comisi\u00f3n Paritaria Municipal creada por Ley 9996.\",\"breadcrumb\":{\"@id\":\"https:\/\/municipales.org.ar\/festram\/unica-representacion-sindical-en-paritaria\/#breadcrumb\"},\"inLanguage\":\"es\",\"potentialAction\":[{\"@type\":\"ReadAction\",\"target\":[\"https:\/\/municipales.org.ar\/festram\/unica-representacion-sindical-en-paritaria\/\"]}]},{\"@type\":\"ImageObject\",\"inLanguage\":\"es\",\"@id\":\"https:\/\/municipales.org.ar\/festram\/unica-representacion-sindical-en-paritaria\/#primaryimage\",\"url\":\"https:\/\/municipales.org.ar\/festram\/wp-content\/uploads\/2011\/05\/festram-frente.jpg\",\"contentUrl\":\"https:\/\/municipales.org.ar\/festram\/wp-content\/uploads\/2011\/05\/festram-frente.jpg\",\"width\":631,\"height\":281},{\"@type\":\"BreadcrumbList\",\"@id\":\"https:\/\/municipales.org.ar\/festram\/unica-representacion-sindical-en-paritaria\/#breadcrumb\",\"itemListElement\":[{\"@type\":\"ListItem\",\"position\":1,\"name\":\"Portada\",\"item\":\"https:\/\/municipales.org.ar\/festram\/\"},{\"@type\":\"ListItem\",\"position\":2,\"name\":\"FESTRAM es la \u00fanica representaci\u00f3n sindical en Paritaria\"}]},{\"@type\":\"WebSite\",\"@id\":\"https:\/\/municipales.org.ar\/festram\/#website\",\"url\":\"https:\/\/municipales.org.ar\/festram\/\",\"name\":\"FESTRAM\",\"description\":\"La web de los trabajadores municipales\",\"publisher\":{\"@id\":\"https:\/\/municipales.org.ar\/festram\/#organization\"},\"potentialAction\":[{\"@type\":\"SearchAction\",\"target\":{\"@type\":\"EntryPoint\",\"urlTemplate\":\"https:\/\/municipales.org.ar\/festram\/?s={search_term_string}\"},\"query-input\":{\"@type\":\"PropertyValueSpecification\",\"valueRequired\":true,\"valueName\":\"search_term_string\"}}],\"inLanguage\":\"es\"},{\"@type\":\"Organization\",\"@id\":\"https:\/\/municipales.org.ar\/festram\/#organization\",\"name\":\"Federaci\u00f3n de Sindicatos de Trabajadores Municipales de la Provincia de Santa Fe\",\"url\":\"https:\/\/municipales.org.ar\/festram\/\",\"logo\":{\"@type\":\"ImageObject\",\"inLanguage\":\"es\",\"@id\":\"https:\/\/municipales.org.ar\/festram\/#\/schema\/logo\/image\/\",\"url\":\"https:\/\/www.municipales.org.ar\/festram\/wp-content\/uploads\/2014\/07\/logo_fes.jpg\",\"contentUrl\":\"https:\/\/www.municipales.org.ar\/festram\/wp-content\/uploads\/2014\/07\/logo_fes.jpg\",\"width\":661,\"height\":673,\"caption\":\"Federaci\u00f3n de Sindicatos de Trabajadores Municipales de la Provincia de Santa Fe\"},\"image\":{\"@id\":\"https:\/\/municipales.org.ar\/festram\/#\/schema\/logo\/image\/\"},\"sameAs\":[\"https:\/\/www.facebook.com\/MunicipalesSF\",\"https:\/\/x.com\/MunicipalesSF\",\"https:\/\/www.youtube.com\/user\/festram\"]},{\"@type\":\"Person\",\"@id\":\"https:\/\/municipales.org.ar\/festram\/#\/schema\/person\/49096a774c48ce9063df4d59ec059f9e\",\"name\":\"mun_admin\"}]}<\/script>\n<!-- \/ Yoast SEO plugin. -->","yoast_head_json":{"title":"FESTRAM es la \u00fanica representaci\u00f3n sindical en Paritaria &#8211; FESTRAM","description":"La Sala Primera de la C\u00e1mara de Apelaciones en lo Laboral de Rosario desestim\u00f3 la participaci\u00f3n de un Sindicato Independiente, en la Comisi\u00f3n Paritaria Municipal creada por Ley 9996.","robots":{"index":"index","follow":"follow","max-snippet":"max-snippet:-1","max-image-preview":"max-image-preview:large","max-video-preview":"max-video-preview:-1"},"canonical":"https:\/\/municipales.org.ar\/festram\/unica-representacion-sindical-en-paritaria\/","og_locale":"es_ES","og_type":"article","og_title":"FESTRAM es la \u00fanica representaci\u00f3n sindical en Paritaria &#8211; FESTRAM","og_description":"La Sala Primera de la C\u00e1mara de Apelaciones en lo Laboral de Rosario desestim\u00f3 la participaci\u00f3n de un Sindicato Independiente, en la Comisi\u00f3n Paritaria Municipal creada por Ley 9996.","og_url":"https:\/\/municipales.org.ar\/festram\/unica-representacion-sindical-en-paritaria\/","og_site_name":"FESTRAM","article_publisher":"https:\/\/www.facebook.com\/MunicipalesSF","article_published_time":"2011-05-17T11:52:46+00:00","article_modified_time":"2014-06-25T11:35:29+00:00","og_image":[{"width":631,"height":281,"url":"https:\/\/municipales.org.ar\/festram\/wp-content\/uploads\/2011\/05\/festram-frente.jpg","type":"image\/jpeg"}],"author":"mun_admin","twitter_card":"summary_large_image","twitter_creator":"@MunicipalesSF","twitter_site":"@MunicipalesSF","twitter_misc":{"Escrito por":"mun_admin","Tiempo de lectura":"2 minutos"},"schema":{"@context":"https:\/\/schema.org","@graph":[{"@type":"Article","@id":"https:\/\/municipales.org.ar\/festram\/unica-representacion-sindical-en-paritaria\/#article","isPartOf":{"@id":"https:\/\/municipales.org.ar\/festram\/unica-representacion-sindical-en-paritaria\/"},"author":{"name":"mun_admin","@id":"https:\/\/municipales.org.ar\/festram\/#\/schema\/person\/49096a774c48ce9063df4d59ec059f9e"},"headline":"FESTRAM es la \u00fanica representaci\u00f3n sindical en Paritaria","datePublished":"2011-05-17T11:52:46+00:00","dateModified":"2014-06-25T11:35:29+00:00","mainEntityOfPage":{"@id":"https:\/\/municipales.org.ar\/festram\/unica-representacion-sindical-en-paritaria\/"},"wordCount":355,"publisher":{"@id":"https:\/\/municipales.org.ar\/festram\/#organization"},"image":{"@id":"https:\/\/municipales.org.ar\/festram\/unica-representacion-sindical-en-paritaria\/#primaryimage"},"thumbnailUrl":"https:\/\/municipales.org.ar\/festram\/wp-content\/uploads\/2011\/05\/festram-frente.jpg","keywords":["fallos jur\u00eddicos","Legislaci\u00f3n"],"articleSection":["Legislaci\u00f3n Fallos"],"inLanguage":"es"},{"@type":"WebPage","@id":"https:\/\/municipales.org.ar\/festram\/unica-representacion-sindical-en-paritaria\/","url":"https:\/\/municipales.org.ar\/festram\/unica-representacion-sindical-en-paritaria\/","name":"FESTRAM es la \u00fanica representaci\u00f3n sindical en Paritaria &#8211; FESTRAM","isPartOf":{"@id":"https:\/\/municipales.org.ar\/festram\/#website"},"primaryImageOfPage":{"@id":"https:\/\/municipales.org.ar\/festram\/unica-representacion-sindical-en-paritaria\/#primaryimage"},"image":{"@id":"https:\/\/municipales.org.ar\/festram\/unica-representacion-sindical-en-paritaria\/#primaryimage"},"thumbnailUrl":"https:\/\/municipales.org.ar\/festram\/wp-content\/uploads\/2011\/05\/festram-frente.jpg","datePublished":"2011-05-17T11:52:46+00:00","dateModified":"2014-06-25T11:35:29+00:00","description":"La Sala Primera de la C\u00e1mara de Apelaciones en lo Laboral de Rosario desestim\u00f3 la participaci\u00f3n de un Sindicato Independiente, en la Comisi\u00f3n Paritaria Municipal creada por Ley 9996.","breadcrumb":{"@id":"https:\/\/municipales.org.ar\/festram\/unica-representacion-sindical-en-paritaria\/#breadcrumb"},"inLanguage":"es","potentialAction":[{"@type":"ReadAction","target":["https:\/\/municipales.org.ar\/festram\/unica-representacion-sindical-en-paritaria\/"]}]},{"@type":"ImageObject","inLanguage":"es","@id":"https:\/\/municipales.org.ar\/festram\/unica-representacion-sindical-en-paritaria\/#primaryimage","url":"https:\/\/municipales.org.ar\/festram\/wp-content\/uploads\/2011\/05\/festram-frente.jpg","contentUrl":"https:\/\/municipales.org.ar\/festram\/wp-content\/uploads\/2011\/05\/festram-frente.jpg","width":631,"height":281},{"@type":"BreadcrumbList","@id":"https:\/\/municipales.org.ar\/festram\/unica-representacion-sindical-en-paritaria\/#breadcrumb","itemListElement":[{"@type":"ListItem","position":1,"name":"Portada","item":"https:\/\/municipales.org.ar\/festram\/"},{"@type":"ListItem","position":2,"name":"FESTRAM es la \u00fanica representaci\u00f3n sindical en Paritaria"}]},{"@type":"WebSite","@id":"https:\/\/municipales.org.ar\/festram\/#website","url":"https:\/\/municipales.org.ar\/festram\/","name":"FESTRAM","description":"La web de los trabajadores municipales","publisher":{"@id":"https:\/\/municipales.org.ar\/festram\/#organization"},"potentialAction":[{"@type":"SearchAction","target":{"@type":"EntryPoint","urlTemplate":"https:\/\/municipales.org.ar\/festram\/?s={search_term_string}"},"query-input":{"@type":"PropertyValueSpecification","valueRequired":true,"valueName":"search_term_string"}}],"inLanguage":"es"},{"@type":"Organization","@id":"https:\/\/municipales.org.ar\/festram\/#organization","name":"Federaci\u00f3n de Sindicatos de Trabajadores Municipales de la Provincia de Santa Fe","url":"https:\/\/municipales.org.ar\/festram\/","logo":{"@type":"ImageObject","inLanguage":"es","@id":"https:\/\/municipales.org.ar\/festram\/#\/schema\/logo\/image\/","url":"https:\/\/www.municipales.org.ar\/festram\/wp-content\/uploads\/2014\/07\/logo_fes.jpg","contentUrl":"https:\/\/www.municipales.org.ar\/festram\/wp-content\/uploads\/2014\/07\/logo_fes.jpg","width":661,"height":673,"caption":"Federaci\u00f3n de Sindicatos de Trabajadores Municipales de la Provincia de Santa Fe"},"image":{"@id":"https:\/\/municipales.org.ar\/festram\/#\/schema\/logo\/image\/"},"sameAs":["https:\/\/www.facebook.com\/MunicipalesSF","https:\/\/x.com\/MunicipalesSF","https:\/\/www.youtube.com\/user\/festram"]},{"@type":"Person","@id":"https:\/\/municipales.org.ar\/festram\/#\/schema\/person\/49096a774c48ce9063df4d59ec059f9e","name":"mun_admin"}]}},"jetpack_publicize_connections":[],"jetpack_featured_media_url":"https:\/\/municipales.org.ar\/festram\/wp-content\/uploads\/2011\/05\/festram-frente.jpg","jetpack_sharing_enabled":true,"jetpack_likes_enabled":false,"jetpack_shortlink":"https:\/\/wp.me\/p7l4x1-26N","_links":{"self":[{"href":"https:\/\/municipales.org.ar\/festram\/wp-json\/wp\/v2\/posts\/8109","targetHints":{"allow":["GET"]}}],"collection":[{"href":"https:\/\/municipales.org.ar\/festram\/wp-json\/wp\/v2\/posts"}],"about":[{"href":"https:\/\/municipales.org.ar\/festram\/wp-json\/wp\/v2\/types\/post"}],"author":[{"embeddable":true,"href":"https:\/\/municipales.org.ar\/festram\/wp-json\/wp\/v2\/users\/1"}],"replies":[{"embeddable":true,"href":"https:\/\/municipales.org.ar\/festram\/wp-json\/wp\/v2\/comments?post=8109"}],"version-history":[{"count":2,"href":"https:\/\/municipales.org.ar\/festram\/wp-json\/wp\/v2\/posts\/8109\/revisions"}],"predecessor-version":[{"id":8160,"href":"https:\/\/municipales.org.ar\/festram\/wp-json\/wp\/v2\/posts\/8109\/revisions\/8160"}],"wp:featuredmedia":[{"embeddable":true,"href":"https:\/\/municipales.org.ar\/festram\/wp-json\/wp\/v2\/media\/8159"}],"wp:attachment":[{"href":"https:\/\/municipales.org.ar\/festram\/wp-json\/wp\/v2\/media?parent=8109"}],"wp:term":[{"taxonomy":"category","embeddable":true,"href":"https:\/\/municipales.org.ar\/festram\/wp-json\/wp\/v2\/categories?post=8109"},{"taxonomy":"post_tag","embeddable":true,"href":"https:\/\/municipales.org.ar\/festram\/wp-json\/wp\/v2\/tags?post=8109"}],"curies":[{"name":"wp","href":"https:\/\/api.w.org\/{rel}","templated":true}]}}