{"id":8110,"date":"2011-10-31T23:04:25","date_gmt":"2011-11-01T02:04:25","guid":{"rendered":"http:\/\/festram.dyndns.org\/festram\/?p=181"},"modified":"2014-06-25T09:39:39","modified_gmt":"2014-06-25T12:39:39","slug":"se-desarrollo-el-10o-encuentro-provincial-de-mujeres-municipales-y-comunales","status":"publish","type":"post","link":"https:\/\/municipales.org.ar\/festram\/se-desarrollo-el-10o-encuentro-provincial-de-mujeres-municipales-y-comunales\/","title":{"rendered":"Se desarroll\u00f3 el 10\u00ba Encuentro Provincial de Mujeres Municipales y Comunales"},"content":{"rendered":"<p>[ot-caption title=\u00bb\u00bb url=\u00bbhttp:\/\/municipales.org.ar\/festram\/wp-content\/uploads\/2011\/10\/mujeres10.jpeg\u00bb]<\/p>\n<p><strong>Fue organizado por la Red de Mujeres Municipales de Festram, con el auspicio de la Confederaci\u00f3n de Trabajadores Municipales de la Rep\u00fablica Argentina. Asistieron m\u00e1s de 250 mujeres de toda la provincia.<\/strong><\/p>\n<p>&nbsp;<\/p>\n<p style=\"text-align: center;\">[button link=\u00bbhttp:\/\/www.facebook.com\/media\/set\/?set=a.232383330158925.62341.117916918272234&amp;type=3&#8243; icon=\u00bbfa-camera\u00bb side=\u00bbleft\u00bb target=\u00bbblank\u00bb color=\u00bb185db7&#8243; textcolor=\u00bbffffff\u00bb]Fotos del 10\u00ba Encuentro Provincial en nuestra p\u00e1gina de Facebook[\/button]<\/p>\n<p>&nbsp;<\/p>\n<p>Tuvo lugar ayer en la ciudad de Rafaela, el X Encuentro Provincial de Mujeres Municipales y Comunales de Santa Fe. Dicha entidad agrupa a mujeres pertenecientes a distintos sindicatos municipales de la provincia, adheridos a Festram, quienes desde hace tiempo bregan para que se lleven a la pr\u00e1ctica pol\u00edticas sindicales con perspectiva de g\u00e9nero.<\/p>\n<p>El evento se desarroll\u00f3 en el campo de deportes de Seom, y cont\u00f3 con el auspicio de la Confederaci\u00f3n de Trabajadores Municipales de la Rep\u00fablica Argentina (CTM). Participaron de la jornada: el secretario general de la Confederaci\u00f3n de Trabajadores Municipales de la Rep\u00fablica Argentina, Rub\u00e9n \u00abCholo\u00bb Garc\u00eda; el secretario general de Festram y secretario adjunto de la CTM, Claudio Leoni; la secretaria de la Mujer de la CTM, Victoria Aromataris; la secretaria de la Mujer de la Festram, Isabel Marco; la subsecretaria de la Unidad de Coordinaci\u00f3n para la Prevenci\u00f3n, Asistencia y Erradicaci\u00f3n de la Violencia contra la Mujer, Mariana Gras; la secretaria adjunta del Sindicato de Amas de Casa de Santa Fe, Silvia Mendoza; entre otros.<\/p>\n<p>A primera hora de la ma\u00f1ana comenzaron las actividades, donde las m\u00e1s de 250 mujeres de distintas localidades de la provincia, abordaron temas relacionados a los aspectos humanizantes y deshumanizantes del trabajo. Adem\u00e1s se present\u00f3 y explic\u00f3 el Observatorio de Trabajo Decente en el sector p\u00fablico municipal de Santa Fe.<\/p>\n<p>Al mediod\u00eda se expusieron diferentes informes institucionales de Festram sobre caja de jubilaciones e Iapos, y proyectos legislativos sobre precarizaci\u00f3n laboral e integraci\u00f3n de los trabajadores en comisiones comunales.<\/p>\n<p>Por la tarde, tuvo lugar la presentaci\u00f3n de la Red de J\u00f3venes Municipales de Festram, seguido de talleres y conclusiones finales.<\/p>\n<p>En el acto de cierre, el secretario general de la Confederaci\u00f3n de Trabajadores Municipales de la Rep\u00fablica Argentina, Rub\u00e9n \u00abCholo\u00bb Garc\u00eda, fue ovacionado por las asistentes cuando expres\u00f3: \u00abNosotros las invitamos a que sean protagonistas, porque a veces nos pasa que cuando hay un conflicto, una movilizaci\u00f3n, las que van al frente, m\u00e1s que los hombres, son las mujeres. Las mujeres son madres, conocen las necesidades, y encima tienen que trabajar para ir a buscar el pan\u00bb.<\/p>\n<p>Garc\u00eda continu\u00f3 su discurso anunciando que est\u00e1n organizando eventos similares porque \u00abvamos a terminar en el gran encuentro nacional de trabajadoras municipales de Argentina, donde se van a reunir todas las provincias. Seguramente no va a ser un d\u00eda de fiesta nada m\u00e1s. Va a ser un d\u00eda donde se va a debatir la problem\u00e1tica de todas las provincias, porque quiero que ustedes escuchen qu\u00e9 les pasa a las compa\u00f1eras de Jujuy, Salta, Tierra del Fuego, Santiago del Estero. Se van a dar cuenta que todos tenemos las mismas problem\u00e1ticas. Algunos podemos estar un poco mejor que otros, pero los trabajadores municipales hemos ido avanzando desde los \u00b490 con la flexibilizaci\u00f3n, los contratos basura, la falta de estabilidad, la falta de reconocimiento. Contra esos temas viene a pelear esta generaci\u00f3n, que nosotros creemos fundamentales: el reconocimiento y la dignidad de los trabajadores municipales argentinos\u00bb.<\/p>\n<p>Por \u00faltimo, el secretario general de Festram, Claudio Leoni, pidi\u00f3 un reconocimiento al ex presidente N\u00e9stor Kirchner, con \u00abun minuto de aplausos para recordar a uno de los m\u00e1s importantes patriotas de toda la Argentina\u00bb.<\/p>\n<p>Leoni prosigui\u00f3 diciendo: \u00abQuiero agradecerles a las compa\u00f1eras de la Red, el esfuerzo que han hecho para poder culminar con \u00e9xito este evento, pero fundamentalmente, el esfuerzo que vienen haciendo durante diez a\u00f1os para fortalecer a nuestra organizaci\u00f3n, y poner lo que saben las mujeres, para tener una organizaci\u00f3n sindical fuerte como tenemos en este momento\u00bb.<\/p>\n<p>El titular de Festram tambi\u00e9n agradeci\u00f3, entre otros, al secretario general del Seom, Dar\u00edo Coco, \u00abpor las instalaciones, por ser solidario, por prestarnos el lugar de los trabajadores hermanos de Rafaela\u00bb.<\/p>\n<p>\u00abQuiero recordar que nuestra generaci\u00f3n, a partir de los sindicatos fundadores, le ha dado a la provincia, una de las legislaciones que constituye un orgullo nacional, y en gran parte de Am\u00e9rica Latina\u00bb; pronunci\u00f3 Leoni, y concluy\u00f3: <strong>\u00abEl Encuentro de J\u00f3venes, el Encuentro de Mujeres, las reuniones de secretarios generales son para defender nuestros derechos. M\u00e1s dignidad para los trabajadores, m\u00e1s salarios, m\u00e1s condiciones laborales. Igualdad y equidad para todos los argentinos\u00bb<\/strong>; concluy\u00f3.<\/p>\n","protected":false},"excerpt":{"rendered":"<p>Fue organizado por la Red de Mujeres Municipales de Festram, con el auspicio de la Confederaci\u00f3n de Trabajadores Municipales de la Rep\u00fablica Argentina. Asistieron m\u00e1s de 250 mujeres de toda la provincia.<\/p>\n","protected":false},"author":1,"featured_media":8189,"comment_status":"closed","ping_status":"closed","sticky":false,"template":"","format":"standard","meta":{"_jetpack_memberships_contains_paid_content":false,"footnotes":"","jetpack_publicize_message":"","jetpack_publicize_feature_enabled":true,"jetpack_social_post_already_shared":false,"jetpack_social_options":{"image_generator_settings":{"template":"highway","default_image_id":0,"font":"","enabled":false},"version":2}},"categories":[50],"tags":[87],"class_list":["post-8110","post","type-post","status-publish","format-standard","has-post-thumbnail","hentry","category-genero","tag-genero-2"],"yoast_head":"<!-- This site is optimized with the Yoast SEO plugin v25.9 - https:\/\/yoast.com\/wordpress\/plugins\/seo\/ -->\n<title>Se desarroll\u00f3 el 10\u00ba Encuentro Provincial de Mujeres Municipales y Comunales &#8211; FESTRAM<\/title>\n<meta name=\"description\" content=\"Fue organizado por la Red de Mujeres Municipales de Festram, con el auspicio de la Confederaci\u00f3n de Trabajadores Municipales de la Rep\u00fablica Argentina. Asistieron m\u00e1s de 250 mujeres de toda la provincia.\" \/>\n<meta name=\"robots\" content=\"index, follow, max-snippet:-1, max-image-preview:large, max-video-preview:-1\" \/>\n<link rel=\"canonical\" href=\"https:\/\/municipales.org.ar\/festram\/se-desarrollo-el-10o-encuentro-provincial-de-mujeres-municipales-y-comunales\/\" \/>\n<meta property=\"og:locale\" content=\"es_ES\" \/>\n<meta property=\"og:type\" content=\"article\" \/>\n<meta property=\"og:title\" content=\"Se desarroll\u00f3 el 10\u00ba Encuentro Provincial de Mujeres Municipales y Comunales &#8211; FESTRAM\" \/>\n<meta property=\"og:description\" content=\"Fue organizado por la Red de Mujeres Municipales de Festram, con el auspicio de la Confederaci\u00f3n de Trabajadores Municipales de la Rep\u00fablica Argentina. Asistieron m\u00e1s de 250 mujeres de toda la provincia.\" \/>\n<meta property=\"og:url\" content=\"https:\/\/municipales.org.ar\/festram\/se-desarrollo-el-10o-encuentro-provincial-de-mujeres-municipales-y-comunales\/\" \/>\n<meta property=\"og:site_name\" content=\"FESTRAM\" \/>\n<meta property=\"article:publisher\" content=\"https:\/\/www.facebook.com\/MunicipalesSF\" \/>\n<meta property=\"article:published_time\" content=\"2011-11-01T02:04:25+00:00\" \/>\n<meta property=\"article:modified_time\" content=\"2014-06-25T12:39:39+00:00\" \/>\n<meta property=\"og:image\" content=\"https:\/\/municipales.org.ar\/festram\/wp-content\/uploads\/2011\/10\/mujeres10.jpeg\" \/>\n\t<meta property=\"og:image:width\" content=\"1400\" \/>\n\t<meta property=\"og:image:height\" content=\"793\" \/>\n\t<meta property=\"og:image:type\" content=\"image\/jpeg\" \/>\n<meta name=\"author\" content=\"mun_admin\" \/>\n<meta name=\"twitter:card\" content=\"summary_large_image\" \/>\n<meta name=\"twitter:creator\" content=\"@MunicipalesSF\" \/>\n<meta name=\"twitter:site\" content=\"@MunicipalesSF\" \/>\n<meta name=\"twitter:label1\" content=\"Escrito por\" \/>\n\t<meta name=\"twitter:data1\" content=\"mun_admin\" \/>\n\t<meta name=\"twitter:label2\" content=\"Tiempo de lectura\" \/>\n\t<meta name=\"twitter:data2\" content=\"4 minutos\" \/>\n<script type=\"application\/ld+json\" class=\"yoast-schema-graph\">{\"@context\":\"https:\/\/schema.org\",\"@graph\":[{\"@type\":\"Article\",\"@id\":\"https:\/\/municipales.org.ar\/festram\/se-desarrollo-el-10o-encuentro-provincial-de-mujeres-municipales-y-comunales\/#article\",\"isPartOf\":{\"@id\":\"https:\/\/municipales.org.ar\/festram\/se-desarrollo-el-10o-encuentro-provincial-de-mujeres-municipales-y-comunales\/\"},\"author\":{\"name\":\"mun_admin\",\"@id\":\"https:\/\/municipales.org.ar\/festram\/#\/schema\/person\/49096a774c48ce9063df4d59ec059f9e\"},\"headline\":\"Se desarroll\u00f3 el 10\u00ba Encuentro Provincial de Mujeres Municipales y Comunales\",\"datePublished\":\"2011-11-01T02:04:25+00:00\",\"dateModified\":\"2014-06-25T12:39:39+00:00\",\"mainEntityOfPage\":{\"@id\":\"https:\/\/municipales.org.ar\/festram\/se-desarrollo-el-10o-encuentro-provincial-de-mujeres-municipales-y-comunales\/\"},\"wordCount\":827,\"publisher\":{\"@id\":\"https:\/\/municipales.org.ar\/festram\/#organization\"},\"image\":{\"@id\":\"https:\/\/municipales.org.ar\/festram\/se-desarrollo-el-10o-encuentro-provincial-de-mujeres-municipales-y-comunales\/#primaryimage\"},\"thumbnailUrl\":\"https:\/\/municipales.org.ar\/festram\/wp-content\/uploads\/2011\/10\/mujeres10.jpeg\",\"keywords\":[\"g\u00e9nero\"],\"articleSection\":[\"G\u00e9nero\"],\"inLanguage\":\"es\"},{\"@type\":\"WebPage\",\"@id\":\"https:\/\/municipales.org.ar\/festram\/se-desarrollo-el-10o-encuentro-provincial-de-mujeres-municipales-y-comunales\/\",\"url\":\"https:\/\/municipales.org.ar\/festram\/se-desarrollo-el-10o-encuentro-provincial-de-mujeres-municipales-y-comunales\/\",\"name\":\"Se desarroll\u00f3 el 10\u00ba Encuentro Provincial de Mujeres Municipales y Comunales &#8211; FESTRAM\",\"isPartOf\":{\"@id\":\"https:\/\/municipales.org.ar\/festram\/#website\"},\"primaryImageOfPage\":{\"@id\":\"https:\/\/municipales.org.ar\/festram\/se-desarrollo-el-10o-encuentro-provincial-de-mujeres-municipales-y-comunales\/#primaryimage\"},\"image\":{\"@id\":\"https:\/\/municipales.org.ar\/festram\/se-desarrollo-el-10o-encuentro-provincial-de-mujeres-municipales-y-comunales\/#primaryimage\"},\"thumbnailUrl\":\"https:\/\/municipales.org.ar\/festram\/wp-content\/uploads\/2011\/10\/mujeres10.jpeg\",\"datePublished\":\"2011-11-01T02:04:25+00:00\",\"dateModified\":\"2014-06-25T12:39:39+00:00\",\"description\":\"Fue organizado por la Red de Mujeres Municipales de Festram, con el auspicio de la Confederaci\u00f3n de Trabajadores Municipales de la Rep\u00fablica Argentina. Asistieron m\u00e1s de 250 mujeres de toda la provincia.\",\"breadcrumb\":{\"@id\":\"https:\/\/municipales.org.ar\/festram\/se-desarrollo-el-10o-encuentro-provincial-de-mujeres-municipales-y-comunales\/#breadcrumb\"},\"inLanguage\":\"es\",\"potentialAction\":[{\"@type\":\"ReadAction\",\"target\":[\"https:\/\/municipales.org.ar\/festram\/se-desarrollo-el-10o-encuentro-provincial-de-mujeres-municipales-y-comunales\/\"]}]},{\"@type\":\"ImageObject\",\"inLanguage\":\"es\",\"@id\":\"https:\/\/municipales.org.ar\/festram\/se-desarrollo-el-10o-encuentro-provincial-de-mujeres-municipales-y-comunales\/#primaryimage\",\"url\":\"https:\/\/municipales.org.ar\/festram\/wp-content\/uploads\/2011\/10\/mujeres10.jpeg\",\"contentUrl\":\"https:\/\/municipales.org.ar\/festram\/wp-content\/uploads\/2011\/10\/mujeres10.jpeg\",\"width\":1400,\"height\":793},{\"@type\":\"BreadcrumbList\",\"@id\":\"https:\/\/municipales.org.ar\/festram\/se-desarrollo-el-10o-encuentro-provincial-de-mujeres-municipales-y-comunales\/#breadcrumb\",\"itemListElement\":[{\"@type\":\"ListItem\",\"position\":1,\"name\":\"Portada\",\"item\":\"https:\/\/municipales.org.ar\/festram\/\"},{\"@type\":\"ListItem\",\"position\":2,\"name\":\"Se desarroll\u00f3 el 10\u00ba Encuentro Provincial de Mujeres Municipales y Comunales\"}]},{\"@type\":\"WebSite\",\"@id\":\"https:\/\/municipales.org.ar\/festram\/#website\",\"url\":\"https:\/\/municipales.org.ar\/festram\/\",\"name\":\"FESTRAM\",\"description\":\"La web de los trabajadores municipales\",\"publisher\":{\"@id\":\"https:\/\/municipales.org.ar\/festram\/#organization\"},\"potentialAction\":[{\"@type\":\"SearchAction\",\"target\":{\"@type\":\"EntryPoint\",\"urlTemplate\":\"https:\/\/municipales.org.ar\/festram\/?s={search_term_string}\"},\"query-input\":{\"@type\":\"PropertyValueSpecification\",\"valueRequired\":true,\"valueName\":\"search_term_string\"}}],\"inLanguage\":\"es\"},{\"@type\":\"Organization\",\"@id\":\"https:\/\/municipales.org.ar\/festram\/#organization\",\"name\":\"Federaci\u00f3n de Sindicatos de Trabajadores Municipales de la Provincia de Santa Fe\",\"url\":\"https:\/\/municipales.org.ar\/festram\/\",\"logo\":{\"@type\":\"ImageObject\",\"inLanguage\":\"es\",\"@id\":\"https:\/\/municipales.org.ar\/festram\/#\/schema\/logo\/image\/\",\"url\":\"https:\/\/www.municipales.org.ar\/festram\/wp-content\/uploads\/2014\/07\/logo_fes.jpg\",\"contentUrl\":\"https:\/\/www.municipales.org.ar\/festram\/wp-content\/uploads\/2014\/07\/logo_fes.jpg\",\"width\":661,\"height\":673,\"caption\":\"Federaci\u00f3n de Sindicatos de Trabajadores Municipales de la Provincia de Santa Fe\"},\"image\":{\"@id\":\"https:\/\/municipales.org.ar\/festram\/#\/schema\/logo\/image\/\"},\"sameAs\":[\"https:\/\/www.facebook.com\/MunicipalesSF\",\"https:\/\/x.com\/MunicipalesSF\",\"https:\/\/www.youtube.com\/user\/festram\"]},{\"@type\":\"Person\",\"@id\":\"https:\/\/municipales.org.ar\/festram\/#\/schema\/person\/49096a774c48ce9063df4d59ec059f9e\",\"name\":\"mun_admin\"}]}<\/script>\n<!-- \/ Yoast SEO plugin. -->","yoast_head_json":{"title":"Se desarroll\u00f3 el 10\u00ba Encuentro Provincial de Mujeres Municipales y Comunales &#8211; FESTRAM","description":"Fue organizado por la Red de Mujeres Municipales de Festram, con el auspicio de la Confederaci\u00f3n de Trabajadores Municipales de la Rep\u00fablica Argentina. Asistieron m\u00e1s de 250 mujeres de toda la provincia.","robots":{"index":"index","follow":"follow","max-snippet":"max-snippet:-1","max-image-preview":"max-image-preview:large","max-video-preview":"max-video-preview:-1"},"canonical":"https:\/\/municipales.org.ar\/festram\/se-desarrollo-el-10o-encuentro-provincial-de-mujeres-municipales-y-comunales\/","og_locale":"es_ES","og_type":"article","og_title":"Se desarroll\u00f3 el 10\u00ba Encuentro Provincial de Mujeres Municipales y Comunales &#8211; FESTRAM","og_description":"Fue organizado por la Red de Mujeres Municipales de Festram, con el auspicio de la Confederaci\u00f3n de Trabajadores Municipales de la Rep\u00fablica Argentina. Asistieron m\u00e1s de 250 mujeres de toda la provincia.","og_url":"https:\/\/municipales.org.ar\/festram\/se-desarrollo-el-10o-encuentro-provincial-de-mujeres-municipales-y-comunales\/","og_site_name":"FESTRAM","article_publisher":"https:\/\/www.facebook.com\/MunicipalesSF","article_published_time":"2011-11-01T02:04:25+00:00","article_modified_time":"2014-06-25T12:39:39+00:00","og_image":[{"width":1400,"height":793,"url":"https:\/\/municipales.org.ar\/festram\/wp-content\/uploads\/2011\/10\/mujeres10.jpeg","type":"image\/jpeg"}],"author":"mun_admin","twitter_card":"summary_large_image","twitter_creator":"@MunicipalesSF","twitter_site":"@MunicipalesSF","twitter_misc":{"Escrito por":"mun_admin","Tiempo de lectura":"4 minutos"},"schema":{"@context":"https:\/\/schema.org","@graph":[{"@type":"Article","@id":"https:\/\/municipales.org.ar\/festram\/se-desarrollo-el-10o-encuentro-provincial-de-mujeres-municipales-y-comunales\/#article","isPartOf":{"@id":"https:\/\/municipales.org.ar\/festram\/se-desarrollo-el-10o-encuentro-provincial-de-mujeres-municipales-y-comunales\/"},"author":{"name":"mun_admin","@id":"https:\/\/municipales.org.ar\/festram\/#\/schema\/person\/49096a774c48ce9063df4d59ec059f9e"},"headline":"Se desarroll\u00f3 el 10\u00ba Encuentro Provincial de Mujeres Municipales y Comunales","datePublished":"2011-11-01T02:04:25+00:00","dateModified":"2014-06-25T12:39:39+00:00","mainEntityOfPage":{"@id":"https:\/\/municipales.org.ar\/festram\/se-desarrollo-el-10o-encuentro-provincial-de-mujeres-municipales-y-comunales\/"},"wordCount":827,"publisher":{"@id":"https:\/\/municipales.org.ar\/festram\/#organization"},"image":{"@id":"https:\/\/municipales.org.ar\/festram\/se-desarrollo-el-10o-encuentro-provincial-de-mujeres-municipales-y-comunales\/#primaryimage"},"thumbnailUrl":"https:\/\/municipales.org.ar\/festram\/wp-content\/uploads\/2011\/10\/mujeres10.jpeg","keywords":["g\u00e9nero"],"articleSection":["G\u00e9nero"],"inLanguage":"es"},{"@type":"WebPage","@id":"https:\/\/municipales.org.ar\/festram\/se-desarrollo-el-10o-encuentro-provincial-de-mujeres-municipales-y-comunales\/","url":"https:\/\/municipales.org.ar\/festram\/se-desarrollo-el-10o-encuentro-provincial-de-mujeres-municipales-y-comunales\/","name":"Se desarroll\u00f3 el 10\u00ba Encuentro Provincial de Mujeres Municipales y Comunales &#8211; FESTRAM","isPartOf":{"@id":"https:\/\/municipales.org.ar\/festram\/#website"},"primaryImageOfPage":{"@id":"https:\/\/municipales.org.ar\/festram\/se-desarrollo-el-10o-encuentro-provincial-de-mujeres-municipales-y-comunales\/#primaryimage"},"image":{"@id":"https:\/\/municipales.org.ar\/festram\/se-desarrollo-el-10o-encuentro-provincial-de-mujeres-municipales-y-comunales\/#primaryimage"},"thumbnailUrl":"https:\/\/municipales.org.ar\/festram\/wp-content\/uploads\/2011\/10\/mujeres10.jpeg","datePublished":"2011-11-01T02:04:25+00:00","dateModified":"2014-06-25T12:39:39+00:00","description":"Fue organizado por la Red de Mujeres Municipales de Festram, con el auspicio de la Confederaci\u00f3n de Trabajadores Municipales de la Rep\u00fablica Argentina. Asistieron m\u00e1s de 250 mujeres de toda la provincia.","breadcrumb":{"@id":"https:\/\/municipales.org.ar\/festram\/se-desarrollo-el-10o-encuentro-provincial-de-mujeres-municipales-y-comunales\/#breadcrumb"},"inLanguage":"es","potentialAction":[{"@type":"ReadAction","target":["https:\/\/municipales.org.ar\/festram\/se-desarrollo-el-10o-encuentro-provincial-de-mujeres-municipales-y-comunales\/"]}]},{"@type":"ImageObject","inLanguage":"es","@id":"https:\/\/municipales.org.ar\/festram\/se-desarrollo-el-10o-encuentro-provincial-de-mujeres-municipales-y-comunales\/#primaryimage","url":"https:\/\/municipales.org.ar\/festram\/wp-content\/uploads\/2011\/10\/mujeres10.jpeg","contentUrl":"https:\/\/municipales.org.ar\/festram\/wp-content\/uploads\/2011\/10\/mujeres10.jpeg","width":1400,"height":793},{"@type":"BreadcrumbList","@id":"https:\/\/municipales.org.ar\/festram\/se-desarrollo-el-10o-encuentro-provincial-de-mujeres-municipales-y-comunales\/#breadcrumb","itemListElement":[{"@type":"ListItem","position":1,"name":"Portada","item":"https:\/\/municipales.org.ar\/festram\/"},{"@type":"ListItem","position":2,"name":"Se desarroll\u00f3 el 10\u00ba Encuentro Provincial de Mujeres Municipales y Comunales"}]},{"@type":"WebSite","@id":"https:\/\/municipales.org.ar\/festram\/#website","url":"https:\/\/municipales.org.ar\/festram\/","name":"FESTRAM","description":"La web de los trabajadores municipales","publisher":{"@id":"https:\/\/municipales.org.ar\/festram\/#organization"},"potentialAction":[{"@type":"SearchAction","target":{"@type":"EntryPoint","urlTemplate":"https:\/\/municipales.org.ar\/festram\/?s={search_term_string}"},"query-input":{"@type":"PropertyValueSpecification","valueRequired":true,"valueName":"search_term_string"}}],"inLanguage":"es"},{"@type":"Organization","@id":"https:\/\/municipales.org.ar\/festram\/#organization","name":"Federaci\u00f3n de Sindicatos de Trabajadores Municipales de la Provincia de Santa Fe","url":"https:\/\/municipales.org.ar\/festram\/","logo":{"@type":"ImageObject","inLanguage":"es","@id":"https:\/\/municipales.org.ar\/festram\/#\/schema\/logo\/image\/","url":"https:\/\/www.municipales.org.ar\/festram\/wp-content\/uploads\/2014\/07\/logo_fes.jpg","contentUrl":"https:\/\/www.municipales.org.ar\/festram\/wp-content\/uploads\/2014\/07\/logo_fes.jpg","width":661,"height":673,"caption":"Federaci\u00f3n de Sindicatos de Trabajadores Municipales de la Provincia de Santa Fe"},"image":{"@id":"https:\/\/municipales.org.ar\/festram\/#\/schema\/logo\/image\/"},"sameAs":["https:\/\/www.facebook.com\/MunicipalesSF","https:\/\/x.com\/MunicipalesSF","https:\/\/www.youtube.com\/user\/festram"]},{"@type":"Person","@id":"https:\/\/municipales.org.ar\/festram\/#\/schema\/person\/49096a774c48ce9063df4d59ec059f9e","name":"mun_admin"}]}},"jetpack_publicize_connections":[],"jetpack_featured_media_url":"https:\/\/municipales.org.ar\/festram\/wp-content\/uploads\/2011\/10\/mujeres10.jpeg","jetpack_sharing_enabled":true,"jetpack_likes_enabled":false,"jetpack_shortlink":"https:\/\/wp.me\/p7l4x1-26O","_links":{"self":[{"href":"https:\/\/municipales.org.ar\/festram\/wp-json\/wp\/v2\/posts\/8110","targetHints":{"allow":["GET"]}}],"collection":[{"href":"https:\/\/municipales.org.ar\/festram\/wp-json\/wp\/v2\/posts"}],"about":[{"href":"https:\/\/municipales.org.ar\/festram\/wp-json\/wp\/v2\/types\/post"}],"author":[{"embeddable":true,"href":"https:\/\/municipales.org.ar\/festram\/wp-json\/wp\/v2\/users\/1"}],"replies":[{"embeddable":true,"href":"https:\/\/municipales.org.ar\/festram\/wp-json\/wp\/v2\/comments?post=8110"}],"version-history":[{"count":2,"href":"https:\/\/municipales.org.ar\/festram\/wp-json\/wp\/v2\/posts\/8110\/revisions"}],"predecessor-version":[{"id":8190,"href":"https:\/\/municipales.org.ar\/festram\/wp-json\/wp\/v2\/posts\/8110\/revisions\/8190"}],"wp:featuredmedia":[{"embeddable":true,"href":"https:\/\/municipales.org.ar\/festram\/wp-json\/wp\/v2\/media\/8189"}],"wp:attachment":[{"href":"https:\/\/municipales.org.ar\/festram\/wp-json\/wp\/v2\/media?parent=8110"}],"wp:term":[{"taxonomy":"category","embeddable":true,"href":"https:\/\/municipales.org.ar\/festram\/wp-json\/wp\/v2\/categories?post=8110"},{"taxonomy":"post_tag","embeddable":true,"href":"https:\/\/municipales.org.ar\/festram\/wp-json\/wp\/v2\/tags?post=8110"}],"curies":[{"name":"wp","href":"https:\/\/api.w.org\/{rel}","templated":true}]}}