{"id":8232,"date":"2012-08-22T22:37:29","date_gmt":"2012-08-23T01:37:29","guid":{"rendered":"http:\/\/festram.dyndns.org\/festram\/?p=171"},"modified":"2014-06-26T23:06:08","modified_gmt":"2014-06-27T02:06:08","slug":"la-justicia-confirma-ingreso-de-familiar-a-planta-municipal","status":"publish","type":"post","link":"https:\/\/municipales.org.ar\/festram\/la-justicia-confirma-ingreso-de-familiar-a-planta-municipal\/","title":{"rendered":"La Justicia confirma ingreso de familiar a planta municipal"},"content":{"rendered":"<h5><strong>Copia del fallo sobre el juicio Pacheco Magdalena Beatriz c\/Municipalidad de San Justo.<\/strong><br \/>\n<b><\/b><\/h5>\n<p>&nbsp;<\/p>\n<p><b>Art\u00edculo 130 de la Ley 9.286<\/b><\/p>\n<div>\n<div id=\"Contenido\">\n<div id=\"_clearly_component__next_pages_container\">\u00a0<i>\u00abEn caso de fallecimiento del agente, la autoridad competente deber\u00e1 designar, por el conducto legal pertinente, a la viuda o a un hijo de aqu\u00e9l, directamente sin prueba de selecci\u00f3n, en un cargo vacante de nivel inferior en la especialidad, y seg\u00fan las condiciones que posea el postulante. El nombramiento tendr\u00e1 lugar, cuando se re\u00fanan los requisitos exigidos por el ingreso\u00bb.<\/i><\/div>\n<\/div>\n<\/div>\n<p>&nbsp;<\/p>\n","protected":false},"excerpt":{"rendered":"<p>Copia del fallo sobre el juicio Pacheco Magdalena Beatriz c\/Municipalidad de San Justo.<\/p>\n","protected":false},"author":4,"featured_media":9103,"comment_status":"closed","ping_status":"closed","sticky":false,"template":"","format":"standard","meta":{"_jetpack_memberships_contains_paid_content":false,"footnotes":"","jetpack_publicize_message":"","jetpack_publicize_feature_enabled":true,"jetpack_social_post_already_shared":false,"jetpack_social_options":{"image_generator_settings":{"template":"highway","default_image_id":0,"font":"","enabled":false},"version":2}},"categories":[54],"tags":[89,111],"class_list":["post-8232","post","type-post","status-publish","format-standard","has-post-thumbnail","hentry","category-legislacion-fallos","tag-fallos-juridicos","tag-legislacion"],"yoast_head":"<!-- This site is optimized with the Yoast SEO plugin v25.9 - https:\/\/yoast.com\/wordpress\/plugins\/seo\/ -->\n<title>La Justicia confirma ingreso de familiar a planta municipal &#8211; FESTRAM<\/title>\n<meta name=\"description\" content=\"Copia del fallo sobre el juicio Pacheco Magdalena Beatriz c\/Municipalidad de San Justo.\" \/>\n<meta name=\"robots\" content=\"index, follow, max-snippet:-1, max-image-preview:large, max-video-preview:-1\" \/>\n<link rel=\"canonical\" href=\"https:\/\/municipales.org.ar\/festram\/la-justicia-confirma-ingreso-de-familiar-a-planta-municipal\/\" \/>\n<meta property=\"og:locale\" content=\"es_ES\" \/>\n<meta property=\"og:type\" content=\"article\" \/>\n<meta property=\"og:title\" content=\"La Justicia confirma ingreso de familiar a planta municipal &#8211; FESTRAM\" \/>\n<meta property=\"og:description\" content=\"Copia del fallo sobre el juicio Pacheco Magdalena Beatriz c\/Municipalidad de San Justo.\" \/>\n<meta property=\"og:url\" content=\"https:\/\/municipales.org.ar\/festram\/la-justicia-confirma-ingreso-de-familiar-a-planta-municipal\/\" \/>\n<meta property=\"og:site_name\" content=\"FESTRAM\" \/>\n<meta property=\"article:publisher\" content=\"https:\/\/www.facebook.com\/MunicipalesSF\" \/>\n<meta property=\"article:published_time\" content=\"2012-08-23T01:37:29+00:00\" \/>\n<meta property=\"article:modified_time\" content=\"2014-06-27T02:06:08+00:00\" \/>\n<meta property=\"og:image\" content=\"https:\/\/municipales.org.ar\/festram\/wp-content\/uploads\/2012\/08\/fallo-familiar.jpeg\" \/>\n\t<meta property=\"og:image:width\" content=\"2000\" \/>\n\t<meta property=\"og:image:height\" content=\"968\" \/>\n\t<meta property=\"og:image:type\" content=\"image\/jpeg\" \/>\n<meta name=\"author\" content=\"wp_admin\" \/>\n<meta name=\"twitter:card\" content=\"summary_large_image\" \/>\n<meta name=\"twitter:creator\" content=\"@MunicipalesSF\" \/>\n<meta name=\"twitter:site\" content=\"@MunicipalesSF\" \/>\n<meta name=\"twitter:label1\" content=\"Escrito por\" \/>\n\t<meta name=\"twitter:data1\" content=\"wp_admin\" \/>\n<script type=\"application\/ld+json\" class=\"yoast-schema-graph\">{\"@context\":\"https:\/\/schema.org\",\"@graph\":[{\"@type\":\"Article\",\"@id\":\"https:\/\/municipales.org.ar\/festram\/la-justicia-confirma-ingreso-de-familiar-a-planta-municipal\/#article\",\"isPartOf\":{\"@id\":\"https:\/\/municipales.org.ar\/festram\/la-justicia-confirma-ingreso-de-familiar-a-planta-municipal\/\"},\"author\":{\"name\":\"wp_admin\",\"@id\":\"https:\/\/municipales.org.ar\/festram\/#\/schema\/person\/bfcbda16ea802e17decda561ec6e62d3\"},\"headline\":\"La Justicia confirma ingreso de familiar a planta municipal\",\"datePublished\":\"2012-08-23T01:37:29+00:00\",\"dateModified\":\"2014-06-27T02:06:08+00:00\",\"mainEntityOfPage\":{\"@id\":\"https:\/\/municipales.org.ar\/festram\/la-justicia-confirma-ingreso-de-familiar-a-planta-municipal\/\"},\"wordCount\":95,\"publisher\":{\"@id\":\"https:\/\/municipales.org.ar\/festram\/#organization\"},\"image\":{\"@id\":\"https:\/\/municipales.org.ar\/festram\/la-justicia-confirma-ingreso-de-familiar-a-planta-municipal\/#primaryimage\"},\"thumbnailUrl\":\"https:\/\/municipales.org.ar\/festram\/wp-content\/uploads\/2012\/08\/fallo-familiar.jpeg\",\"keywords\":[\"fallos jur\u00eddicos\",\"Legislaci\u00f3n\"],\"articleSection\":[\"Legislaci\u00f3n Fallos\"],\"inLanguage\":\"es\"},{\"@type\":\"WebPage\",\"@id\":\"https:\/\/municipales.org.ar\/festram\/la-justicia-confirma-ingreso-de-familiar-a-planta-municipal\/\",\"url\":\"https:\/\/municipales.org.ar\/festram\/la-justicia-confirma-ingreso-de-familiar-a-planta-municipal\/\",\"name\":\"La Justicia confirma ingreso de familiar a planta municipal &#8211; FESTRAM\",\"isPartOf\":{\"@id\":\"https:\/\/municipales.org.ar\/festram\/#website\"},\"primaryImageOfPage\":{\"@id\":\"https:\/\/municipales.org.ar\/festram\/la-justicia-confirma-ingreso-de-familiar-a-planta-municipal\/#primaryimage\"},\"image\":{\"@id\":\"https:\/\/municipales.org.ar\/festram\/la-justicia-confirma-ingreso-de-familiar-a-planta-municipal\/#primaryimage\"},\"thumbnailUrl\":\"https:\/\/municipales.org.ar\/festram\/wp-content\/uploads\/2012\/08\/fallo-familiar.jpeg\",\"datePublished\":\"2012-08-23T01:37:29+00:00\",\"dateModified\":\"2014-06-27T02:06:08+00:00\",\"description\":\"Copia del fallo sobre el juicio Pacheco Magdalena Beatriz c\/Municipalidad de San Justo.\",\"breadcrumb\":{\"@id\":\"https:\/\/municipales.org.ar\/festram\/la-justicia-confirma-ingreso-de-familiar-a-planta-municipal\/#breadcrumb\"},\"inLanguage\":\"es\",\"potentialAction\":[{\"@type\":\"ReadAction\",\"target\":[\"https:\/\/municipales.org.ar\/festram\/la-justicia-confirma-ingreso-de-familiar-a-planta-municipal\/\"]}]},{\"@type\":\"ImageObject\",\"inLanguage\":\"es\",\"@id\":\"https:\/\/municipales.org.ar\/festram\/la-justicia-confirma-ingreso-de-familiar-a-planta-municipal\/#primaryimage\",\"url\":\"https:\/\/municipales.org.ar\/festram\/wp-content\/uploads\/2012\/08\/fallo-familiar.jpeg\",\"contentUrl\":\"https:\/\/municipales.org.ar\/festram\/wp-content\/uploads\/2012\/08\/fallo-familiar.jpeg\",\"width\":2000,\"height\":968},{\"@type\":\"BreadcrumbList\",\"@id\":\"https:\/\/municipales.org.ar\/festram\/la-justicia-confirma-ingreso-de-familiar-a-planta-municipal\/#breadcrumb\",\"itemListElement\":[{\"@type\":\"ListItem\",\"position\":1,\"name\":\"Portada\",\"item\":\"https:\/\/municipales.org.ar\/festram\/\"},{\"@type\":\"ListItem\",\"position\":2,\"name\":\"La Justicia confirma ingreso de familiar a planta municipal\"}]},{\"@type\":\"WebSite\",\"@id\":\"https:\/\/municipales.org.ar\/festram\/#website\",\"url\":\"https:\/\/municipales.org.ar\/festram\/\",\"name\":\"FESTRAM\",\"description\":\"La web de los trabajadores municipales\",\"publisher\":{\"@id\":\"https:\/\/municipales.org.ar\/festram\/#organization\"},\"potentialAction\":[{\"@type\":\"SearchAction\",\"target\":{\"@type\":\"EntryPoint\",\"urlTemplate\":\"https:\/\/municipales.org.ar\/festram\/?s={search_term_string}\"},\"query-input\":{\"@type\":\"PropertyValueSpecification\",\"valueRequired\":true,\"valueName\":\"search_term_string\"}}],\"inLanguage\":\"es\"},{\"@type\":\"Organization\",\"@id\":\"https:\/\/municipales.org.ar\/festram\/#organization\",\"name\":\"Federaci\u00f3n de Sindicatos de Trabajadores Municipales de la Provincia de Santa Fe\",\"url\":\"https:\/\/municipales.org.ar\/festram\/\",\"logo\":{\"@type\":\"ImageObject\",\"inLanguage\":\"es\",\"@id\":\"https:\/\/municipales.org.ar\/festram\/#\/schema\/logo\/image\/\",\"url\":\"https:\/\/www.municipales.org.ar\/festram\/wp-content\/uploads\/2014\/07\/logo_fes.jpg\",\"contentUrl\":\"https:\/\/www.municipales.org.ar\/festram\/wp-content\/uploads\/2014\/07\/logo_fes.jpg\",\"width\":661,\"height\":673,\"caption\":\"Federaci\u00f3n de Sindicatos de Trabajadores Municipales de la Provincia de Santa Fe\"},\"image\":{\"@id\":\"https:\/\/municipales.org.ar\/festram\/#\/schema\/logo\/image\/\"},\"sameAs\":[\"https:\/\/www.facebook.com\/MunicipalesSF\",\"https:\/\/x.com\/MunicipalesSF\",\"https:\/\/www.youtube.com\/user\/festram\"]},{\"@type\":\"Person\",\"@id\":\"https:\/\/municipales.org.ar\/festram\/#\/schema\/person\/bfcbda16ea802e17decda561ec6e62d3\",\"name\":\"wp_admin\"}]}<\/script>\n<!-- \/ Yoast SEO plugin. -->","yoast_head_json":{"title":"La Justicia confirma ingreso de familiar a planta municipal &#8211; FESTRAM","description":"Copia del fallo sobre el juicio Pacheco Magdalena Beatriz c\/Municipalidad de San Justo.","robots":{"index":"index","follow":"follow","max-snippet":"max-snippet:-1","max-image-preview":"max-image-preview:large","max-video-preview":"max-video-preview:-1"},"canonical":"https:\/\/municipales.org.ar\/festram\/la-justicia-confirma-ingreso-de-familiar-a-planta-municipal\/","og_locale":"es_ES","og_type":"article","og_title":"La Justicia confirma ingreso de familiar a planta municipal &#8211; FESTRAM","og_description":"Copia del fallo sobre el juicio Pacheco Magdalena Beatriz c\/Municipalidad de San Justo.","og_url":"https:\/\/municipales.org.ar\/festram\/la-justicia-confirma-ingreso-de-familiar-a-planta-municipal\/","og_site_name":"FESTRAM","article_publisher":"https:\/\/www.facebook.com\/MunicipalesSF","article_published_time":"2012-08-23T01:37:29+00:00","article_modified_time":"2014-06-27T02:06:08+00:00","og_image":[{"width":2000,"height":968,"url":"https:\/\/municipales.org.ar\/festram\/wp-content\/uploads\/2012\/08\/fallo-familiar.jpeg","type":"image\/jpeg"}],"author":"wp_admin","twitter_card":"summary_large_image","twitter_creator":"@MunicipalesSF","twitter_site":"@MunicipalesSF","twitter_misc":{"Escrito por":"wp_admin"},"schema":{"@context":"https:\/\/schema.org","@graph":[{"@type":"Article","@id":"https:\/\/municipales.org.ar\/festram\/la-justicia-confirma-ingreso-de-familiar-a-planta-municipal\/#article","isPartOf":{"@id":"https:\/\/municipales.org.ar\/festram\/la-justicia-confirma-ingreso-de-familiar-a-planta-municipal\/"},"author":{"name":"wp_admin","@id":"https:\/\/municipales.org.ar\/festram\/#\/schema\/person\/bfcbda16ea802e17decda561ec6e62d3"},"headline":"La Justicia confirma ingreso de familiar a planta municipal","datePublished":"2012-08-23T01:37:29+00:00","dateModified":"2014-06-27T02:06:08+00:00","mainEntityOfPage":{"@id":"https:\/\/municipales.org.ar\/festram\/la-justicia-confirma-ingreso-de-familiar-a-planta-municipal\/"},"wordCount":95,"publisher":{"@id":"https:\/\/municipales.org.ar\/festram\/#organization"},"image":{"@id":"https:\/\/municipales.org.ar\/festram\/la-justicia-confirma-ingreso-de-familiar-a-planta-municipal\/#primaryimage"},"thumbnailUrl":"https:\/\/municipales.org.ar\/festram\/wp-content\/uploads\/2012\/08\/fallo-familiar.jpeg","keywords":["fallos jur\u00eddicos","Legislaci\u00f3n"],"articleSection":["Legislaci\u00f3n Fallos"],"inLanguage":"es"},{"@type":"WebPage","@id":"https:\/\/municipales.org.ar\/festram\/la-justicia-confirma-ingreso-de-familiar-a-planta-municipal\/","url":"https:\/\/municipales.org.ar\/festram\/la-justicia-confirma-ingreso-de-familiar-a-planta-municipal\/","name":"La Justicia confirma ingreso de familiar a planta municipal &#8211; FESTRAM","isPartOf":{"@id":"https:\/\/municipales.org.ar\/festram\/#website"},"primaryImageOfPage":{"@id":"https:\/\/municipales.org.ar\/festram\/la-justicia-confirma-ingreso-de-familiar-a-planta-municipal\/#primaryimage"},"image":{"@id":"https:\/\/municipales.org.ar\/festram\/la-justicia-confirma-ingreso-de-familiar-a-planta-municipal\/#primaryimage"},"thumbnailUrl":"https:\/\/municipales.org.ar\/festram\/wp-content\/uploads\/2012\/08\/fallo-familiar.jpeg","datePublished":"2012-08-23T01:37:29+00:00","dateModified":"2014-06-27T02:06:08+00:00","description":"Copia del fallo sobre el juicio Pacheco Magdalena Beatriz c\/Municipalidad de San Justo.","breadcrumb":{"@id":"https:\/\/municipales.org.ar\/festram\/la-justicia-confirma-ingreso-de-familiar-a-planta-municipal\/#breadcrumb"},"inLanguage":"es","potentialAction":[{"@type":"ReadAction","target":["https:\/\/municipales.org.ar\/festram\/la-justicia-confirma-ingreso-de-familiar-a-planta-municipal\/"]}]},{"@type":"ImageObject","inLanguage":"es","@id":"https:\/\/municipales.org.ar\/festram\/la-justicia-confirma-ingreso-de-familiar-a-planta-municipal\/#primaryimage","url":"https:\/\/municipales.org.ar\/festram\/wp-content\/uploads\/2012\/08\/fallo-familiar.jpeg","contentUrl":"https:\/\/municipales.org.ar\/festram\/wp-content\/uploads\/2012\/08\/fallo-familiar.jpeg","width":2000,"height":968},{"@type":"BreadcrumbList","@id":"https:\/\/municipales.org.ar\/festram\/la-justicia-confirma-ingreso-de-familiar-a-planta-municipal\/#breadcrumb","itemListElement":[{"@type":"ListItem","position":1,"name":"Portada","item":"https:\/\/municipales.org.ar\/festram\/"},{"@type":"ListItem","position":2,"name":"La Justicia confirma ingreso de familiar a planta municipal"}]},{"@type":"WebSite","@id":"https:\/\/municipales.org.ar\/festram\/#website","url":"https:\/\/municipales.org.ar\/festram\/","name":"FESTRAM","description":"La web de los trabajadores municipales","publisher":{"@id":"https:\/\/municipales.org.ar\/festram\/#organization"},"potentialAction":[{"@type":"SearchAction","target":{"@type":"EntryPoint","urlTemplate":"https:\/\/municipales.org.ar\/festram\/?s={search_term_string}"},"query-input":{"@type":"PropertyValueSpecification","valueRequired":true,"valueName":"search_term_string"}}],"inLanguage":"es"},{"@type":"Organization","@id":"https:\/\/municipales.org.ar\/festram\/#organization","name":"Federaci\u00f3n de Sindicatos de Trabajadores Municipales de la Provincia de Santa Fe","url":"https:\/\/municipales.org.ar\/festram\/","logo":{"@type":"ImageObject","inLanguage":"es","@id":"https:\/\/municipales.org.ar\/festram\/#\/schema\/logo\/image\/","url":"https:\/\/www.municipales.org.ar\/festram\/wp-content\/uploads\/2014\/07\/logo_fes.jpg","contentUrl":"https:\/\/www.municipales.org.ar\/festram\/wp-content\/uploads\/2014\/07\/logo_fes.jpg","width":661,"height":673,"caption":"Federaci\u00f3n de Sindicatos de Trabajadores Municipales de la Provincia de Santa Fe"},"image":{"@id":"https:\/\/municipales.org.ar\/festram\/#\/schema\/logo\/image\/"},"sameAs":["https:\/\/www.facebook.com\/MunicipalesSF","https:\/\/x.com\/MunicipalesSF","https:\/\/www.youtube.com\/user\/festram"]},{"@type":"Person","@id":"https:\/\/municipales.org.ar\/festram\/#\/schema\/person\/bfcbda16ea802e17decda561ec6e62d3","name":"wp_admin"}]}},"jetpack_publicize_connections":[],"jetpack_featured_media_url":"https:\/\/municipales.org.ar\/festram\/wp-content\/uploads\/2012\/08\/fallo-familiar.jpeg","jetpack_sharing_enabled":true,"jetpack_likes_enabled":false,"jetpack_shortlink":"https:\/\/wp.me\/p7l4x1-28M","_links":{"self":[{"href":"https:\/\/municipales.org.ar\/festram\/wp-json\/wp\/v2\/posts\/8232","targetHints":{"allow":["GET"]}}],"collection":[{"href":"https:\/\/municipales.org.ar\/festram\/wp-json\/wp\/v2\/posts"}],"about":[{"href":"https:\/\/municipales.org.ar\/festram\/wp-json\/wp\/v2\/types\/post"}],"author":[{"embeddable":true,"href":"https:\/\/municipales.org.ar\/festram\/wp-json\/wp\/v2\/users\/4"}],"replies":[{"embeddable":true,"href":"https:\/\/municipales.org.ar\/festram\/wp-json\/wp\/v2\/comments?post=8232"}],"version-history":[{"count":2,"href":"https:\/\/municipales.org.ar\/festram\/wp-json\/wp\/v2\/posts\/8232\/revisions"}],"predecessor-version":[{"id":9104,"href":"https:\/\/municipales.org.ar\/festram\/wp-json\/wp\/v2\/posts\/8232\/revisions\/9104"}],"wp:featuredmedia":[{"embeddable":true,"href":"https:\/\/municipales.org.ar\/festram\/wp-json\/wp\/v2\/media\/9103"}],"wp:attachment":[{"href":"https:\/\/municipales.org.ar\/festram\/wp-json\/wp\/v2\/media?parent=8232"}],"wp:term":[{"taxonomy":"category","embeddable":true,"href":"https:\/\/municipales.org.ar\/festram\/wp-json\/wp\/v2\/categories?post=8232"},{"taxonomy":"post_tag","embeddable":true,"href":"https:\/\/municipales.org.ar\/festram\/wp-json\/wp\/v2\/tags?post=8232"}],"curies":[{"name":"wp","href":"https:\/\/api.w.org\/{rel}","templated":true}]}}