{"id":8233,"date":"2012-08-01T15:30:06","date_gmt":"2012-08-01T18:30:06","guid":{"rendered":"http:\/\/192.168.1.121\/festram\/?p=263"},"modified":"2014-06-26T23:02:04","modified_gmt":"2014-06-27T02:02:04","slug":"capacitacion-para-delegados-de-comites-de-salud-y-seguridad-en-el-trabajo","status":"publish","type":"post","link":"https:\/\/municipales.org.ar\/festram\/capacitacion-para-delegados-de-comites-de-salud-y-seguridad-en-el-trabajo\/","title":{"rendered":"Capacitaci\u00f3n para Delegados de Comit\u00e9s de Salud y Seguridad en el Trabajo"},"content":{"rendered":"<h5><strong>El Ministro de Trabajo y Empleo de la Provincia de Santa Fe, Dr. Julio Genesini, asisti\u00f3 a la Sede de Festram para participar junto con el Consejo Directivo, encabezado por el Secretario General Claudio Leoni, en la finalizaci\u00f3n de la primera etapa del Programa de Formaci\u00f3n destinado a representantes de los Sindicatos que se desempe\u00f1ar\u00e1n como delegados y miembros de Comit\u00e9s de Salud y Seguridad Laboral.<\/strong><\/h5>\n<p>&nbsp;<\/p>\n<p>En este primer curso, que luego se replicar\u00e1 en toda la Provincia participaron los sindicatos de Santo Tom\u00e9, Laguna Paiva, Sitram Garay, Coronda y G\u00e1lvez, que integran entre otros la Regional Centro-Norte. Los 42 participantes representar\u00e1n a los trabajadores en los Comit\u00e9s Mixtos que se constituyan en las Comunas y Municipalidades de las \u00e1reas de actuaci\u00f3n de los mencionados sindicatos.<\/p>\n<p>En la ocasi\u00f3n y previo al acto, el Ministro mantuvo una reuni\u00f3n con representantes del Consejo Directivo de Festram, en donde se abordaron distintas situaciones sobre la realidad gremial municipal. En ese orden se comprometi\u00f3 en la implementaci\u00f3n de la Ley 12.913, reafirm\u00f3 el compromiso del gobierno provincial en la erradicaci\u00f3n de la precarizaci\u00f3n laboral y en la resoluci\u00f3n de conflictos laborales.<\/p>\n<p>Adem\u00e1s recept\u00f3 inquietudes sobre la evoluci\u00f3n salarial, tratamiento en paritaria de agendas pendientes y la apreciaci\u00f3n desde el sector de los trabajadores municipales, en referencia a la situaci\u00f3n de los estados financieros de los municipios, e impacto de la reforma tributaria.<\/p>\n<p>En relaci\u00f3n a la implementaci\u00f3n la Ley 12.913, el Gobierno Provincial a trav\u00e9s del Ministro del Trabajo, instar\u00e1 a conformar \u00e1mbitos de participaci\u00f3n e involucramiento de las autoridades Municipales, Comunales y Festram, de modo que los Delegados representantes de los trabajadores en los Comit\u00e9s de Salud y Seguridad Laboral puedan desarrollar sus funciones para velar y fomentar la prevenci\u00f3n y seguridad laboral, que se plantea como una responsabilidad compartida de las autoridades provinciales, locales y de los trabajadores.<\/p>\n<pre>Felipe Baptista \r\nSecretario de Actas y Administraci\u00f3n<\/pre>\n","protected":false},"excerpt":{"rendered":"<p>El Ministro de Trabajo y Empleo de la Provincia de Santa Fe, Dr. Julio Genesini, asisti\u00f3 a la Sede de Festram para participar junto con el Consejo Directivo, encabezado por el Secretario General Claudio Leoni, en la finalizaci\u00f3n de la primera etapa del Programa de Formaci\u00f3n destinado a representantes de los Sindicatos que se desempe\u00f1ar\u00e1n como delegados y miembros de Comit\u00e9s de Salud y Seguridad Laboral.<\/p>\n","protected":false},"author":4,"featured_media":9099,"comment_status":"closed","ping_status":"closed","sticky":false,"template":"","format":"standard","meta":{"_jetpack_memberships_contains_paid_content":false,"footnotes":"","jetpack_publicize_message":"","jetpack_publicize_feature_enabled":true,"jetpack_social_post_already_shared":false,"jetpack_social_options":{"image_generator_settings":{"template":"highway","default_image_id":0,"font":"","enabled":false},"version":2}},"categories":[43],"tags":[65,91],"class_list":["post-8233","post","type-post","status-publish","format-standard","has-post-thumbnail","hentry","category-capacitacion","tag-capacitacion-2","tag-salud-y-seguridad"],"yoast_head":"<!-- This site is optimized with the Yoast SEO plugin v25.9 - https:\/\/yoast.com\/wordpress\/plugins\/seo\/ -->\n<title>Capacitaci\u00f3n para Delegados de Comit\u00e9s de Salud y Seguridad en el Trabajo &#8211; FESTRAM<\/title>\n<meta name=\"description\" content=\"El Ministro de Trabajo y Empleo de la Provincia de Santa Fe, Dr. Julio Genesini, asisti\u00f3 a la Sede de Festram para participar junto con el Consejo Directivo, encabezado por el Secretario General Claudio Leoni, en la finalizaci\u00f3n de la primera etapa del Programa de Formaci\u00f3n destinado a representantes de los Sindicatos que se desempe\u00f1ar\u00e1n como delegados y miembros de Comit\u00e9s de Salud y Seguridad Laboral.\" \/>\n<meta name=\"robots\" content=\"index, follow, max-snippet:-1, max-image-preview:large, max-video-preview:-1\" \/>\n<link rel=\"canonical\" href=\"https:\/\/municipales.org.ar\/festram\/capacitacion-para-delegados-de-comites-de-salud-y-seguridad-en-el-trabajo\/\" \/>\n<meta property=\"og:locale\" content=\"es_ES\" \/>\n<meta property=\"og:type\" content=\"article\" \/>\n<meta property=\"og:title\" content=\"Capacitaci\u00f3n para Delegados de Comit\u00e9s de Salud y Seguridad en el Trabajo &#8211; FESTRAM\" \/>\n<meta property=\"og:description\" content=\"El Ministro de Trabajo y Empleo de la Provincia de Santa Fe, Dr. Julio Genesini, asisti\u00f3 a la Sede de Festram para participar junto con el Consejo Directivo, encabezado por el Secretario General Claudio Leoni, en la finalizaci\u00f3n de la primera etapa del Programa de Formaci\u00f3n destinado a representantes de los Sindicatos que se desempe\u00f1ar\u00e1n como delegados y miembros de Comit\u00e9s de Salud y Seguridad Laboral.\" \/>\n<meta property=\"og:url\" content=\"https:\/\/municipales.org.ar\/festram\/capacitacion-para-delegados-de-comites-de-salud-y-seguridad-en-el-trabajo\/\" \/>\n<meta property=\"og:site_name\" content=\"FESTRAM\" \/>\n<meta property=\"article:publisher\" content=\"https:\/\/www.facebook.com\/MunicipalesSF\" \/>\n<meta property=\"article:published_time\" content=\"2012-08-01T18:30:06+00:00\" \/>\n<meta property=\"article:modified_time\" content=\"2014-06-27T02:02:04+00:00\" \/>\n<meta property=\"og:image\" content=\"https:\/\/municipales.org.ar\/festram\/wp-content\/uploads\/2012\/08\/comites-salud-seguridad.jpg\" \/>\n\t<meta property=\"og:image:width\" content=\"2000\" \/>\n\t<meta property=\"og:image:height\" content=\"1074\" \/>\n\t<meta property=\"og:image:type\" content=\"image\/jpeg\" \/>\n<meta name=\"author\" content=\"wp_admin\" \/>\n<meta name=\"twitter:card\" content=\"summary_large_image\" \/>\n<meta name=\"twitter:creator\" content=\"@MunicipalesSF\" \/>\n<meta name=\"twitter:site\" content=\"@MunicipalesSF\" \/>\n<meta name=\"twitter:label1\" content=\"Escrito por\" \/>\n\t<meta name=\"twitter:data1\" content=\"wp_admin\" \/>\n\t<meta name=\"twitter:label2\" content=\"Tiempo de lectura\" \/>\n\t<meta name=\"twitter:data2\" content=\"2 minutos\" \/>\n<script type=\"application\/ld+json\" class=\"yoast-schema-graph\">{\"@context\":\"https:\/\/schema.org\",\"@graph\":[{\"@type\":\"Article\",\"@id\":\"https:\/\/municipales.org.ar\/festram\/capacitacion-para-delegados-de-comites-de-salud-y-seguridad-en-el-trabajo\/#article\",\"isPartOf\":{\"@id\":\"https:\/\/municipales.org.ar\/festram\/capacitacion-para-delegados-de-comites-de-salud-y-seguridad-en-el-trabajo\/\"},\"author\":{\"name\":\"wp_admin\",\"@id\":\"https:\/\/municipales.org.ar\/festram\/#\/schema\/person\/bfcbda16ea802e17decda561ec6e62d3\"},\"headline\":\"Capacitaci\u00f3n para Delegados de Comit\u00e9s de Salud y Seguridad en el Trabajo\",\"datePublished\":\"2012-08-01T18:30:06+00:00\",\"dateModified\":\"2014-06-27T02:02:04+00:00\",\"mainEntityOfPage\":{\"@id\":\"https:\/\/municipales.org.ar\/festram\/capacitacion-para-delegados-de-comites-de-salud-y-seguridad-en-el-trabajo\/\"},\"wordCount\":344,\"publisher\":{\"@id\":\"https:\/\/municipales.org.ar\/festram\/#organization\"},\"image\":{\"@id\":\"https:\/\/municipales.org.ar\/festram\/capacitacion-para-delegados-de-comites-de-salud-y-seguridad-en-el-trabajo\/#primaryimage\"},\"thumbnailUrl\":\"https:\/\/municipales.org.ar\/festram\/wp-content\/uploads\/2012\/08\/comites-salud-seguridad.jpg\",\"keywords\":[\"capacitaci\u00f3n\",\"salud y seguridad\"],\"articleSection\":[\"Capacitaci\u00f3n\"],\"inLanguage\":\"es\"},{\"@type\":\"WebPage\",\"@id\":\"https:\/\/municipales.org.ar\/festram\/capacitacion-para-delegados-de-comites-de-salud-y-seguridad-en-el-trabajo\/\",\"url\":\"https:\/\/municipales.org.ar\/festram\/capacitacion-para-delegados-de-comites-de-salud-y-seguridad-en-el-trabajo\/\",\"name\":\"Capacitaci\u00f3n para Delegados de Comit\u00e9s de Salud y Seguridad en el Trabajo &#8211; FESTRAM\",\"isPartOf\":{\"@id\":\"https:\/\/municipales.org.ar\/festram\/#website\"},\"primaryImageOfPage\":{\"@id\":\"https:\/\/municipales.org.ar\/festram\/capacitacion-para-delegados-de-comites-de-salud-y-seguridad-en-el-trabajo\/#primaryimage\"},\"image\":{\"@id\":\"https:\/\/municipales.org.ar\/festram\/capacitacion-para-delegados-de-comites-de-salud-y-seguridad-en-el-trabajo\/#primaryimage\"},\"thumbnailUrl\":\"https:\/\/municipales.org.ar\/festram\/wp-content\/uploads\/2012\/08\/comites-salud-seguridad.jpg\",\"datePublished\":\"2012-08-01T18:30:06+00:00\",\"dateModified\":\"2014-06-27T02:02:04+00:00\",\"description\":\"El Ministro de Trabajo y Empleo de la Provincia de Santa Fe, Dr. Julio Genesini, asisti\u00f3 a la Sede de Festram para participar junto con el Consejo Directivo, encabezado por el Secretario General Claudio Leoni, en la finalizaci\u00f3n de la primera etapa del Programa de Formaci\u00f3n destinado a representantes de los Sindicatos que se desempe\u00f1ar\u00e1n como delegados y miembros de Comit\u00e9s de Salud y Seguridad Laboral.\",\"breadcrumb\":{\"@id\":\"https:\/\/municipales.org.ar\/festram\/capacitacion-para-delegados-de-comites-de-salud-y-seguridad-en-el-trabajo\/#breadcrumb\"},\"inLanguage\":\"es\",\"potentialAction\":[{\"@type\":\"ReadAction\",\"target\":[\"https:\/\/municipales.org.ar\/festram\/capacitacion-para-delegados-de-comites-de-salud-y-seguridad-en-el-trabajo\/\"]}]},{\"@type\":\"ImageObject\",\"inLanguage\":\"es\",\"@id\":\"https:\/\/municipales.org.ar\/festram\/capacitacion-para-delegados-de-comites-de-salud-y-seguridad-en-el-trabajo\/#primaryimage\",\"url\":\"https:\/\/municipales.org.ar\/festram\/wp-content\/uploads\/2012\/08\/comites-salud-seguridad.jpg\",\"contentUrl\":\"https:\/\/municipales.org.ar\/festram\/wp-content\/uploads\/2012\/08\/comites-salud-seguridad.jpg\",\"width\":2000,\"height\":1074},{\"@type\":\"BreadcrumbList\",\"@id\":\"https:\/\/municipales.org.ar\/festram\/capacitacion-para-delegados-de-comites-de-salud-y-seguridad-en-el-trabajo\/#breadcrumb\",\"itemListElement\":[{\"@type\":\"ListItem\",\"position\":1,\"name\":\"Portada\",\"item\":\"https:\/\/municipales.org.ar\/festram\/\"},{\"@type\":\"ListItem\",\"position\":2,\"name\":\"Capacitaci\u00f3n para Delegados de Comit\u00e9s de Salud y Seguridad en el Trabajo\"}]},{\"@type\":\"WebSite\",\"@id\":\"https:\/\/municipales.org.ar\/festram\/#website\",\"url\":\"https:\/\/municipales.org.ar\/festram\/\",\"name\":\"FESTRAM\",\"description\":\"La web de los trabajadores municipales\",\"publisher\":{\"@id\":\"https:\/\/municipales.org.ar\/festram\/#organization\"},\"potentialAction\":[{\"@type\":\"SearchAction\",\"target\":{\"@type\":\"EntryPoint\",\"urlTemplate\":\"https:\/\/municipales.org.ar\/festram\/?s={search_term_string}\"},\"query-input\":{\"@type\":\"PropertyValueSpecification\",\"valueRequired\":true,\"valueName\":\"search_term_string\"}}],\"inLanguage\":\"es\"},{\"@type\":\"Organization\",\"@id\":\"https:\/\/municipales.org.ar\/festram\/#organization\",\"name\":\"Federaci\u00f3n de Sindicatos de Trabajadores Municipales de la Provincia de Santa Fe\",\"url\":\"https:\/\/municipales.org.ar\/festram\/\",\"logo\":{\"@type\":\"ImageObject\",\"inLanguage\":\"es\",\"@id\":\"https:\/\/municipales.org.ar\/festram\/#\/schema\/logo\/image\/\",\"url\":\"https:\/\/www.municipales.org.ar\/festram\/wp-content\/uploads\/2014\/07\/logo_fes.jpg\",\"contentUrl\":\"https:\/\/www.municipales.org.ar\/festram\/wp-content\/uploads\/2014\/07\/logo_fes.jpg\",\"width\":661,\"height\":673,\"caption\":\"Federaci\u00f3n de Sindicatos de Trabajadores Municipales de la Provincia de Santa Fe\"},\"image\":{\"@id\":\"https:\/\/municipales.org.ar\/festram\/#\/schema\/logo\/image\/\"},\"sameAs\":[\"https:\/\/www.facebook.com\/MunicipalesSF\",\"https:\/\/x.com\/MunicipalesSF\",\"https:\/\/www.youtube.com\/user\/festram\"]},{\"@type\":\"Person\",\"@id\":\"https:\/\/municipales.org.ar\/festram\/#\/schema\/person\/bfcbda16ea802e17decda561ec6e62d3\",\"name\":\"wp_admin\"}]}<\/script>\n<!-- \/ Yoast SEO plugin. -->","yoast_head_json":{"title":"Capacitaci\u00f3n para Delegados de Comit\u00e9s de Salud y Seguridad en el Trabajo &#8211; FESTRAM","description":"El Ministro de Trabajo y Empleo de la Provincia de Santa Fe, Dr. Julio Genesini, asisti\u00f3 a la Sede de Festram para participar junto con el Consejo Directivo, encabezado por el Secretario General Claudio Leoni, en la finalizaci\u00f3n de la primera etapa del Programa de Formaci\u00f3n destinado a representantes de los Sindicatos que se desempe\u00f1ar\u00e1n como delegados y miembros de Comit\u00e9s de Salud y Seguridad Laboral.","robots":{"index":"index","follow":"follow","max-snippet":"max-snippet:-1","max-image-preview":"max-image-preview:large","max-video-preview":"max-video-preview:-1"},"canonical":"https:\/\/municipales.org.ar\/festram\/capacitacion-para-delegados-de-comites-de-salud-y-seguridad-en-el-trabajo\/","og_locale":"es_ES","og_type":"article","og_title":"Capacitaci\u00f3n para Delegados de Comit\u00e9s de Salud y Seguridad en el Trabajo &#8211; FESTRAM","og_description":"El Ministro de Trabajo y Empleo de la Provincia de Santa Fe, Dr. Julio Genesini, asisti\u00f3 a la Sede de Festram para participar junto con el Consejo Directivo, encabezado por el Secretario General Claudio Leoni, en la finalizaci\u00f3n de la primera etapa del Programa de Formaci\u00f3n destinado a representantes de los Sindicatos que se desempe\u00f1ar\u00e1n como delegados y miembros de Comit\u00e9s de Salud y Seguridad Laboral.","og_url":"https:\/\/municipales.org.ar\/festram\/capacitacion-para-delegados-de-comites-de-salud-y-seguridad-en-el-trabajo\/","og_site_name":"FESTRAM","article_publisher":"https:\/\/www.facebook.com\/MunicipalesSF","article_published_time":"2012-08-01T18:30:06+00:00","article_modified_time":"2014-06-27T02:02:04+00:00","og_image":[{"width":2000,"height":1074,"url":"https:\/\/municipales.org.ar\/festram\/wp-content\/uploads\/2012\/08\/comites-salud-seguridad.jpg","type":"image\/jpeg"}],"author":"wp_admin","twitter_card":"summary_large_image","twitter_creator":"@MunicipalesSF","twitter_site":"@MunicipalesSF","twitter_misc":{"Escrito por":"wp_admin","Tiempo de lectura":"2 minutos"},"schema":{"@context":"https:\/\/schema.org","@graph":[{"@type":"Article","@id":"https:\/\/municipales.org.ar\/festram\/capacitacion-para-delegados-de-comites-de-salud-y-seguridad-en-el-trabajo\/#article","isPartOf":{"@id":"https:\/\/municipales.org.ar\/festram\/capacitacion-para-delegados-de-comites-de-salud-y-seguridad-en-el-trabajo\/"},"author":{"name":"wp_admin","@id":"https:\/\/municipales.org.ar\/festram\/#\/schema\/person\/bfcbda16ea802e17decda561ec6e62d3"},"headline":"Capacitaci\u00f3n para Delegados de Comit\u00e9s de Salud y Seguridad en el Trabajo","datePublished":"2012-08-01T18:30:06+00:00","dateModified":"2014-06-27T02:02:04+00:00","mainEntityOfPage":{"@id":"https:\/\/municipales.org.ar\/festram\/capacitacion-para-delegados-de-comites-de-salud-y-seguridad-en-el-trabajo\/"},"wordCount":344,"publisher":{"@id":"https:\/\/municipales.org.ar\/festram\/#organization"},"image":{"@id":"https:\/\/municipales.org.ar\/festram\/capacitacion-para-delegados-de-comites-de-salud-y-seguridad-en-el-trabajo\/#primaryimage"},"thumbnailUrl":"https:\/\/municipales.org.ar\/festram\/wp-content\/uploads\/2012\/08\/comites-salud-seguridad.jpg","keywords":["capacitaci\u00f3n","salud y seguridad"],"articleSection":["Capacitaci\u00f3n"],"inLanguage":"es"},{"@type":"WebPage","@id":"https:\/\/municipales.org.ar\/festram\/capacitacion-para-delegados-de-comites-de-salud-y-seguridad-en-el-trabajo\/","url":"https:\/\/municipales.org.ar\/festram\/capacitacion-para-delegados-de-comites-de-salud-y-seguridad-en-el-trabajo\/","name":"Capacitaci\u00f3n para Delegados de Comit\u00e9s de Salud y Seguridad en el Trabajo &#8211; FESTRAM","isPartOf":{"@id":"https:\/\/municipales.org.ar\/festram\/#website"},"primaryImageOfPage":{"@id":"https:\/\/municipales.org.ar\/festram\/capacitacion-para-delegados-de-comites-de-salud-y-seguridad-en-el-trabajo\/#primaryimage"},"image":{"@id":"https:\/\/municipales.org.ar\/festram\/capacitacion-para-delegados-de-comites-de-salud-y-seguridad-en-el-trabajo\/#primaryimage"},"thumbnailUrl":"https:\/\/municipales.org.ar\/festram\/wp-content\/uploads\/2012\/08\/comites-salud-seguridad.jpg","datePublished":"2012-08-01T18:30:06+00:00","dateModified":"2014-06-27T02:02:04+00:00","description":"El Ministro de Trabajo y Empleo de la Provincia de Santa Fe, Dr. Julio Genesini, asisti\u00f3 a la Sede de Festram para participar junto con el Consejo Directivo, encabezado por el Secretario General Claudio Leoni, en la finalizaci\u00f3n de la primera etapa del Programa de Formaci\u00f3n destinado a representantes de los Sindicatos que se desempe\u00f1ar\u00e1n como delegados y miembros de Comit\u00e9s de Salud y Seguridad Laboral.","breadcrumb":{"@id":"https:\/\/municipales.org.ar\/festram\/capacitacion-para-delegados-de-comites-de-salud-y-seguridad-en-el-trabajo\/#breadcrumb"},"inLanguage":"es","potentialAction":[{"@type":"ReadAction","target":["https:\/\/municipales.org.ar\/festram\/capacitacion-para-delegados-de-comites-de-salud-y-seguridad-en-el-trabajo\/"]}]},{"@type":"ImageObject","inLanguage":"es","@id":"https:\/\/municipales.org.ar\/festram\/capacitacion-para-delegados-de-comites-de-salud-y-seguridad-en-el-trabajo\/#primaryimage","url":"https:\/\/municipales.org.ar\/festram\/wp-content\/uploads\/2012\/08\/comites-salud-seguridad.jpg","contentUrl":"https:\/\/municipales.org.ar\/festram\/wp-content\/uploads\/2012\/08\/comites-salud-seguridad.jpg","width":2000,"height":1074},{"@type":"BreadcrumbList","@id":"https:\/\/municipales.org.ar\/festram\/capacitacion-para-delegados-de-comites-de-salud-y-seguridad-en-el-trabajo\/#breadcrumb","itemListElement":[{"@type":"ListItem","position":1,"name":"Portada","item":"https:\/\/municipales.org.ar\/festram\/"},{"@type":"ListItem","position":2,"name":"Capacitaci\u00f3n para Delegados de Comit\u00e9s de Salud y Seguridad en el Trabajo"}]},{"@type":"WebSite","@id":"https:\/\/municipales.org.ar\/festram\/#website","url":"https:\/\/municipales.org.ar\/festram\/","name":"FESTRAM","description":"La web de los trabajadores municipales","publisher":{"@id":"https:\/\/municipales.org.ar\/festram\/#organization"},"potentialAction":[{"@type":"SearchAction","target":{"@type":"EntryPoint","urlTemplate":"https:\/\/municipales.org.ar\/festram\/?s={search_term_string}"},"query-input":{"@type":"PropertyValueSpecification","valueRequired":true,"valueName":"search_term_string"}}],"inLanguage":"es"},{"@type":"Organization","@id":"https:\/\/municipales.org.ar\/festram\/#organization","name":"Federaci\u00f3n de Sindicatos de Trabajadores Municipales de la Provincia de Santa Fe","url":"https:\/\/municipales.org.ar\/festram\/","logo":{"@type":"ImageObject","inLanguage":"es","@id":"https:\/\/municipales.org.ar\/festram\/#\/schema\/logo\/image\/","url":"https:\/\/www.municipales.org.ar\/festram\/wp-content\/uploads\/2014\/07\/logo_fes.jpg","contentUrl":"https:\/\/www.municipales.org.ar\/festram\/wp-content\/uploads\/2014\/07\/logo_fes.jpg","width":661,"height":673,"caption":"Federaci\u00f3n de Sindicatos de Trabajadores Municipales de la Provincia de Santa Fe"},"image":{"@id":"https:\/\/municipales.org.ar\/festram\/#\/schema\/logo\/image\/"},"sameAs":["https:\/\/www.facebook.com\/MunicipalesSF","https:\/\/x.com\/MunicipalesSF","https:\/\/www.youtube.com\/user\/festram"]},{"@type":"Person","@id":"https:\/\/municipales.org.ar\/festram\/#\/schema\/person\/bfcbda16ea802e17decda561ec6e62d3","name":"wp_admin"}]}},"jetpack_publicize_connections":[],"jetpack_featured_media_url":"https:\/\/municipales.org.ar\/festram\/wp-content\/uploads\/2012\/08\/comites-salud-seguridad.jpg","jetpack_sharing_enabled":true,"jetpack_likes_enabled":false,"jetpack_shortlink":"https:\/\/wp.me\/p7l4x1-28N","_links":{"self":[{"href":"https:\/\/municipales.org.ar\/festram\/wp-json\/wp\/v2\/posts\/8233","targetHints":{"allow":["GET"]}}],"collection":[{"href":"https:\/\/municipales.org.ar\/festram\/wp-json\/wp\/v2\/posts"}],"about":[{"href":"https:\/\/municipales.org.ar\/festram\/wp-json\/wp\/v2\/types\/post"}],"author":[{"embeddable":true,"href":"https:\/\/municipales.org.ar\/festram\/wp-json\/wp\/v2\/users\/4"}],"replies":[{"embeddable":true,"href":"https:\/\/municipales.org.ar\/festram\/wp-json\/wp\/v2\/comments?post=8233"}],"version-history":[{"count":2,"href":"https:\/\/municipales.org.ar\/festram\/wp-json\/wp\/v2\/posts\/8233\/revisions"}],"predecessor-version":[{"id":9100,"href":"https:\/\/municipales.org.ar\/festram\/wp-json\/wp\/v2\/posts\/8233\/revisions\/9100"}],"wp:featuredmedia":[{"embeddable":true,"href":"https:\/\/municipales.org.ar\/festram\/wp-json\/wp\/v2\/media\/9099"}],"wp:attachment":[{"href":"https:\/\/municipales.org.ar\/festram\/wp-json\/wp\/v2\/media?parent=8233"}],"wp:term":[{"taxonomy":"category","embeddable":true,"href":"https:\/\/municipales.org.ar\/festram\/wp-json\/wp\/v2\/categories?post=8233"},{"taxonomy":"post_tag","embeddable":true,"href":"https:\/\/municipales.org.ar\/festram\/wp-json\/wp\/v2\/tags?post=8233"}],"curies":[{"name":"wp","href":"https:\/\/api.w.org\/{rel}","templated":true}]}}