{"id":8236,"date":"2012-07-17T08:01:53","date_gmt":"2012-07-17T11:01:53","guid":{"rendered":"http:\/\/festram.dyndns.org\/festram\/?p=755"},"modified":"2014-06-26T22:59:19","modified_gmt":"2014-06-27T01:59:19","slug":"festram-participo-en-la-cumbre-social-del-mercosur-en-mendoza","status":"publish","type":"post","link":"https:\/\/municipales.org.ar\/festram\/festram-participo-en-la-cumbre-social-del-mercosur-en-mendoza\/","title":{"rendered":"FESTRAM particip\u00f3 en la Cumbre Social del Mercosur en Mendoza"},"content":{"rendered":"<h5><strong>La delegaci\u00f3n que asisti\u00f3 a Mendoza, estuvo encabezada por el Secretario General, Claudio Leoni.<\/strong><\/h5>\n<h6>[ot-caption title=\u00bbEl contingente de FESTRAM\u00bb url=\u00bbhttp:\/\/municipales.org.ar\/festram\/wp-content\/uploads\/2012\/07\/mercosur_mendoza01.jpg\u00bb]<\/h6>\n<h6>COMUNICADO DE PRENSA OFICIAL<\/h6>\n<p>Representantes de FESTRAM asistieron a la Cumbre Social del Mercosur, que se llev\u00f3 a cabo en la ciudad de Mendoza y que sesion\u00f3 bajo el lema \u00abConstruyendo nuestra identidad\u00bb.<\/p>\n<p>Esta instancia previa a la Cumbre de Presidentes, tiene como objetivo la elaboraci\u00f3n de documentos de las diferentes Comisiones que en su conjunto expresan la opini\u00f3n de las organizaciones de la sociedad civil y cuyas conclusiones son elevadas a los mandatarios que integran el Mercosur.<\/p>\n<p>La delegaci\u00f3n Municipal de la Provincia de Santa Fe, ya hab\u00eda participado en la edici\u00f3n anterior realizada el a\u00f1o pasado en Uruguay. En esta oportunidad los representantes de la Federaci\u00f3n hicieron aportes sobre las realidades regionales del Mercosur en distintas \u00e1reas tales como Juventud, G\u00e9nero, Comunicaci\u00f3n, Trabajo informal y Trabajo Decente.<\/p>\n<p>[ot-gallery url=\u00bbhttp:\/\/municipales.org.ar\/festram\/galleries\/mercosur-mendoza\/\u00bb]<\/p>\n<p>En esta instancia, Festram puso a consideraci\u00f3n como eje tem\u00e1tico para la deliberaci\u00f3n el documento \u00abLa movilizaci\u00f3n de los Trabajadores y las Clases populares, ampl\u00edan las bases democr\u00e1ticas para que los gobiernos hagan lo que los pueblo quieren\u00bb. Luego del tratamiento integral en comisiones se aprob\u00f3, elevando como propuesta de las representaciones de organizaciones sindicales participantes.<\/p>\n<p>Ante la crisis institucional del Paraguay, se reafirm\u00f3 el reconocimiento de Fernando Lugo M\u00e9ndez, como \u00fanico Presidente leg\u00edtimo emanado de la voluntad soberana del pueblo paraguayo manifestado en elecciones libres y transparente.<\/p>\n<p>Se le trasmiti\u00f3 a la delegaci\u00f3n Paraguaya presente, el respaldo incondicional de la Cumbre Social a la resistencia popular que est\u00e1n sosteniendo los sectores de las organizaciones libres del pueblos, para que se restituya al Presidente Lugo, lo que permitir\u00e1 afianzar el fortalecimiento de los espacios regionales de Am\u00e9rica del Sur, como lo es el Mercosur.<\/p>\n<p>&nbsp;<\/p>\n<pre>Felipe Baptista.\r\nSecretario de Actas y Administraci\u00f3n<\/pre>\n<p>&nbsp;<\/p>\n","protected":false},"excerpt":{"rendered":"<p>La delegaci\u00f3n que asisti\u00f3 a Mendoza, estuvo encabezada por el Secretario General, Claudio Leoni.<\/p>\n","protected":false},"author":4,"featured_media":9087,"comment_status":"closed","ping_status":"closed","sticky":false,"template":"","format":"standard","meta":{"_jetpack_memberships_contains_paid_content":false,"footnotes":"","jetpack_publicize_message":"","jetpack_publicize_feature_enabled":true,"jetpack_social_post_already_shared":false,"jetpack_social_options":{"image_generator_settings":{"template":"highway","default_image_id":0,"font":"","enabled":false},"version":2}},"categories":[61],"tags":[70],"class_list":["post-8236","post","type-post","status-publish","format-standard","has-post-thumbnail","hentry","category-seminarios-y-actividades","tag-el-pais"],"yoast_head":"<!-- This site is optimized with the Yoast SEO plugin v25.9 - https:\/\/yoast.com\/wordpress\/plugins\/seo\/ -->\n<title>FESTRAM particip\u00f3 en la Cumbre Social del Mercosur en Mendoza &#8211; FESTRAM<\/title>\n<meta name=\"description\" content=\"La delegaci\u00f3n que asisti\u00f3 a Mendoza, estuvo encabezada por el Secretario General, Claudio Leoni.\" \/>\n<meta name=\"robots\" content=\"index, follow, max-snippet:-1, max-image-preview:large, max-video-preview:-1\" \/>\n<link rel=\"canonical\" href=\"https:\/\/municipales.org.ar\/festram\/festram-participo-en-la-cumbre-social-del-mercosur-en-mendoza\/\" \/>\n<meta property=\"og:locale\" content=\"es_ES\" \/>\n<meta property=\"og:type\" content=\"article\" \/>\n<meta property=\"og:title\" content=\"FESTRAM particip\u00f3 en la Cumbre Social del Mercosur en Mendoza &#8211; FESTRAM\" \/>\n<meta property=\"og:description\" content=\"La delegaci\u00f3n que asisti\u00f3 a Mendoza, estuvo encabezada por el Secretario General, Claudio Leoni.\" \/>\n<meta property=\"og:url\" content=\"https:\/\/municipales.org.ar\/festram\/festram-participo-en-la-cumbre-social-del-mercosur-en-mendoza\/\" \/>\n<meta property=\"og:site_name\" content=\"FESTRAM\" \/>\n<meta property=\"article:publisher\" content=\"https:\/\/www.facebook.com\/MunicipalesSF\" \/>\n<meta property=\"article:published_time\" content=\"2012-07-17T11:01:53+00:00\" \/>\n<meta property=\"article:modified_time\" content=\"2014-06-27T01:59:19+00:00\" \/>\n<meta property=\"og:image\" content=\"https:\/\/municipales.org.ar\/festram\/wp-content\/uploads\/2012\/07\/mercosur_mendoza01.jpg\" \/>\n\t<meta property=\"og:image:width\" content=\"1000\" \/>\n\t<meta property=\"og:image:height\" content=\"759\" \/>\n\t<meta property=\"og:image:type\" content=\"image\/jpeg\" \/>\n<meta name=\"author\" content=\"wp_admin\" \/>\n<meta name=\"twitter:card\" content=\"summary_large_image\" \/>\n<meta name=\"twitter:creator\" content=\"@MunicipalesSF\" \/>\n<meta name=\"twitter:site\" content=\"@MunicipalesSF\" \/>\n<meta name=\"twitter:label1\" content=\"Escrito por\" \/>\n\t<meta name=\"twitter:data1\" content=\"wp_admin\" \/>\n\t<meta name=\"twitter:label2\" content=\"Tiempo de lectura\" \/>\n\t<meta name=\"twitter:data2\" content=\"2 minutos\" \/>\n<script type=\"application\/ld+json\" class=\"yoast-schema-graph\">{\"@context\":\"https:\/\/schema.org\",\"@graph\":[{\"@type\":\"Article\",\"@id\":\"https:\/\/municipales.org.ar\/festram\/festram-participo-en-la-cumbre-social-del-mercosur-en-mendoza\/#article\",\"isPartOf\":{\"@id\":\"https:\/\/municipales.org.ar\/festram\/festram-participo-en-la-cumbre-social-del-mercosur-en-mendoza\/\"},\"author\":{\"name\":\"wp_admin\",\"@id\":\"https:\/\/municipales.org.ar\/festram\/#\/schema\/person\/bfcbda16ea802e17decda561ec6e62d3\"},\"headline\":\"FESTRAM particip\u00f3 en la Cumbre Social del Mercosur en Mendoza\",\"datePublished\":\"2012-07-17T11:01:53+00:00\",\"dateModified\":\"2014-06-27T01:59:19+00:00\",\"mainEntityOfPage\":{\"@id\":\"https:\/\/municipales.org.ar\/festram\/festram-participo-en-la-cumbre-social-del-mercosur-en-mendoza\/\"},\"wordCount\":346,\"publisher\":{\"@id\":\"https:\/\/municipales.org.ar\/festram\/#organization\"},\"image\":{\"@id\":\"https:\/\/municipales.org.ar\/festram\/festram-participo-en-la-cumbre-social-del-mercosur-en-mendoza\/#primaryimage\"},\"thumbnailUrl\":\"https:\/\/municipales.org.ar\/festram\/wp-content\/uploads\/2012\/07\/mercosur_mendoza01.jpg\",\"keywords\":[\"el pa\u00eds\"],\"articleSection\":[\"Seminarios y Actividades\"],\"inLanguage\":\"es\"},{\"@type\":\"WebPage\",\"@id\":\"https:\/\/municipales.org.ar\/festram\/festram-participo-en-la-cumbre-social-del-mercosur-en-mendoza\/\",\"url\":\"https:\/\/municipales.org.ar\/festram\/festram-participo-en-la-cumbre-social-del-mercosur-en-mendoza\/\",\"name\":\"FESTRAM particip\u00f3 en la Cumbre Social del Mercosur en Mendoza &#8211; FESTRAM\",\"isPartOf\":{\"@id\":\"https:\/\/municipales.org.ar\/festram\/#website\"},\"primaryImageOfPage\":{\"@id\":\"https:\/\/municipales.org.ar\/festram\/festram-participo-en-la-cumbre-social-del-mercosur-en-mendoza\/#primaryimage\"},\"image\":{\"@id\":\"https:\/\/municipales.org.ar\/festram\/festram-participo-en-la-cumbre-social-del-mercosur-en-mendoza\/#primaryimage\"},\"thumbnailUrl\":\"https:\/\/municipales.org.ar\/festram\/wp-content\/uploads\/2012\/07\/mercosur_mendoza01.jpg\",\"datePublished\":\"2012-07-17T11:01:53+00:00\",\"dateModified\":\"2014-06-27T01:59:19+00:00\",\"description\":\"La delegaci\u00f3n que asisti\u00f3 a Mendoza, estuvo encabezada por el Secretario General, Claudio Leoni.\",\"breadcrumb\":{\"@id\":\"https:\/\/municipales.org.ar\/festram\/festram-participo-en-la-cumbre-social-del-mercosur-en-mendoza\/#breadcrumb\"},\"inLanguage\":\"es\",\"potentialAction\":[{\"@type\":\"ReadAction\",\"target\":[\"https:\/\/municipales.org.ar\/festram\/festram-participo-en-la-cumbre-social-del-mercosur-en-mendoza\/\"]}]},{\"@type\":\"ImageObject\",\"inLanguage\":\"es\",\"@id\":\"https:\/\/municipales.org.ar\/festram\/festram-participo-en-la-cumbre-social-del-mercosur-en-mendoza\/#primaryimage\",\"url\":\"https:\/\/municipales.org.ar\/festram\/wp-content\/uploads\/2012\/07\/mercosur_mendoza01.jpg\",\"contentUrl\":\"https:\/\/municipales.org.ar\/festram\/wp-content\/uploads\/2012\/07\/mercosur_mendoza01.jpg\",\"width\":1000,\"height\":759},{\"@type\":\"BreadcrumbList\",\"@id\":\"https:\/\/municipales.org.ar\/festram\/festram-participo-en-la-cumbre-social-del-mercosur-en-mendoza\/#breadcrumb\",\"itemListElement\":[{\"@type\":\"ListItem\",\"position\":1,\"name\":\"Portada\",\"item\":\"https:\/\/municipales.org.ar\/festram\/\"},{\"@type\":\"ListItem\",\"position\":2,\"name\":\"FESTRAM particip\u00f3 en la Cumbre Social del Mercosur en Mendoza\"}]},{\"@type\":\"WebSite\",\"@id\":\"https:\/\/municipales.org.ar\/festram\/#website\",\"url\":\"https:\/\/municipales.org.ar\/festram\/\",\"name\":\"FESTRAM\",\"description\":\"La web de los trabajadores municipales\",\"publisher\":{\"@id\":\"https:\/\/municipales.org.ar\/festram\/#organization\"},\"potentialAction\":[{\"@type\":\"SearchAction\",\"target\":{\"@type\":\"EntryPoint\",\"urlTemplate\":\"https:\/\/municipales.org.ar\/festram\/?s={search_term_string}\"},\"query-input\":{\"@type\":\"PropertyValueSpecification\",\"valueRequired\":true,\"valueName\":\"search_term_string\"}}],\"inLanguage\":\"es\"},{\"@type\":\"Organization\",\"@id\":\"https:\/\/municipales.org.ar\/festram\/#organization\",\"name\":\"Federaci\u00f3n de Sindicatos de Trabajadores Municipales de la Provincia de Santa Fe\",\"url\":\"https:\/\/municipales.org.ar\/festram\/\",\"logo\":{\"@type\":\"ImageObject\",\"inLanguage\":\"es\",\"@id\":\"https:\/\/municipales.org.ar\/festram\/#\/schema\/logo\/image\/\",\"url\":\"https:\/\/www.municipales.org.ar\/festram\/wp-content\/uploads\/2014\/07\/logo_fes.jpg\",\"contentUrl\":\"https:\/\/www.municipales.org.ar\/festram\/wp-content\/uploads\/2014\/07\/logo_fes.jpg\",\"width\":661,\"height\":673,\"caption\":\"Federaci\u00f3n de Sindicatos de Trabajadores Municipales de la Provincia de Santa Fe\"},\"image\":{\"@id\":\"https:\/\/municipales.org.ar\/festram\/#\/schema\/logo\/image\/\"},\"sameAs\":[\"https:\/\/www.facebook.com\/MunicipalesSF\",\"https:\/\/x.com\/MunicipalesSF\",\"https:\/\/www.youtube.com\/user\/festram\"]},{\"@type\":\"Person\",\"@id\":\"https:\/\/municipales.org.ar\/festram\/#\/schema\/person\/bfcbda16ea802e17decda561ec6e62d3\",\"name\":\"wp_admin\"}]}<\/script>\n<!-- \/ Yoast SEO plugin. -->","yoast_head_json":{"title":"FESTRAM particip\u00f3 en la Cumbre Social del Mercosur en Mendoza &#8211; FESTRAM","description":"La delegaci\u00f3n que asisti\u00f3 a Mendoza, estuvo encabezada por el Secretario General, Claudio Leoni.","robots":{"index":"index","follow":"follow","max-snippet":"max-snippet:-1","max-image-preview":"max-image-preview:large","max-video-preview":"max-video-preview:-1"},"canonical":"https:\/\/municipales.org.ar\/festram\/festram-participo-en-la-cumbre-social-del-mercosur-en-mendoza\/","og_locale":"es_ES","og_type":"article","og_title":"FESTRAM particip\u00f3 en la Cumbre Social del Mercosur en Mendoza &#8211; FESTRAM","og_description":"La delegaci\u00f3n que asisti\u00f3 a Mendoza, estuvo encabezada por el Secretario General, Claudio Leoni.","og_url":"https:\/\/municipales.org.ar\/festram\/festram-participo-en-la-cumbre-social-del-mercosur-en-mendoza\/","og_site_name":"FESTRAM","article_publisher":"https:\/\/www.facebook.com\/MunicipalesSF","article_published_time":"2012-07-17T11:01:53+00:00","article_modified_time":"2014-06-27T01:59:19+00:00","og_image":[{"width":1000,"height":759,"url":"https:\/\/municipales.org.ar\/festram\/wp-content\/uploads\/2012\/07\/mercosur_mendoza01.jpg","type":"image\/jpeg"}],"author":"wp_admin","twitter_card":"summary_large_image","twitter_creator":"@MunicipalesSF","twitter_site":"@MunicipalesSF","twitter_misc":{"Escrito por":"wp_admin","Tiempo de lectura":"2 minutos"},"schema":{"@context":"https:\/\/schema.org","@graph":[{"@type":"Article","@id":"https:\/\/municipales.org.ar\/festram\/festram-participo-en-la-cumbre-social-del-mercosur-en-mendoza\/#article","isPartOf":{"@id":"https:\/\/municipales.org.ar\/festram\/festram-participo-en-la-cumbre-social-del-mercosur-en-mendoza\/"},"author":{"name":"wp_admin","@id":"https:\/\/municipales.org.ar\/festram\/#\/schema\/person\/bfcbda16ea802e17decda561ec6e62d3"},"headline":"FESTRAM particip\u00f3 en la Cumbre Social del Mercosur en Mendoza","datePublished":"2012-07-17T11:01:53+00:00","dateModified":"2014-06-27T01:59:19+00:00","mainEntityOfPage":{"@id":"https:\/\/municipales.org.ar\/festram\/festram-participo-en-la-cumbre-social-del-mercosur-en-mendoza\/"},"wordCount":346,"publisher":{"@id":"https:\/\/municipales.org.ar\/festram\/#organization"},"image":{"@id":"https:\/\/municipales.org.ar\/festram\/festram-participo-en-la-cumbre-social-del-mercosur-en-mendoza\/#primaryimage"},"thumbnailUrl":"https:\/\/municipales.org.ar\/festram\/wp-content\/uploads\/2012\/07\/mercosur_mendoza01.jpg","keywords":["el pa\u00eds"],"articleSection":["Seminarios y Actividades"],"inLanguage":"es"},{"@type":"WebPage","@id":"https:\/\/municipales.org.ar\/festram\/festram-participo-en-la-cumbre-social-del-mercosur-en-mendoza\/","url":"https:\/\/municipales.org.ar\/festram\/festram-participo-en-la-cumbre-social-del-mercosur-en-mendoza\/","name":"FESTRAM particip\u00f3 en la Cumbre Social del Mercosur en Mendoza &#8211; FESTRAM","isPartOf":{"@id":"https:\/\/municipales.org.ar\/festram\/#website"},"primaryImageOfPage":{"@id":"https:\/\/municipales.org.ar\/festram\/festram-participo-en-la-cumbre-social-del-mercosur-en-mendoza\/#primaryimage"},"image":{"@id":"https:\/\/municipales.org.ar\/festram\/festram-participo-en-la-cumbre-social-del-mercosur-en-mendoza\/#primaryimage"},"thumbnailUrl":"https:\/\/municipales.org.ar\/festram\/wp-content\/uploads\/2012\/07\/mercosur_mendoza01.jpg","datePublished":"2012-07-17T11:01:53+00:00","dateModified":"2014-06-27T01:59:19+00:00","description":"La delegaci\u00f3n que asisti\u00f3 a Mendoza, estuvo encabezada por el Secretario General, Claudio Leoni.","breadcrumb":{"@id":"https:\/\/municipales.org.ar\/festram\/festram-participo-en-la-cumbre-social-del-mercosur-en-mendoza\/#breadcrumb"},"inLanguage":"es","potentialAction":[{"@type":"ReadAction","target":["https:\/\/municipales.org.ar\/festram\/festram-participo-en-la-cumbre-social-del-mercosur-en-mendoza\/"]}]},{"@type":"ImageObject","inLanguage":"es","@id":"https:\/\/municipales.org.ar\/festram\/festram-participo-en-la-cumbre-social-del-mercosur-en-mendoza\/#primaryimage","url":"https:\/\/municipales.org.ar\/festram\/wp-content\/uploads\/2012\/07\/mercosur_mendoza01.jpg","contentUrl":"https:\/\/municipales.org.ar\/festram\/wp-content\/uploads\/2012\/07\/mercosur_mendoza01.jpg","width":1000,"height":759},{"@type":"BreadcrumbList","@id":"https:\/\/municipales.org.ar\/festram\/festram-participo-en-la-cumbre-social-del-mercosur-en-mendoza\/#breadcrumb","itemListElement":[{"@type":"ListItem","position":1,"name":"Portada","item":"https:\/\/municipales.org.ar\/festram\/"},{"@type":"ListItem","position":2,"name":"FESTRAM particip\u00f3 en la Cumbre Social del Mercosur en Mendoza"}]},{"@type":"WebSite","@id":"https:\/\/municipales.org.ar\/festram\/#website","url":"https:\/\/municipales.org.ar\/festram\/","name":"FESTRAM","description":"La web de los trabajadores municipales","publisher":{"@id":"https:\/\/municipales.org.ar\/festram\/#organization"},"potentialAction":[{"@type":"SearchAction","target":{"@type":"EntryPoint","urlTemplate":"https:\/\/municipales.org.ar\/festram\/?s={search_term_string}"},"query-input":{"@type":"PropertyValueSpecification","valueRequired":true,"valueName":"search_term_string"}}],"inLanguage":"es"},{"@type":"Organization","@id":"https:\/\/municipales.org.ar\/festram\/#organization","name":"Federaci\u00f3n de Sindicatos de Trabajadores Municipales de la Provincia de Santa Fe","url":"https:\/\/municipales.org.ar\/festram\/","logo":{"@type":"ImageObject","inLanguage":"es","@id":"https:\/\/municipales.org.ar\/festram\/#\/schema\/logo\/image\/","url":"https:\/\/www.municipales.org.ar\/festram\/wp-content\/uploads\/2014\/07\/logo_fes.jpg","contentUrl":"https:\/\/www.municipales.org.ar\/festram\/wp-content\/uploads\/2014\/07\/logo_fes.jpg","width":661,"height":673,"caption":"Federaci\u00f3n de Sindicatos de Trabajadores Municipales de la Provincia de Santa Fe"},"image":{"@id":"https:\/\/municipales.org.ar\/festram\/#\/schema\/logo\/image\/"},"sameAs":["https:\/\/www.facebook.com\/MunicipalesSF","https:\/\/x.com\/MunicipalesSF","https:\/\/www.youtube.com\/user\/festram"]},{"@type":"Person","@id":"https:\/\/municipales.org.ar\/festram\/#\/schema\/person\/bfcbda16ea802e17decda561ec6e62d3","name":"wp_admin"}]}},"jetpack_publicize_connections":[],"jetpack_featured_media_url":"https:\/\/municipales.org.ar\/festram\/wp-content\/uploads\/2012\/07\/mercosur_mendoza01.jpg","jetpack_sharing_enabled":true,"jetpack_likes_enabled":false,"jetpack_shortlink":"https:\/\/wp.me\/p7l4x1-28Q","_links":{"self":[{"href":"https:\/\/municipales.org.ar\/festram\/wp-json\/wp\/v2\/posts\/8236","targetHints":{"allow":["GET"]}}],"collection":[{"href":"https:\/\/municipales.org.ar\/festram\/wp-json\/wp\/v2\/posts"}],"about":[{"href":"https:\/\/municipales.org.ar\/festram\/wp-json\/wp\/v2\/types\/post"}],"author":[{"embeddable":true,"href":"https:\/\/municipales.org.ar\/festram\/wp-json\/wp\/v2\/users\/4"}],"replies":[{"embeddable":true,"href":"https:\/\/municipales.org.ar\/festram\/wp-json\/wp\/v2\/comments?post=8236"}],"version-history":[{"count":3,"href":"https:\/\/municipales.org.ar\/festram\/wp-json\/wp\/v2\/posts\/8236\/revisions"}],"predecessor-version":[{"id":9097,"href":"https:\/\/municipales.org.ar\/festram\/wp-json\/wp\/v2\/posts\/8236\/revisions\/9097"}],"wp:featuredmedia":[{"embeddable":true,"href":"https:\/\/municipales.org.ar\/festram\/wp-json\/wp\/v2\/media\/9087"}],"wp:attachment":[{"href":"https:\/\/municipales.org.ar\/festram\/wp-json\/wp\/v2\/media?parent=8236"}],"wp:term":[{"taxonomy":"category","embeddable":true,"href":"https:\/\/municipales.org.ar\/festram\/wp-json\/wp\/v2\/categories?post=8236"},{"taxonomy":"post_tag","embeddable":true,"href":"https:\/\/municipales.org.ar\/festram\/wp-json\/wp\/v2\/tags?post=8236"}],"curies":[{"name":"wp","href":"https:\/\/api.w.org\/{rel}","templated":true}]}}