{"id":8237,"date":"2012-05-28T18:42:10","date_gmt":"2012-05-28T21:42:10","guid":{"rendered":"\/festram\/?p=850"},"modified":"2016-03-07T14:43:48","modified_gmt":"2016-03-07T17:43:48","slug":"el-estado-santafesino-esta-sujeto-a-los-intereses-de-las-corporaciones","status":"publish","type":"post","link":"https:\/\/municipales.org.ar\/festram\/el-estado-santafesino-esta-sujeto-a-los-intereses-de-las-corporaciones\/","title":{"rendered":"El Estado Santafesino est\u00e1 sujeto a los intereses de las corporaciones"},"content":{"rendered":"<h5><strong>Desde la Federaci\u00f3n de Sindicatos Municipales de la Provincia de Santa Fe, insistentemente venimos denunciando la distorsi\u00f3n de las cargas tributarias en favor de los sectores con mayor rentabilidad y concentraci\u00f3n econ\u00f3mica y en desmedro de las peque\u00f1as y medianas empresas, los profesionales, los comerciantes, los trabajadores y los sectores populares de menores ingresos.<\/strong><br \/>\n<strong> Para FESTRAM el proyecto del Gobierno no constituye una herramienta de equidad tributaria.<\/strong><\/h5>\n<div>\n<h6><\/h6>\n<h6>COMUNICADO DE PRENSA OFICIAL<\/h6>\n<p>En el mes de Enero de este a\u00f1o reclamamos una reforma tributaria que asegure equidad para los sectores m\u00e1s vulnerables de la sociedad, pero nuevamente observamos que las corporaciones se imponen sobre la pol\u00edtica y las instituciones democr\u00e1ticas. Est\u00e1 claro que\u00a0<b>si se quieren conocer las verdaderas relaciones del poder en el interior de una sociedad, debe mirarse la estructura tributaria. En Santa Fe seguir\u00e1 vigente el esquema de los 90, con una modificaci\u00f3n fiscal que apenas corregir\u00e1 el d\u00e9ficit provincial manteniendo los privilegios de los grupos econ\u00f3micos m\u00e1s concentrados, que cuentan con fuerte apoyo, protecci\u00f3n y complicidad de sectores legislativos del oficialismo y la oposici\u00f3n.<\/b><\/p>\n<p><b>INGRESOS BRUTOS:<\/b>\u00a0En el a\u00f1o 2009 la revista Mercado aseguraba que 23 empresas, dentro de las 100 primeras que desarrollan la actividad en la provincia de Santa Fe, facturan 52.000 millones de d\u00f3lares, dos veces y media el Producto Bruto Geogr\u00e1fico de ese a\u00f1o. Estas empresas est\u00e1n ?subsidiadas? por el Estado Santafesino con las exenciones al pago de Ingresos Brutos, impuesto que s\u00ed pagan los trabajadores de oficios, profesionales, comerciantes y en general las peque\u00f1as y medianas empresas, en definitiva, todo cuidadano com\u00fan.<\/p>\n<p>Por ello FESTRAM denunci\u00f3 que en las estimaciones presupuestarias del 2012, las exenciones establecidas a los exportadores, terminales portuarias, grandes industrias vinculadas a la actividad primaria y al sector financiero, entre otros, superar\u00e1n los 2.900 millones de pesos, entre ellos m\u00e1s de 100 empresas multinacionales que operan en esta Provincia.<\/p>\n<p>En estas condiciones el Estado Santafesino emite Letras de Tesorer\u00eda, paraliza la Obra P\u00fablica, aumenta las tarifas para financiar a la Empresa Provincial de la Energ\u00eda, sigue sin tener una herramienta financiera al servicio de la producci\u00f3n, no puede encarar la construcci\u00f3n de viviendas populares, etc., etc. ,etc. \u00a0y adem\u00e1s abona a sus trabajadores s\u00f3lo $112 de Asignaci\u00f3n por Hijo. Todo esto indica con claridad que\u00a0<b>la mayor\u00eda de los santafesinos pagamos las consecuencias de este festival de exenciones a los grupos econ\u00f3micos de mayor rentabilidad y concentraci\u00f3n.<\/b><\/p>\n<p><b>IMPUESTO INMOBILIARIO:<\/b>\u00a0Durante el Gobierno del General Per\u00f3n en 1974 se efectu\u00f3 la \u00faltima valuaci\u00f3n fiscal de la tierra. Una de las primeras medidas de Mart\u00ednez de Hoz, fue anular los efectos tributarios de ese aval\u00fao fiscal y los miembros de la comisi\u00f3n de expertos del INTA que trabaj\u00f3 en esa misi\u00f3n, integran la lista de los 30.000 desaparecidos. Por ello,\u00a0<b>cuando se intenta cambiar las relaciones del poder del Estado por v\u00eda impositiva, como ocurri\u00f3 con la 125, la corporaci\u00f3n agropecuaria se trasforma r\u00e1pidamente en fuerza de choque que no duda en avasallar espacios emblem\u00e1ticos de la democracia como observamos recientemente en las legislaturas bonaerense y entrerriana.<\/b><\/p>\n<p><b>En Santa Fe, estos hechos amedrentan y acobardan a los sectores pol\u00edticos que avalan la decisi\u00f3n de avanzar en una verdadera y justa Reforma Tributaria.<\/b><\/p>\n<p>La realidad no resiste el menor an\u00e1lisis frente a la contundencia de los n\u00fameros. En Alcorta -Provincia de Santa Fe- la Boleta de Pago del API muestra que una hect\u00e1rea de tierra con un valor de mercado de $ 100.000 paga la escandalosa suma de $ 3,10 por mes. Esto significa que su impuesto inmobiliario es el 0,0031% sobre el valor real de la tierra. En Santo Tom\u00e9, una propiedad de los conocidos planes Eva Per\u00f3n, valuado en $ 320.000, paga $ 10,33 por mes. Este monto es equivalente a una vivienda del mismo tipo en la zona oeste de la ciudad de Santa Fe, seg\u00fan boletas impresas del API. La inequidad tributaria que hay que corregir se sintetiza al observar que una hect\u00e1rea de tierra productiva en el Departamento General L\u00f3pez, frente a un escenario de valoraci\u00f3n explosiva en el precio de los campos y un extraordinario incremento de la rentabilidad por el alza internacional de los commodites, tiene la misma carga fiscal que una vivienda destruida por la inundaci\u00f3n del a\u00f1o 2003. Eso s\u00ed, el Dpto. General L\u00f3pez est\u00e1 en emergencia agropecuaria, goza del beneficio de no pagar impuestos a costa de los aportes de las viviendas populares.<\/p>\n<p><b>El Gobierno Provincial estima recaudar con sus retoques impositivos una suma inferior a los 1.000 millones de pesos, que con las letras de tesorer\u00eda que emitir\u00e1 la Provincia, podr\u00e1 superar el d\u00e9ficit fiscal de la actual gesti\u00f3n, pero la Equidad Tributaria tendr\u00e1 el mismo destino que le dio Mart\u00ednez de Hoz a la \u00faltima valuaci\u00f3n fiscal de las tierras.<\/b><\/p>\n<p>Si la Provincia de Santa Fe hubiera mantenido la participaci\u00f3n del impuesto inmobiliario sobre el total de su Presupuesto en los porcentajes anteriores a los Pactos Fiscales de Menem y Cavallo, hoy estar\u00eda recaudando 1.800 millones de pesos por ese mismo gravamen.\u00a0<b>Para el a\u00f1o 2012 la emisi\u00f3n del Inmobiliario Rural Santafesino es de 160 millones, frente a los 700 millones del Inmobiliario Rural entrerriano y los 650 millones del Inmobiliario Rural cordob\u00e9s.<\/b><\/p>\n<p>En la actualidad, sin las modificaciones tributarias programadas,\u00a0<b>el valor promedio del Impuesto Inmobiliario Rural en la Provincia de Santa Fe es de 11 pesos anuales por hect\u00e1rea y en la Provincia de Buenos Aires 47 pesos.\u00a0<\/b>Los datos son irrefutables,\u00a0<b>el Estado Santafesino le regala a la Mesa de Enlace un 500% de impuesto frente a las provincias integrantes de la Regi\u00f3n Centro.<\/b><\/p>\n<p>En consecuencia, la propuesta del Gobierno Provincial ni siquiera tendr\u00e1 una aproximaci\u00f3n a la armonizaci\u00f3n tributaria de las provincias vecinas.<\/p>\n<p>Las corporaciones agropecuarias no niegan el desfasaje y se manifiestan a favor de pagar m\u00e1s impuesto a la Provincia de Santa Fe, que ha sido m\u00e1s que generosa que el resto de los Estados provinciales. Pero\u00a0<b>se niegan a un reval\u00fao fiscal para continuar evadiendo el Impuesto a las Ganancias m\u00ednimas presuntas y Bienes Personales que cobrar\u00eda el Estado Nacional. En realidad, los intereses econ\u00f3micos van de la mano de las ideolog\u00edas, por ello a la \u00abCAJA K\u00bb cero pesos. Eso s\u00ed, el subsidio al gasoil, al d\u00f3lar exportador, a las rutas, puertos y usinas el\u00e9ctricas que la sigan pagando los trabajadores.<\/b><\/p>\n<h4><b><span style=\"text-decoration: underline;\">EL SILENCIO DE LOS INTENDENTES: Para los Estados Municipales y Comunales nada.\u00a0<\/span><\/b><\/h4>\n<p>El Art 107 de la Constituci\u00f3n Provincial le otorga a los Gobiernos Locales la propiedad del 50% del Impuesto Inmobiliario. Pero\u00a0<b>los Intendentes, por acci\u00f3n u omisi\u00f3n, est\u00e1n excluidos de esta discusi\u00f3n. Han resignado la responsabilidad pol\u00edtica que le dan sus ciudadanos para defender los inter\u00e9s de cada pueblo y ciudad de nuestra Provincia. Los trabajadores municipales y comunales no vamos a tolerar que ante la resignaci\u00f3n del Estado frente a las corporaciones econ\u00f3micas se pretendan ajustar las econom\u00edas locales con salarios bajos, precarizaci\u00f3n laboral y condiciones de trabajo inseguras.<\/b><\/p>\n<p>Esta sumisa reforma impositiva les permitir\u00e1 incrementar la coparticipaci\u00f3n en casi 400 millones de pesos a los municipios y comunas. Eso significa un exiguo incremento del 13% del total de la coparticipaci\u00f3n nacional y provincial distribuida durante el 2011. Pero, en realidad el impacto en los Presupuestos Municipales y Comunales no ser\u00e1 m\u00e1s del 6%.<\/p>\n<p>Esto significa, que frente a un panorama de disminuci\u00f3n del crecimiento econ\u00f3mico de la Argentina -por la ca\u00edda de los mercados de los pa\u00edses centrales y su impacto en la econom\u00eda mundial- el 6% de incremento programado para los Estados Locales, no llegar\u00e1 a compensar el crecimiento de la coparticipaci\u00f3n de los \u00faltimos 9 a\u00f1os.<\/p>\n<p>As\u00ed, mientras el aumento de los recursos municipales del a\u00f1o 2010-2011 se ubic\u00f3 en el 30 %, entre el 2011 y 2012 se colocar\u00e1 en una suba del orden del 25 % si se aprobaran las modificaciones propuestas por el Poder Ejecutivo Provincial.<\/p>\n<p>Para medir la verdadera dimensi\u00f3n de la inequidad tributaria, aseguramos que la totalidad de la coparticipaci\u00f3n a municipios y comunas es igual a las exenciones impositivas que la Provincia otorga a los grupos econ\u00f3micos por el Impuesto a los Ingresos Brutos. En tanto se resignan 900 millones por la depreciaci\u00f3n del valor de las tierras m\u00e1s ricas de la Argentina.<\/p>\n<p>FESTRAM ya ha denunciado que los municipios ceden m\u00e1s de 1.300 millones en concepto de Ingresos Brutos e Impuesto Inmobiliario.\u00a0<b>De aprobarse en la Legislatura el proyecto que modifica la pol\u00edtica tributaria, la detracci\u00f3n se ubicar\u00e1 en los 900 millones anuales y recaer\u00e1 en la transferencia de ingresos de todos los santafesinos distribuidos en las 362 Municipalidades y Comunas, en manos de sectores minoritarios que dominan las instituciones democr\u00e1ticas.<\/b><\/p>\n<p>Cuando la Presidenta de la Naci\u00f3n asegura que el Estado no es neutral y que hay que estar del lado de los sectores populares por sobre las corporaciones, se refiere exactamente a la distribuci\u00f3n de la renta, que en esta Provincia seguir\u00e1 estructurada tributariamente sobre la base conceptual inaugurada por la dictadura militar y profundizada en la d\u00e9cada del 90.<\/p>\n<p><b>En Santa Fe, el Estado no es neutral, el Estado est\u00e1 a favor de las corporaciones.<\/b><\/p>\n<pre><b>SANTA FE, MAYO DE 2012\r\n<\/b><b>CONSEJO DIRECTIVO PROVINCIAL\r\n<\/b><b>Claudio Leoni - Secretario General<\/b><\/pre>\n<\/div>\n","protected":false},"excerpt":{"rendered":"<p>Desde la Federaci\u00f3n de Sindicatos Municipales de la Provincia de Santa Fe, insistentemente venimos denunciando la distorsi\u00f3n de las cargas tributarias en favor de los sectores con mayor rentabilidad y concentraci\u00f3n econ\u00f3mica y en desmedro de las peque\u00f1as y medianas empresas, los profesionales, los comerciantes, los trabajadores y los sectores populares de menores ingresos.<br \/>\nPara FESTRAM el proyecto del Gobierno no constituye una herramienta de equidad tributaria.<\/p>\n","protected":false},"author":4,"featured_media":9071,"comment_status":"closed","ping_status":"closed","sticky":false,"template":"","format":"standard","meta":{"_jetpack_memberships_contains_paid_content":false,"footnotes":"","jetpack_publicize_message":"","jetpack_publicize_feature_enabled":true,"jetpack_social_post_already_shared":false,"jetpack_social_options":{"image_generator_settings":{"template":"highway","default_image_id":0,"font":"","enabled":false},"version":2}},"categories":[49,125],"tags":[63,68,70],"class_list":["post-8237","post","type-post","status-publish","format-standard","has-post-thumbnail","hentry","category-documentos","category-mas-antiguos","tag-coparticipacion","tag-economia-provincial","tag-el-pais"],"yoast_head":"<!-- This site is optimized with the Yoast SEO plugin v25.9 - https:\/\/yoast.com\/wordpress\/plugins\/seo\/ -->\n<title>El Estado Santafesino est\u00e1 sujeto a los intereses de las corporaciones &#8211; FESTRAM<\/title>\n<meta name=\"description\" content=\"Desde la Federaci\u00f3n de Sindicatos Municipales de la Provincia de Santa Fe, insistentemente venimos denunciando la distorsi\u00f3n de las cargas tributarias en favor de los sectores con mayor rentabilidad y concentraci\u00f3n econ\u00f3mica y en desmedro de las peque\u00f1as y medianas empresas, los profesionales, los comerciantes, los trabajadores y los sectores populares de menores ingresos. Para FESTRAM el proyecto del Gobierno no constituye una herramienta de equidad tributaria.\" \/>\n<meta name=\"robots\" content=\"index, follow, max-snippet:-1, max-image-preview:large, max-video-preview:-1\" \/>\n<link rel=\"canonical\" href=\"https:\/\/municipales.org.ar\/festram\/el-estado-santafesino-esta-sujeto-a-los-intereses-de-las-corporaciones\/\" \/>\n<meta property=\"og:locale\" content=\"es_ES\" \/>\n<meta property=\"og:type\" content=\"article\" \/>\n<meta property=\"og:title\" content=\"El Estado Santafesino est\u00e1 sujeto a los intereses de las corporaciones &#8211; FESTRAM\" \/>\n<meta property=\"og:description\" content=\"Desde la Federaci\u00f3n de Sindicatos Municipales de la Provincia de Santa Fe, insistentemente venimos denunciando la distorsi\u00f3n de las cargas tributarias en favor de los sectores con mayor rentabilidad y concentraci\u00f3n econ\u00f3mica y en desmedro de las peque\u00f1as y medianas empresas, los profesionales, los comerciantes, los trabajadores y los sectores populares de menores ingresos. Para FESTRAM el proyecto del Gobierno no constituye una herramienta de equidad tributaria.\" \/>\n<meta property=\"og:url\" content=\"https:\/\/municipales.org.ar\/festram\/el-estado-santafesino-esta-sujeto-a-los-intereses-de-las-corporaciones\/\" \/>\n<meta property=\"og:site_name\" content=\"FESTRAM\" \/>\n<meta property=\"article:publisher\" content=\"https:\/\/www.facebook.com\/MunicipalesSF\" \/>\n<meta property=\"article:published_time\" content=\"2012-05-28T21:42:10+00:00\" \/>\n<meta property=\"article:modified_time\" content=\"2016-03-07T17:43:48+00:00\" \/>\n<meta property=\"og:image\" content=\"https:\/\/municipales.org.ar\/festram\/wp-content\/uploads\/2012\/05\/biocatti__buzzi-e1403830998860.jpg\" \/>\n\t<meta property=\"og:image:width\" content=\"696\" \/>\n\t<meta property=\"og:image:height\" content=\"306\" \/>\n\t<meta property=\"og:image:type\" content=\"image\/jpeg\" \/>\n<meta name=\"author\" content=\"wp_admin\" \/>\n<meta name=\"twitter:card\" content=\"summary_large_image\" \/>\n<meta name=\"twitter:creator\" content=\"@MunicipalesSF\" \/>\n<meta name=\"twitter:site\" content=\"@MunicipalesSF\" \/>\n<meta name=\"twitter:label1\" content=\"Escrito por\" \/>\n\t<meta name=\"twitter:data1\" content=\"wp_admin\" \/>\n\t<meta name=\"twitter:label2\" content=\"Tiempo de lectura\" \/>\n\t<meta name=\"twitter:data2\" content=\"8 minutos\" \/>\n<script type=\"application\/ld+json\" class=\"yoast-schema-graph\">{\"@context\":\"https:\/\/schema.org\",\"@graph\":[{\"@type\":\"Article\",\"@id\":\"https:\/\/municipales.org.ar\/festram\/el-estado-santafesino-esta-sujeto-a-los-intereses-de-las-corporaciones\/#article\",\"isPartOf\":{\"@id\":\"https:\/\/municipales.org.ar\/festram\/el-estado-santafesino-esta-sujeto-a-los-intereses-de-las-corporaciones\/\"},\"author\":{\"name\":\"wp_admin\",\"@id\":\"https:\/\/municipales.org.ar\/festram\/#\/schema\/person\/bfcbda16ea802e17decda561ec6e62d3\"},\"headline\":\"El Estado Santafesino est\u00e1 sujeto a los intereses de las corporaciones\",\"datePublished\":\"2012-05-28T21:42:10+00:00\",\"dateModified\":\"2016-03-07T17:43:48+00:00\",\"mainEntityOfPage\":{\"@id\":\"https:\/\/municipales.org.ar\/festram\/el-estado-santafesino-esta-sujeto-a-los-intereses-de-las-corporaciones\/\"},\"wordCount\":1585,\"publisher\":{\"@id\":\"https:\/\/municipales.org.ar\/festram\/#organization\"},\"image\":{\"@id\":\"https:\/\/municipales.org.ar\/festram\/el-estado-santafesino-esta-sujeto-a-los-intereses-de-las-corporaciones\/#primaryimage\"},\"thumbnailUrl\":\"https:\/\/municipales.org.ar\/festram\/wp-content\/uploads\/2012\/05\/biocatti__buzzi-e1403830998860.jpg\",\"keywords\":[\"coparticipaci\u00f3n\",\"econom\u00eda provincial\",\"el pa\u00eds\"],\"articleSection\":[\"Documentos\",\"M\u00e1s Antiguos\"],\"inLanguage\":\"es\"},{\"@type\":\"WebPage\",\"@id\":\"https:\/\/municipales.org.ar\/festram\/el-estado-santafesino-esta-sujeto-a-los-intereses-de-las-corporaciones\/\",\"url\":\"https:\/\/municipales.org.ar\/festram\/el-estado-santafesino-esta-sujeto-a-los-intereses-de-las-corporaciones\/\",\"name\":\"El Estado Santafesino est\u00e1 sujeto a los intereses de las corporaciones &#8211; FESTRAM\",\"isPartOf\":{\"@id\":\"https:\/\/municipales.org.ar\/festram\/#website\"},\"primaryImageOfPage\":{\"@id\":\"https:\/\/municipales.org.ar\/festram\/el-estado-santafesino-esta-sujeto-a-los-intereses-de-las-corporaciones\/#primaryimage\"},\"image\":{\"@id\":\"https:\/\/municipales.org.ar\/festram\/el-estado-santafesino-esta-sujeto-a-los-intereses-de-las-corporaciones\/#primaryimage\"},\"thumbnailUrl\":\"https:\/\/municipales.org.ar\/festram\/wp-content\/uploads\/2012\/05\/biocatti__buzzi-e1403830998860.jpg\",\"datePublished\":\"2012-05-28T21:42:10+00:00\",\"dateModified\":\"2016-03-07T17:43:48+00:00\",\"description\":\"Desde la Federaci\u00f3n de Sindicatos Municipales de la Provincia de Santa Fe, insistentemente venimos denunciando la distorsi\u00f3n de las cargas tributarias en favor de los sectores con mayor rentabilidad y concentraci\u00f3n econ\u00f3mica y en desmedro de las peque\u00f1as y medianas empresas, los profesionales, los comerciantes, los trabajadores y los sectores populares de menores ingresos. Para FESTRAM el proyecto del Gobierno no constituye una herramienta de equidad tributaria.\",\"breadcrumb\":{\"@id\":\"https:\/\/municipales.org.ar\/festram\/el-estado-santafesino-esta-sujeto-a-los-intereses-de-las-corporaciones\/#breadcrumb\"},\"inLanguage\":\"es\",\"potentialAction\":[{\"@type\":\"ReadAction\",\"target\":[\"https:\/\/municipales.org.ar\/festram\/el-estado-santafesino-esta-sujeto-a-los-intereses-de-las-corporaciones\/\"]}]},{\"@type\":\"ImageObject\",\"inLanguage\":\"es\",\"@id\":\"https:\/\/municipales.org.ar\/festram\/el-estado-santafesino-esta-sujeto-a-los-intereses-de-las-corporaciones\/#primaryimage\",\"url\":\"https:\/\/municipales.org.ar\/festram\/wp-content\/uploads\/2012\/05\/biocatti__buzzi-e1403830998860.jpg\",\"contentUrl\":\"https:\/\/municipales.org.ar\/festram\/wp-content\/uploads\/2012\/05\/biocatti__buzzi-e1403830998860.jpg\",\"width\":696,\"height\":306},{\"@type\":\"BreadcrumbList\",\"@id\":\"https:\/\/municipales.org.ar\/festram\/el-estado-santafesino-esta-sujeto-a-los-intereses-de-las-corporaciones\/#breadcrumb\",\"itemListElement\":[{\"@type\":\"ListItem\",\"position\":1,\"name\":\"Portada\",\"item\":\"https:\/\/municipales.org.ar\/festram\/\"},{\"@type\":\"ListItem\",\"position\":2,\"name\":\"El Estado Santafesino est\u00e1 sujeto a los intereses de las corporaciones\"}]},{\"@type\":\"WebSite\",\"@id\":\"https:\/\/municipales.org.ar\/festram\/#website\",\"url\":\"https:\/\/municipales.org.ar\/festram\/\",\"name\":\"FESTRAM\",\"description\":\"La web de los trabajadores municipales\",\"publisher\":{\"@id\":\"https:\/\/municipales.org.ar\/festram\/#organization\"},\"potentialAction\":[{\"@type\":\"SearchAction\",\"target\":{\"@type\":\"EntryPoint\",\"urlTemplate\":\"https:\/\/municipales.org.ar\/festram\/?s={search_term_string}\"},\"query-input\":{\"@type\":\"PropertyValueSpecification\",\"valueRequired\":true,\"valueName\":\"search_term_string\"}}],\"inLanguage\":\"es\"},{\"@type\":\"Organization\",\"@id\":\"https:\/\/municipales.org.ar\/festram\/#organization\",\"name\":\"Federaci\u00f3n de Sindicatos de Trabajadores Municipales de la Provincia de Santa Fe\",\"url\":\"https:\/\/municipales.org.ar\/festram\/\",\"logo\":{\"@type\":\"ImageObject\",\"inLanguage\":\"es\",\"@id\":\"https:\/\/municipales.org.ar\/festram\/#\/schema\/logo\/image\/\",\"url\":\"https:\/\/www.municipales.org.ar\/festram\/wp-content\/uploads\/2014\/07\/logo_fes.jpg\",\"contentUrl\":\"https:\/\/www.municipales.org.ar\/festram\/wp-content\/uploads\/2014\/07\/logo_fes.jpg\",\"width\":661,\"height\":673,\"caption\":\"Federaci\u00f3n de Sindicatos de Trabajadores Municipales de la Provincia de Santa Fe\"},\"image\":{\"@id\":\"https:\/\/municipales.org.ar\/festram\/#\/schema\/logo\/image\/\"},\"sameAs\":[\"https:\/\/www.facebook.com\/MunicipalesSF\",\"https:\/\/x.com\/MunicipalesSF\",\"https:\/\/www.youtube.com\/user\/festram\"]},{\"@type\":\"Person\",\"@id\":\"https:\/\/municipales.org.ar\/festram\/#\/schema\/person\/bfcbda16ea802e17decda561ec6e62d3\",\"name\":\"wp_admin\"}]}<\/script>\n<!-- \/ Yoast SEO plugin. -->","yoast_head_json":{"title":"El Estado Santafesino est\u00e1 sujeto a los intereses de las corporaciones &#8211; FESTRAM","description":"Desde la Federaci\u00f3n de Sindicatos Municipales de la Provincia de Santa Fe, insistentemente venimos denunciando la distorsi\u00f3n de las cargas tributarias en favor de los sectores con mayor rentabilidad y concentraci\u00f3n econ\u00f3mica y en desmedro de las peque\u00f1as y medianas empresas, los profesionales, los comerciantes, los trabajadores y los sectores populares de menores ingresos. Para FESTRAM el proyecto del Gobierno no constituye una herramienta de equidad tributaria.","robots":{"index":"index","follow":"follow","max-snippet":"max-snippet:-1","max-image-preview":"max-image-preview:large","max-video-preview":"max-video-preview:-1"},"canonical":"https:\/\/municipales.org.ar\/festram\/el-estado-santafesino-esta-sujeto-a-los-intereses-de-las-corporaciones\/","og_locale":"es_ES","og_type":"article","og_title":"El Estado Santafesino est\u00e1 sujeto a los intereses de las corporaciones &#8211; FESTRAM","og_description":"Desde la Federaci\u00f3n de Sindicatos Municipales de la Provincia de Santa Fe, insistentemente venimos denunciando la distorsi\u00f3n de las cargas tributarias en favor de los sectores con mayor rentabilidad y concentraci\u00f3n econ\u00f3mica y en desmedro de las peque\u00f1as y medianas empresas, los profesionales, los comerciantes, los trabajadores y los sectores populares de menores ingresos. Para FESTRAM el proyecto del Gobierno no constituye una herramienta de equidad tributaria.","og_url":"https:\/\/municipales.org.ar\/festram\/el-estado-santafesino-esta-sujeto-a-los-intereses-de-las-corporaciones\/","og_site_name":"FESTRAM","article_publisher":"https:\/\/www.facebook.com\/MunicipalesSF","article_published_time":"2012-05-28T21:42:10+00:00","article_modified_time":"2016-03-07T17:43:48+00:00","og_image":[{"width":696,"height":306,"url":"https:\/\/municipales.org.ar\/festram\/wp-content\/uploads\/2012\/05\/biocatti__buzzi-e1403830998860.jpg","type":"image\/jpeg"}],"author":"wp_admin","twitter_card":"summary_large_image","twitter_creator":"@MunicipalesSF","twitter_site":"@MunicipalesSF","twitter_misc":{"Escrito por":"wp_admin","Tiempo de lectura":"8 minutos"},"schema":{"@context":"https:\/\/schema.org","@graph":[{"@type":"Article","@id":"https:\/\/municipales.org.ar\/festram\/el-estado-santafesino-esta-sujeto-a-los-intereses-de-las-corporaciones\/#article","isPartOf":{"@id":"https:\/\/municipales.org.ar\/festram\/el-estado-santafesino-esta-sujeto-a-los-intereses-de-las-corporaciones\/"},"author":{"name":"wp_admin","@id":"https:\/\/municipales.org.ar\/festram\/#\/schema\/person\/bfcbda16ea802e17decda561ec6e62d3"},"headline":"El Estado Santafesino est\u00e1 sujeto a los intereses de las corporaciones","datePublished":"2012-05-28T21:42:10+00:00","dateModified":"2016-03-07T17:43:48+00:00","mainEntityOfPage":{"@id":"https:\/\/municipales.org.ar\/festram\/el-estado-santafesino-esta-sujeto-a-los-intereses-de-las-corporaciones\/"},"wordCount":1585,"publisher":{"@id":"https:\/\/municipales.org.ar\/festram\/#organization"},"image":{"@id":"https:\/\/municipales.org.ar\/festram\/el-estado-santafesino-esta-sujeto-a-los-intereses-de-las-corporaciones\/#primaryimage"},"thumbnailUrl":"https:\/\/municipales.org.ar\/festram\/wp-content\/uploads\/2012\/05\/biocatti__buzzi-e1403830998860.jpg","keywords":["coparticipaci\u00f3n","econom\u00eda provincial","el pa\u00eds"],"articleSection":["Documentos","M\u00e1s Antiguos"],"inLanguage":"es"},{"@type":"WebPage","@id":"https:\/\/municipales.org.ar\/festram\/el-estado-santafesino-esta-sujeto-a-los-intereses-de-las-corporaciones\/","url":"https:\/\/municipales.org.ar\/festram\/el-estado-santafesino-esta-sujeto-a-los-intereses-de-las-corporaciones\/","name":"El Estado Santafesino est\u00e1 sujeto a los intereses de las corporaciones &#8211; FESTRAM","isPartOf":{"@id":"https:\/\/municipales.org.ar\/festram\/#website"},"primaryImageOfPage":{"@id":"https:\/\/municipales.org.ar\/festram\/el-estado-santafesino-esta-sujeto-a-los-intereses-de-las-corporaciones\/#primaryimage"},"image":{"@id":"https:\/\/municipales.org.ar\/festram\/el-estado-santafesino-esta-sujeto-a-los-intereses-de-las-corporaciones\/#primaryimage"},"thumbnailUrl":"https:\/\/municipales.org.ar\/festram\/wp-content\/uploads\/2012\/05\/biocatti__buzzi-e1403830998860.jpg","datePublished":"2012-05-28T21:42:10+00:00","dateModified":"2016-03-07T17:43:48+00:00","description":"Desde la Federaci\u00f3n de Sindicatos Municipales de la Provincia de Santa Fe, insistentemente venimos denunciando la distorsi\u00f3n de las cargas tributarias en favor de los sectores con mayor rentabilidad y concentraci\u00f3n econ\u00f3mica y en desmedro de las peque\u00f1as y medianas empresas, los profesionales, los comerciantes, los trabajadores y los sectores populares de menores ingresos. Para FESTRAM el proyecto del Gobierno no constituye una herramienta de equidad tributaria.","breadcrumb":{"@id":"https:\/\/municipales.org.ar\/festram\/el-estado-santafesino-esta-sujeto-a-los-intereses-de-las-corporaciones\/#breadcrumb"},"inLanguage":"es","potentialAction":[{"@type":"ReadAction","target":["https:\/\/municipales.org.ar\/festram\/el-estado-santafesino-esta-sujeto-a-los-intereses-de-las-corporaciones\/"]}]},{"@type":"ImageObject","inLanguage":"es","@id":"https:\/\/municipales.org.ar\/festram\/el-estado-santafesino-esta-sujeto-a-los-intereses-de-las-corporaciones\/#primaryimage","url":"https:\/\/municipales.org.ar\/festram\/wp-content\/uploads\/2012\/05\/biocatti__buzzi-e1403830998860.jpg","contentUrl":"https:\/\/municipales.org.ar\/festram\/wp-content\/uploads\/2012\/05\/biocatti__buzzi-e1403830998860.jpg","width":696,"height":306},{"@type":"BreadcrumbList","@id":"https:\/\/municipales.org.ar\/festram\/el-estado-santafesino-esta-sujeto-a-los-intereses-de-las-corporaciones\/#breadcrumb","itemListElement":[{"@type":"ListItem","position":1,"name":"Portada","item":"https:\/\/municipales.org.ar\/festram\/"},{"@type":"ListItem","position":2,"name":"El Estado Santafesino est\u00e1 sujeto a los intereses de las corporaciones"}]},{"@type":"WebSite","@id":"https:\/\/municipales.org.ar\/festram\/#website","url":"https:\/\/municipales.org.ar\/festram\/","name":"FESTRAM","description":"La web de los trabajadores municipales","publisher":{"@id":"https:\/\/municipales.org.ar\/festram\/#organization"},"potentialAction":[{"@type":"SearchAction","target":{"@type":"EntryPoint","urlTemplate":"https:\/\/municipales.org.ar\/festram\/?s={search_term_string}"},"query-input":{"@type":"PropertyValueSpecification","valueRequired":true,"valueName":"search_term_string"}}],"inLanguage":"es"},{"@type":"Organization","@id":"https:\/\/municipales.org.ar\/festram\/#organization","name":"Federaci\u00f3n de Sindicatos de Trabajadores Municipales de la Provincia de Santa Fe","url":"https:\/\/municipales.org.ar\/festram\/","logo":{"@type":"ImageObject","inLanguage":"es","@id":"https:\/\/municipales.org.ar\/festram\/#\/schema\/logo\/image\/","url":"https:\/\/www.municipales.org.ar\/festram\/wp-content\/uploads\/2014\/07\/logo_fes.jpg","contentUrl":"https:\/\/www.municipales.org.ar\/festram\/wp-content\/uploads\/2014\/07\/logo_fes.jpg","width":661,"height":673,"caption":"Federaci\u00f3n de Sindicatos de Trabajadores Municipales de la Provincia de Santa Fe"},"image":{"@id":"https:\/\/municipales.org.ar\/festram\/#\/schema\/logo\/image\/"},"sameAs":["https:\/\/www.facebook.com\/MunicipalesSF","https:\/\/x.com\/MunicipalesSF","https:\/\/www.youtube.com\/user\/festram"]},{"@type":"Person","@id":"https:\/\/municipales.org.ar\/festram\/#\/schema\/person\/bfcbda16ea802e17decda561ec6e62d3","name":"wp_admin"}]}},"jetpack_publicize_connections":[],"jetpack_featured_media_url":"https:\/\/municipales.org.ar\/festram\/wp-content\/uploads\/2012\/05\/biocatti__buzzi-e1403830998860.jpg","jetpack_sharing_enabled":true,"jetpack_likes_enabled":false,"jetpack_shortlink":"https:\/\/wp.me\/p7l4x1-28R","_links":{"self":[{"href":"https:\/\/municipales.org.ar\/festram\/wp-json\/wp\/v2\/posts\/8237","targetHints":{"allow":["GET"]}}],"collection":[{"href":"https:\/\/municipales.org.ar\/festram\/wp-json\/wp\/v2\/posts"}],"about":[{"href":"https:\/\/municipales.org.ar\/festram\/wp-json\/wp\/v2\/types\/post"}],"author":[{"embeddable":true,"href":"https:\/\/municipales.org.ar\/festram\/wp-json\/wp\/v2\/users\/4"}],"replies":[{"embeddable":true,"href":"https:\/\/municipales.org.ar\/festram\/wp-json\/wp\/v2\/comments?post=8237"}],"version-history":[{"count":2,"href":"https:\/\/municipales.org.ar\/festram\/wp-json\/wp\/v2\/posts\/8237\/revisions"}],"predecessor-version":[{"id":9072,"href":"https:\/\/municipales.org.ar\/festram\/wp-json\/wp\/v2\/posts\/8237\/revisions\/9072"}],"wp:featuredmedia":[{"embeddable":true,"href":"https:\/\/municipales.org.ar\/festram\/wp-json\/wp\/v2\/media\/9071"}],"wp:attachment":[{"href":"https:\/\/municipales.org.ar\/festram\/wp-json\/wp\/v2\/media?parent=8237"}],"wp:term":[{"taxonomy":"category","embeddable":true,"href":"https:\/\/municipales.org.ar\/festram\/wp-json\/wp\/v2\/categories?post=8237"},{"taxonomy":"post_tag","embeddable":true,"href":"https:\/\/municipales.org.ar\/festram\/wp-json\/wp\/v2\/tags?post=8237"}],"curies":[{"name":"wp","href":"https:\/\/api.w.org\/{rel}","templated":true}]}}