{"id":8382,"date":"2014-02-17T16:13:19","date_gmt":"2014-02-17T19:13:19","guid":{"rendered":"http:\/\/municipales.org.ar\/festram\/?p=8382"},"modified":"2014-06-30T12:15:34","modified_gmt":"2014-06-30T15:15:34","slug":"soja-salario-municipal-y-el-silencio-de-los-intendentes","status":"publish","type":"post","link":"https:\/\/municipales.org.ar\/festram\/soja-salario-municipal-y-el-silencio-de-los-intendentes\/","title":{"rendered":"Soja, Salario Municipal y el silencio de los Intendentes"},"content":{"rendered":"<h6><\/h6>\n<h6>Por Claudio Leoni<\/h6>\n<p>&nbsp;<\/p>\n<p><strong>Cuando iniciamos la discusi\u00f3n salarial en Paritarias, le pedimos a los Intendentes que la negociaci\u00f3n deb\u00eda enmarcarse en un aumento superior al del a\u00f1o pasado (26%) y cercano al incrementos de los Recursos de Coparticipaci\u00f3n del 2013, que se ubicaron en el 35%. Con esto se garantiza el normal funcionamiento de los municipios y comunas, pero tambi\u00e9n la certeza de que los trabajadores podremos cobrar el incremento salarial que se pacte.<br \/>\n<\/strong><\/p>\n<p>&nbsp;<\/p>\n<p>Dentro del total de Recursos de Coparticipaci\u00f3n que reciben los municipios (del cual tomamos referencia para el pedido de aumento de salarios), uno de ellos tiene un impacto importante sobre ese monto total. Me refiero al dinero que ingresa por las exportaciones de la soja.<\/p>\n<p>Se trata del Fondo Federal Solidario que la Naci\u00f3n coparticipa a las Provincias y esta a sus Municipios y Comunas. Este Fondo se constituye con el 30% de la recaudaci\u00f3n por el impuesto a las exportaciones de la soja.<\/p>\n<p>Por eso, cuando escuchamos a los dirigentes de la Mesa de Enlace o de la Sociedad Rural, afirmar que no venden y acumulan la soja esperando un devaluaci\u00f3n para obtener mayores ganancias, a los trabajadores municipales y a sus familias nos someten a un doble despojo en nuestras condiciones de vida.<\/p>\n<p>Primero le restan recursos a los municipios para destinar al salario y por otro lado generan expectativas del aumento del d\u00f3lar que se traslada a los precios generando mas inflaci\u00f3n y reduciendo nuestro poder adquisitivo.<\/p>\n<p>Cuando el presidente de la Sociedad Rural dice que hay entre 6 y 7 millones de toneladas de sojas retenidas en los silos con un monto estimado en 10 mil millones de d\u00f3lares, a la espera de que se estabilice la econom\u00eda, que quiere decir?<\/p>\n<p>Dice simplemente que esperan una devaluaci\u00f3n para que lo que hoy venden a $8 pesos, en los pr\u00f3ximos d\u00edas lo puedan vender a $12 o $13. Como el que \u201cguarda\u201d siempre \u201ctiene\u201d, con solo \u201cguardar\u201d se quieren asegurar una ganancia extra de 45%.<br \/>\nEso es lisa y llanamente un verdadera especulaci\u00f3n financiera que indefectiblemente pagan los trabajadores.<\/p>\n<p>Del otro lado del mostrador, si esto ocurre, el trabajador tendr\u00e1 que pagar ma\u00f1ana $13 pesos lo que hoy paga $8 y ayer pagaba $6.<\/p>\n<p>Los trabajadores municipales para poder compensar la perdida del poder adquisitivo ocasionada por la acci\u00f3n de estos especuladores, requiere que los recursos de los municipios se incrementen para poder destinarlo a los salarios y adem\u00e1s continuar prestando los servicios p\u00fablicos a nuestros vecinos.<\/p>\n<p>Pero entonces, nuevamente la misma pregunta. Cuando el Presidente de la Sociedad Rural o Buzzi de la FA, afirman que hay soja en los silos sin vender por un monto de 10.000 millones de d\u00f3lares, esperando que la econom\u00eda se estabilice, que quieren decir?<\/p>\n<p>Dicen simplemente que los Municipios y Comunas de nuestra Provincia dejaron de recibir 230 millones de pesos. El equivalente a salario promedio mensual de aproximadamente 28.000 trabajadores y trabajadoras municipales.<\/p>\n<p>En la paritaria, los Intendentes ofrecieron un aumento m\u00ednimo garantizado de $ 945.<br \/>\nSi contaran con los recursos derivado de las 7 millones de toneladas de soja que los exportadores tiene abarrocada en los silos, a la espera de una mayor devaluaci\u00f3n, podr\u00edan asegurar un aumento m\u00ednimo de $ 1500 para todos los trabajadores durante los 12 meses del 2014.<\/p>\n<h2>El silencio de los Intendentes<\/h2>\n<p>Aqu\u00ed corresponde preguntarse:<\/p>\n<p>Por qu\u00e9 dicen que no les alcanzan los recursos para otorgarnos el aumento que leg\u00edtimamente nos corresponde?<\/p>\n<p>Por qu\u00e9 dicen que tienen que parar las obras p\u00fablicas si aumentan los sueldo de sus trabajadores?<\/p>\n<p>Por qu\u00e9 nos pretenden enfrentar con los vecinos diciendo que les aumentan los impuestos para pagar un incremento salarial?<\/p>\n<p>Por qu\u00e9 se quedan en silencio y no reclaman a los exportadores que vendan lo que tienen guardado para especular con sus fabulosas ganancias?<\/p>\n<p>Por qu\u00e9 se hacen los distra\u00eddos frente a la injustificada remarcaciones de precios y la alevosa evasi\u00f3n fiscal que pasa delante de sus narices?<\/p>\n<p>Por qu\u00e9 saben que el hilo se corta por lo mas delgado.<\/p>\n<p>Simplemente por qu\u00e9 es pol\u00edticamente mas conveniente cercenar un incremento salarial de sus empleados que enfrentarse con los poderosos.<\/p>\n","protected":false},"excerpt":{"rendered":"<p>Cuando iniciamos la discusi\u00f3n salarial en Paritarias, le pedimos a los Intendentes que la negociaci\u00f3n deb\u00eda enmarcarse en un aumento superior al del a\u00f1o pasado (26%) y cercano al incrementos de los Recursos de Coparticipaci\u00f3n del 2013, que se ubicaron en el 35%. Con esto se garantiza el normal funcionamiento de los municipios y comunas, pero tambi\u00e9n la certeza de que los trabajadores podremos cobrar el incremento salarial que se pacte.<\/p>\n","protected":false},"author":1,"featured_media":9519,"comment_status":"closed","ping_status":"closed","sticky":false,"template":"","format":"standard","meta":{"_jetpack_memberships_contains_paid_content":false,"footnotes":"","jetpack_publicize_message":"","jetpack_publicize_feature_enabled":true,"jetpack_social_post_already_shared":false,"jetpack_social_options":{"image_generator_settings":{"template":"highway","default_image_id":0,"font":"","enabled":false},"version":2}},"categories":[49],"tags":[63,41,69],"class_list":["post-8382","post","type-post","status-publish","format-standard","has-post-thumbnail","hentry","category-documentos","tag-coparticipacion","tag-paritaria","tag-politica-salarial"],"yoast_head":"<!-- This site is optimized with the Yoast SEO plugin v25.9 - https:\/\/yoast.com\/wordpress\/plugins\/seo\/ -->\n<title>Soja, Salario Municipal y el silencio de los Intendentes &#8211; FESTRAM<\/title>\n<meta name=\"description\" content=\"Cuando iniciamos la discusi\u00f3n salarial en Paritarias, le pedimos a los Intendentes que la negociaci\u00f3n deb\u00eda enmarcarse en un aumento superior al del a\u00f1o pasado (26%) y cercano al incrementos de los Recursos de Coparticipaci\u00f3n del 2013, que se ubicaron en el 35%. Con esto se garantiza el normal funcionamiento de los municipios y comunas, pero tambi\u00e9n la certeza de que los trabajadores podremos cobrar el incremento salarial que se pacte.\" \/>\n<meta name=\"robots\" content=\"index, follow, max-snippet:-1, max-image-preview:large, max-video-preview:-1\" \/>\n<link rel=\"canonical\" href=\"https:\/\/municipales.org.ar\/festram\/soja-salario-municipal-y-el-silencio-de-los-intendentes\/\" \/>\n<meta property=\"og:locale\" content=\"es_ES\" \/>\n<meta property=\"og:type\" content=\"article\" \/>\n<meta property=\"og:title\" content=\"Soja, Salario Municipal y el silencio de los Intendentes &#8211; FESTRAM\" \/>\n<meta property=\"og:description\" content=\"Cuando iniciamos la discusi\u00f3n salarial en Paritarias, le pedimos a los Intendentes que la negociaci\u00f3n deb\u00eda enmarcarse en un aumento superior al del a\u00f1o pasado (26%) y cercano al incrementos de los Recursos de Coparticipaci\u00f3n del 2013, que se ubicaron en el 35%. Con esto se garantiza el normal funcionamiento de los municipios y comunas, pero tambi\u00e9n la certeza de que los trabajadores podremos cobrar el incremento salarial que se pacte.\" \/>\n<meta property=\"og:url\" content=\"https:\/\/municipales.org.ar\/festram\/soja-salario-municipal-y-el-silencio-de-los-intendentes\/\" \/>\n<meta property=\"og:site_name\" content=\"FESTRAM\" \/>\n<meta property=\"article:publisher\" content=\"https:\/\/www.facebook.com\/MunicipalesSF\" \/>\n<meta property=\"article:published_time\" content=\"2014-02-17T19:13:19+00:00\" \/>\n<meta property=\"article:modified_time\" content=\"2014-06-30T15:15:34+00:00\" \/>\n<meta property=\"og:image\" content=\"https:\/\/municipales.org.ar\/festram\/wp-content\/uploads\/2014\/02\/soja.jpg\" \/>\n\t<meta property=\"og:image:width\" content=\"600\" \/>\n\t<meta property=\"og:image:height\" content=\"360\" \/>\n\t<meta property=\"og:image:type\" content=\"image\/jpeg\" \/>\n<meta name=\"author\" content=\"mun_admin\" \/>\n<meta name=\"twitter:card\" content=\"summary_large_image\" \/>\n<meta name=\"twitter:creator\" content=\"@MunicipalesSF\" \/>\n<meta name=\"twitter:site\" content=\"@MunicipalesSF\" \/>\n<meta name=\"twitter:label1\" content=\"Escrito por\" \/>\n\t<meta name=\"twitter:data1\" content=\"mun_admin\" \/>\n\t<meta name=\"twitter:label2\" content=\"Tiempo de lectura\" \/>\n\t<meta name=\"twitter:data2\" content=\"3 minutos\" \/>\n<script type=\"application\/ld+json\" class=\"yoast-schema-graph\">{\"@context\":\"https:\/\/schema.org\",\"@graph\":[{\"@type\":\"Article\",\"@id\":\"https:\/\/municipales.org.ar\/festram\/soja-salario-municipal-y-el-silencio-de-los-intendentes\/#article\",\"isPartOf\":{\"@id\":\"https:\/\/municipales.org.ar\/festram\/soja-salario-municipal-y-el-silencio-de-los-intendentes\/\"},\"author\":{\"name\":\"mun_admin\",\"@id\":\"https:\/\/municipales.org.ar\/festram\/#\/schema\/person\/49096a774c48ce9063df4d59ec059f9e\"},\"headline\":\"Soja, Salario Municipal y el silencio de los Intendentes\",\"datePublished\":\"2014-02-17T19:13:19+00:00\",\"dateModified\":\"2014-06-30T15:15:34+00:00\",\"mainEntityOfPage\":{\"@id\":\"https:\/\/municipales.org.ar\/festram\/soja-salario-municipal-y-el-silencio-de-los-intendentes\/\"},\"wordCount\":708,\"publisher\":{\"@id\":\"https:\/\/municipales.org.ar\/festram\/#organization\"},\"image\":{\"@id\":\"https:\/\/municipales.org.ar\/festram\/soja-salario-municipal-y-el-silencio-de-los-intendentes\/#primaryimage\"},\"thumbnailUrl\":\"https:\/\/municipales.org.ar\/festram\/wp-content\/uploads\/2014\/02\/soja.jpg\",\"keywords\":[\"coparticipaci\u00f3n\",\"paritaria\",\"pol\u00edtica salarial\"],\"articleSection\":[\"Documentos\"],\"inLanguage\":\"es\"},{\"@type\":\"WebPage\",\"@id\":\"https:\/\/municipales.org.ar\/festram\/soja-salario-municipal-y-el-silencio-de-los-intendentes\/\",\"url\":\"https:\/\/municipales.org.ar\/festram\/soja-salario-municipal-y-el-silencio-de-los-intendentes\/\",\"name\":\"Soja, Salario Municipal y el silencio de los Intendentes &#8211; FESTRAM\",\"isPartOf\":{\"@id\":\"https:\/\/municipales.org.ar\/festram\/#website\"},\"primaryImageOfPage\":{\"@id\":\"https:\/\/municipales.org.ar\/festram\/soja-salario-municipal-y-el-silencio-de-los-intendentes\/#primaryimage\"},\"image\":{\"@id\":\"https:\/\/municipales.org.ar\/festram\/soja-salario-municipal-y-el-silencio-de-los-intendentes\/#primaryimage\"},\"thumbnailUrl\":\"https:\/\/municipales.org.ar\/festram\/wp-content\/uploads\/2014\/02\/soja.jpg\",\"datePublished\":\"2014-02-17T19:13:19+00:00\",\"dateModified\":\"2014-06-30T15:15:34+00:00\",\"description\":\"Cuando iniciamos la discusi\u00f3n salarial en Paritarias, le pedimos a los Intendentes que la negociaci\u00f3n deb\u00eda enmarcarse en un aumento superior al del a\u00f1o pasado (26%) y cercano al incrementos de los Recursos de Coparticipaci\u00f3n del 2013, que se ubicaron en el 35%. Con esto se garantiza el normal funcionamiento de los municipios y comunas, pero tambi\u00e9n la certeza de que los trabajadores podremos cobrar el incremento salarial que se pacte.\",\"breadcrumb\":{\"@id\":\"https:\/\/municipales.org.ar\/festram\/soja-salario-municipal-y-el-silencio-de-los-intendentes\/#breadcrumb\"},\"inLanguage\":\"es\",\"potentialAction\":[{\"@type\":\"ReadAction\",\"target\":[\"https:\/\/municipales.org.ar\/festram\/soja-salario-municipal-y-el-silencio-de-los-intendentes\/\"]}]},{\"@type\":\"ImageObject\",\"inLanguage\":\"es\",\"@id\":\"https:\/\/municipales.org.ar\/festram\/soja-salario-municipal-y-el-silencio-de-los-intendentes\/#primaryimage\",\"url\":\"https:\/\/municipales.org.ar\/festram\/wp-content\/uploads\/2014\/02\/soja.jpg\",\"contentUrl\":\"https:\/\/municipales.org.ar\/festram\/wp-content\/uploads\/2014\/02\/soja.jpg\",\"width\":600,\"height\":360},{\"@type\":\"BreadcrumbList\",\"@id\":\"https:\/\/municipales.org.ar\/festram\/soja-salario-municipal-y-el-silencio-de-los-intendentes\/#breadcrumb\",\"itemListElement\":[{\"@type\":\"ListItem\",\"position\":1,\"name\":\"Portada\",\"item\":\"https:\/\/municipales.org.ar\/festram\/\"},{\"@type\":\"ListItem\",\"position\":2,\"name\":\"Soja, Salario Municipal y el silencio de los Intendentes\"}]},{\"@type\":\"WebSite\",\"@id\":\"https:\/\/municipales.org.ar\/festram\/#website\",\"url\":\"https:\/\/municipales.org.ar\/festram\/\",\"name\":\"FESTRAM\",\"description\":\"La web de los trabajadores municipales\",\"publisher\":{\"@id\":\"https:\/\/municipales.org.ar\/festram\/#organization\"},\"potentialAction\":[{\"@type\":\"SearchAction\",\"target\":{\"@type\":\"EntryPoint\",\"urlTemplate\":\"https:\/\/municipales.org.ar\/festram\/?s={search_term_string}\"},\"query-input\":{\"@type\":\"PropertyValueSpecification\",\"valueRequired\":true,\"valueName\":\"search_term_string\"}}],\"inLanguage\":\"es\"},{\"@type\":\"Organization\",\"@id\":\"https:\/\/municipales.org.ar\/festram\/#organization\",\"name\":\"Federaci\u00f3n de Sindicatos de Trabajadores Municipales de la Provincia de Santa Fe\",\"url\":\"https:\/\/municipales.org.ar\/festram\/\",\"logo\":{\"@type\":\"ImageObject\",\"inLanguage\":\"es\",\"@id\":\"https:\/\/municipales.org.ar\/festram\/#\/schema\/logo\/image\/\",\"url\":\"https:\/\/www.municipales.org.ar\/festram\/wp-content\/uploads\/2014\/07\/logo_fes.jpg\",\"contentUrl\":\"https:\/\/www.municipales.org.ar\/festram\/wp-content\/uploads\/2014\/07\/logo_fes.jpg\",\"width\":661,\"height\":673,\"caption\":\"Federaci\u00f3n de Sindicatos de Trabajadores Municipales de la Provincia de Santa Fe\"},\"image\":{\"@id\":\"https:\/\/municipales.org.ar\/festram\/#\/schema\/logo\/image\/\"},\"sameAs\":[\"https:\/\/www.facebook.com\/MunicipalesSF\",\"https:\/\/x.com\/MunicipalesSF\",\"https:\/\/www.youtube.com\/user\/festram\"]},{\"@type\":\"Person\",\"@id\":\"https:\/\/municipales.org.ar\/festram\/#\/schema\/person\/49096a774c48ce9063df4d59ec059f9e\",\"name\":\"mun_admin\"}]}<\/script>\n<!-- \/ Yoast SEO plugin. -->","yoast_head_json":{"title":"Soja, Salario Municipal y el silencio de los Intendentes &#8211; FESTRAM","description":"Cuando iniciamos la discusi\u00f3n salarial en Paritarias, le pedimos a los Intendentes que la negociaci\u00f3n deb\u00eda enmarcarse en un aumento superior al del a\u00f1o pasado (26%) y cercano al incrementos de los Recursos de Coparticipaci\u00f3n del 2013, que se ubicaron en el 35%. Con esto se garantiza el normal funcionamiento de los municipios y comunas, pero tambi\u00e9n la certeza de que los trabajadores podremos cobrar el incremento salarial que se pacte.","robots":{"index":"index","follow":"follow","max-snippet":"max-snippet:-1","max-image-preview":"max-image-preview:large","max-video-preview":"max-video-preview:-1"},"canonical":"https:\/\/municipales.org.ar\/festram\/soja-salario-municipal-y-el-silencio-de-los-intendentes\/","og_locale":"es_ES","og_type":"article","og_title":"Soja, Salario Municipal y el silencio de los Intendentes &#8211; FESTRAM","og_description":"Cuando iniciamos la discusi\u00f3n salarial en Paritarias, le pedimos a los Intendentes que la negociaci\u00f3n deb\u00eda enmarcarse en un aumento superior al del a\u00f1o pasado (26%) y cercano al incrementos de los Recursos de Coparticipaci\u00f3n del 2013, que se ubicaron en el 35%. Con esto se garantiza el normal funcionamiento de los municipios y comunas, pero tambi\u00e9n la certeza de que los trabajadores podremos cobrar el incremento salarial que se pacte.","og_url":"https:\/\/municipales.org.ar\/festram\/soja-salario-municipal-y-el-silencio-de-los-intendentes\/","og_site_name":"FESTRAM","article_publisher":"https:\/\/www.facebook.com\/MunicipalesSF","article_published_time":"2014-02-17T19:13:19+00:00","article_modified_time":"2014-06-30T15:15:34+00:00","og_image":[{"width":600,"height":360,"url":"https:\/\/municipales.org.ar\/festram\/wp-content\/uploads\/2014\/02\/soja.jpg","type":"image\/jpeg"}],"author":"mun_admin","twitter_card":"summary_large_image","twitter_creator":"@MunicipalesSF","twitter_site":"@MunicipalesSF","twitter_misc":{"Escrito por":"mun_admin","Tiempo de lectura":"3 minutos"},"schema":{"@context":"https:\/\/schema.org","@graph":[{"@type":"Article","@id":"https:\/\/municipales.org.ar\/festram\/soja-salario-municipal-y-el-silencio-de-los-intendentes\/#article","isPartOf":{"@id":"https:\/\/municipales.org.ar\/festram\/soja-salario-municipal-y-el-silencio-de-los-intendentes\/"},"author":{"name":"mun_admin","@id":"https:\/\/municipales.org.ar\/festram\/#\/schema\/person\/49096a774c48ce9063df4d59ec059f9e"},"headline":"Soja, Salario Municipal y el silencio de los Intendentes","datePublished":"2014-02-17T19:13:19+00:00","dateModified":"2014-06-30T15:15:34+00:00","mainEntityOfPage":{"@id":"https:\/\/municipales.org.ar\/festram\/soja-salario-municipal-y-el-silencio-de-los-intendentes\/"},"wordCount":708,"publisher":{"@id":"https:\/\/municipales.org.ar\/festram\/#organization"},"image":{"@id":"https:\/\/municipales.org.ar\/festram\/soja-salario-municipal-y-el-silencio-de-los-intendentes\/#primaryimage"},"thumbnailUrl":"https:\/\/municipales.org.ar\/festram\/wp-content\/uploads\/2014\/02\/soja.jpg","keywords":["coparticipaci\u00f3n","paritaria","pol\u00edtica salarial"],"articleSection":["Documentos"],"inLanguage":"es"},{"@type":"WebPage","@id":"https:\/\/municipales.org.ar\/festram\/soja-salario-municipal-y-el-silencio-de-los-intendentes\/","url":"https:\/\/municipales.org.ar\/festram\/soja-salario-municipal-y-el-silencio-de-los-intendentes\/","name":"Soja, Salario Municipal y el silencio de los Intendentes &#8211; FESTRAM","isPartOf":{"@id":"https:\/\/municipales.org.ar\/festram\/#website"},"primaryImageOfPage":{"@id":"https:\/\/municipales.org.ar\/festram\/soja-salario-municipal-y-el-silencio-de-los-intendentes\/#primaryimage"},"image":{"@id":"https:\/\/municipales.org.ar\/festram\/soja-salario-municipal-y-el-silencio-de-los-intendentes\/#primaryimage"},"thumbnailUrl":"https:\/\/municipales.org.ar\/festram\/wp-content\/uploads\/2014\/02\/soja.jpg","datePublished":"2014-02-17T19:13:19+00:00","dateModified":"2014-06-30T15:15:34+00:00","description":"Cuando iniciamos la discusi\u00f3n salarial en Paritarias, le pedimos a los Intendentes que la negociaci\u00f3n deb\u00eda enmarcarse en un aumento superior al del a\u00f1o pasado (26%) y cercano al incrementos de los Recursos de Coparticipaci\u00f3n del 2013, que se ubicaron en el 35%. Con esto se garantiza el normal funcionamiento de los municipios y comunas, pero tambi\u00e9n la certeza de que los trabajadores podremos cobrar el incremento salarial que se pacte.","breadcrumb":{"@id":"https:\/\/municipales.org.ar\/festram\/soja-salario-municipal-y-el-silencio-de-los-intendentes\/#breadcrumb"},"inLanguage":"es","potentialAction":[{"@type":"ReadAction","target":["https:\/\/municipales.org.ar\/festram\/soja-salario-municipal-y-el-silencio-de-los-intendentes\/"]}]},{"@type":"ImageObject","inLanguage":"es","@id":"https:\/\/municipales.org.ar\/festram\/soja-salario-municipal-y-el-silencio-de-los-intendentes\/#primaryimage","url":"https:\/\/municipales.org.ar\/festram\/wp-content\/uploads\/2014\/02\/soja.jpg","contentUrl":"https:\/\/municipales.org.ar\/festram\/wp-content\/uploads\/2014\/02\/soja.jpg","width":600,"height":360},{"@type":"BreadcrumbList","@id":"https:\/\/municipales.org.ar\/festram\/soja-salario-municipal-y-el-silencio-de-los-intendentes\/#breadcrumb","itemListElement":[{"@type":"ListItem","position":1,"name":"Portada","item":"https:\/\/municipales.org.ar\/festram\/"},{"@type":"ListItem","position":2,"name":"Soja, Salario Municipal y el silencio de los Intendentes"}]},{"@type":"WebSite","@id":"https:\/\/municipales.org.ar\/festram\/#website","url":"https:\/\/municipales.org.ar\/festram\/","name":"FESTRAM","description":"La web de los trabajadores municipales","publisher":{"@id":"https:\/\/municipales.org.ar\/festram\/#organization"},"potentialAction":[{"@type":"SearchAction","target":{"@type":"EntryPoint","urlTemplate":"https:\/\/municipales.org.ar\/festram\/?s={search_term_string}"},"query-input":{"@type":"PropertyValueSpecification","valueRequired":true,"valueName":"search_term_string"}}],"inLanguage":"es"},{"@type":"Organization","@id":"https:\/\/municipales.org.ar\/festram\/#organization","name":"Federaci\u00f3n de Sindicatos de Trabajadores Municipales de la Provincia de Santa Fe","url":"https:\/\/municipales.org.ar\/festram\/","logo":{"@type":"ImageObject","inLanguage":"es","@id":"https:\/\/municipales.org.ar\/festram\/#\/schema\/logo\/image\/","url":"https:\/\/www.municipales.org.ar\/festram\/wp-content\/uploads\/2014\/07\/logo_fes.jpg","contentUrl":"https:\/\/www.municipales.org.ar\/festram\/wp-content\/uploads\/2014\/07\/logo_fes.jpg","width":661,"height":673,"caption":"Federaci\u00f3n de Sindicatos de Trabajadores Municipales de la Provincia de Santa Fe"},"image":{"@id":"https:\/\/municipales.org.ar\/festram\/#\/schema\/logo\/image\/"},"sameAs":["https:\/\/www.facebook.com\/MunicipalesSF","https:\/\/x.com\/MunicipalesSF","https:\/\/www.youtube.com\/user\/festram"]},{"@type":"Person","@id":"https:\/\/municipales.org.ar\/festram\/#\/schema\/person\/49096a774c48ce9063df4d59ec059f9e","name":"mun_admin"}]}},"jetpack_publicize_connections":[],"jetpack_featured_media_url":"https:\/\/municipales.org.ar\/festram\/wp-content\/uploads\/2014\/02\/soja.jpg","jetpack_sharing_enabled":true,"jetpack_likes_enabled":false,"jetpack_shortlink":"https:\/\/wp.me\/p7l4x1-2bc","_links":{"self":[{"href":"https:\/\/municipales.org.ar\/festram\/wp-json\/wp\/v2\/posts\/8382","targetHints":{"allow":["GET"]}}],"collection":[{"href":"https:\/\/municipales.org.ar\/festram\/wp-json\/wp\/v2\/posts"}],"about":[{"href":"https:\/\/municipales.org.ar\/festram\/wp-json\/wp\/v2\/types\/post"}],"author":[{"embeddable":true,"href":"https:\/\/municipales.org.ar\/festram\/wp-json\/wp\/v2\/users\/1"}],"replies":[{"embeddable":true,"href":"https:\/\/municipales.org.ar\/festram\/wp-json\/wp\/v2\/comments?post=8382"}],"version-history":[{"count":3,"href":"https:\/\/municipales.org.ar\/festram\/wp-json\/wp\/v2\/posts\/8382\/revisions"}],"predecessor-version":[{"id":9521,"href":"https:\/\/municipales.org.ar\/festram\/wp-json\/wp\/v2\/posts\/8382\/revisions\/9521"}],"wp:featuredmedia":[{"embeddable":true,"href":"https:\/\/municipales.org.ar\/festram\/wp-json\/wp\/v2\/media\/9519"}],"wp:attachment":[{"href":"https:\/\/municipales.org.ar\/festram\/wp-json\/wp\/v2\/media?parent=8382"}],"wp:term":[{"taxonomy":"category","embeddable":true,"href":"https:\/\/municipales.org.ar\/festram\/wp-json\/wp\/v2\/categories?post=8382"},{"taxonomy":"post_tag","embeddable":true,"href":"https:\/\/municipales.org.ar\/festram\/wp-json\/wp\/v2\/tags?post=8382"}],"curies":[{"name":"wp","href":"https:\/\/api.w.org\/{rel}","templated":true}]}}