{"id":8425,"date":"2014-03-07T12:42:10","date_gmt":"2014-03-07T15:42:10","guid":{"rendered":"http:\/\/municipales.org.ar\/festram\/?p=8425"},"modified":"2014-06-30T12:39:33","modified_gmt":"2014-06-30T15:39:33","slug":"rosario-desde-hace-diez-anos-las-mujeres-ganan-espacio-en-la-administracion-municipal","status":"publish","type":"post","link":"https:\/\/municipales.org.ar\/festram\/rosario-desde-hace-diez-anos-las-mujeres-ganan-espacio-en-la-administracion-municipal\/","title":{"rendered":"Rosario: Desde hace diez a\u00f1os las mujeres ganan espacio en la administraci\u00f3n municipal"},"content":{"rendered":"<h5><strong>Actualmente representan el 53 por ciento de la planta, revirtiendo la mayor\u00eda que en 2004 ostentaban los empleados varones.<\/strong><\/h5>\n<p>&nbsp;<\/p>\n<p>En la \u00faltima d\u00e9cada, la Municipalidad no s\u00f3lo sum\u00f3 la presencia de m\u00e1s de 1.700 mujeres en la planta de la administraci\u00f3n central, sino que incluso pudo revertir la proporci\u00f3n que ten\u00eda a los hombres como mayor\u00eda. As\u00ed, mientras que el diciembre de 2004 los varones eran el 53 por ciento del personal de la administraci\u00f3n y las mujeres el 47 por ciento restante, en abril de 2013 fueron las empleadas las que superaron el 50 por ciento en la proporci\u00f3n del total de empleados.<\/p>\n<p>Las mayores variaciones no se dieron en los cargos superiores y si bien las mujeres contin\u00faan teniendo mayor incidencia en \u00e1reas como Promoci\u00f3n Social, Salud, Cultura y Educaci\u00f3n, tambi\u00e9n \u201chan hecho carrera en espacios m\u00e1s t\u00e9cnicos como Hacienda y Econom\u00eda y Servicios P\u00fablicos\u201d, explic\u00f3 la directora del Instituto de la Mujer, Andrea Trava\u00edni.<\/p>\n<p>El estudio fue realizado por la Secretar\u00eda de Hacienda del municipio. Se llev\u00f3 adelante sobre el presupuesto municipal y analiza la situaci\u00f3n de la planta p\u00fablica de la ciudad, incluyendo desde las autoridades superiores y el personal jerarquizado hasta los agentes no escalafonados, aunque sin tener en cuenta al personal del Concejo Municipal ni del Tribunal de Cuentas. El informe forma parte del primer n\u00famero de la nueva revista \u201cAndariegas\u201d, que el Instituto de la Mujer presentar\u00e1 el viernes pr\u00f3ximo (ver aparte).<\/p>\n<h2>En perspectiva<\/h2>\n<p>Las pol\u00edticas de equidad no son nuevas en la ciudad. \u201cEs una l\u00ednea de trabajo que el municipio mantiene desde hace tiempo, e incluso hace dos a\u00f1os que el presupuesto que presenta el Ejecutivo y que aprueba el Concejo tiene lo que se llama perspectiva de g\u00e9nero, lo que muestra el compromiso del municipio en sumar recursos para avanzar en pol\u00edticas de igualdad\u201d, detall\u00f3 la responsable del instituto.<\/p>\n<p>Pero el estudio no aborda el presupuesto destinado al desarrollo de pol\u00edticas de g\u00e9nero hacia la poblaci\u00f3n, sino que se enfoca en la composici\u00f3n de la planta municipal y analiza la progresi\u00f3n en la \u00faltima d\u00e9cada, comparando el detalle de empleados entre diciembre de 2004 y abril de 2013.<\/p>\n<p>Los cortes muestran que en 2004 eran 4.270 las empleadas mujeres, un 47 por ciento del total, con apenas 9 de ellas como autoridades superiores y 490 como personal jer\u00e1rquico. En tanto los varones sumaban 4.818, un 53 por ciento del total, con 15 de ellos como autoridades y m\u00e1s de 650 como jer\u00e1rquicos.<\/p>\n<p>Diez a\u00f1os m\u00e1s tarde, con el ingreso de 1.708 mujeres, la proporci\u00f3n total se invirti\u00f3 y pasaron a representar el 53 por ciento del total. Y m\u00e1s a\u00fan, pasaron a ocupar 13 de los cargos como autoridades superiores y 160 forman parte del personal jerarquizado de la administraci\u00f3n central; aunque fue entre las profesionales de la sanidad donde las mujeres casi duplicaron su n\u00famero, pasando de 630 a 1.219.<\/p>\n<p>Si bien el informe tambi\u00e9n muestra que el costo laboral es superior en el caso de los empleados varones, tambi\u00e9n se aclara que \u201cen el municipio se recibe igual salario por igual categor\u00eda\u201d y se\u00f1ala que las diferencias salariales pueden darse \u201cen cuanto a antig\u00fcedad, adicionales, extensiones horarias o salarios familiares\u201d.<\/p>\n<h2>Funciones<\/h2>\n<p>Para la directora del Instituto de la Mujer, \u201cno hay dudas de que las mujeres han logrado avanzar como autoridades superiores o en cargos jer\u00e1rquicos. Eso tiene que ver en parte con que desde hace dos a\u00f1os la intendenta M\u00f3nica Fein ha dado lugar a las mujeres en su gabinete y actualmente ocupan espacios estrat\u00e9gicos como las secretar\u00edas de Hacienda, Producci\u00f3n y Servicios P\u00fablicos, pero tambi\u00e9n se viene avanzando en t\u00e9rminos generales desde 2004 m\u00e1s all\u00e1 de esta particularidad de los \u00faltimos a\u00f1os\u201d.<\/p>\n<p>Es m\u00e1s, si bien hay funciones donde la incidencia de la mujeres es absolutamente mayoritaria, como auxiliar de promoci\u00f3n social (83 por ciento), personal hospitalario (70 por ciento) y administrativas (56 por ciento), Trava\u00edni hizo hincapi\u00e9 en que \u201chay desde hace 20 a\u00f1os una pol\u00edtica de equidad de g\u00e9nero hacia adentro del municipio, eso tambi\u00e9n permiti\u00f3 que muchas mujeres hagan carrera y hoy ocupen cargos en la administraci\u00f3n que son clave, m\u00e1s all\u00e1 de las designaciones que haga la intendenta\u201d.<\/p>\n<p>La funcionaria asegur\u00f3 que \u201ceso fue lo que permiti\u00f3 acortar la brecha entre varones y mujeres, y que las mujeres con igual capacidad puedan llegar, y eso es el resultado de esa pol\u00edtica sostenida en el largo plazo\u201d.<\/p>\n<p>Y m\u00e1s a\u00fan, destac\u00f3 tambi\u00e9n el aporte que el Sindicato de Empleados Municipales hace en ese sentido y record\u00f3 que el gremio \u201ctambi\u00e9n cuenta con un Area de la Mujer que trabaja aspectos interesantes y que es importante porque no es un aspecto que todos los sindicatos tomen\u201d.<\/p>\n<h6>Fuente: La Capital de Rosario<\/h6>\n","protected":false},"excerpt":{"rendered":"<p>Actualmente representan el 53 por ciento de la planta, revirtiendo la mayor\u00eda que en 2004 ostentaban los empleados varones.<\/p>\n","protected":false},"author":1,"featured_media":9535,"comment_status":"closed","ping_status":"closed","sticky":false,"template":"","format":"standard","meta":{"_jetpack_memberships_contains_paid_content":false,"footnotes":"","jetpack_publicize_message":"","jetpack_publicize_feature_enabled":true,"jetpack_social_post_already_shared":false,"jetpack_social_options":{"image_generator_settings":{"template":"highway","default_image_id":0,"font":"","enabled":false},"version":2}},"categories":[50],"tags":[87],"class_list":["post-8425","post","type-post","status-publish","format-standard","has-post-thumbnail","hentry","category-genero","tag-genero-2"],"yoast_head":"<!-- This site is optimized with the Yoast SEO plugin v25.9 - https:\/\/yoast.com\/wordpress\/plugins\/seo\/ -->\n<title>Rosario: Desde hace diez a\u00f1os las mujeres ganan espacio en la administraci\u00f3n municipal &#8211; FESTRAM<\/title>\n<meta name=\"description\" content=\"Actualmente representan el 53 por ciento de la planta, revirtiendo la mayor\u00eda que en 2004 ostentaban los empleados varones.\" \/>\n<meta name=\"robots\" content=\"index, follow, max-snippet:-1, max-image-preview:large, max-video-preview:-1\" \/>\n<link rel=\"canonical\" href=\"https:\/\/municipales.org.ar\/festram\/rosario-desde-hace-diez-anos-las-mujeres-ganan-espacio-en-la-administracion-municipal\/\" \/>\n<meta property=\"og:locale\" content=\"es_ES\" \/>\n<meta property=\"og:type\" content=\"article\" \/>\n<meta property=\"og:title\" content=\"Rosario: Desde hace diez a\u00f1os las mujeres ganan espacio en la administraci\u00f3n municipal &#8211; FESTRAM\" \/>\n<meta property=\"og:description\" content=\"Actualmente representan el 53 por ciento de la planta, revirtiendo la mayor\u00eda que en 2004 ostentaban los empleados varones.\" \/>\n<meta property=\"og:url\" content=\"https:\/\/municipales.org.ar\/festram\/rosario-desde-hace-diez-anos-las-mujeres-ganan-espacio-en-la-administracion-municipal\/\" \/>\n<meta property=\"og:site_name\" content=\"FESTRAM\" \/>\n<meta property=\"article:publisher\" content=\"https:\/\/www.facebook.com\/MunicipalesSF\" \/>\n<meta property=\"article:published_time\" content=\"2014-03-07T15:42:10+00:00\" \/>\n<meta property=\"article:modified_time\" content=\"2014-06-30T15:39:33+00:00\" \/>\n<meta property=\"og:image\" content=\"https:\/\/municipales.org.ar\/festram\/wp-content\/uploads\/2014\/03\/02a.jpg\" \/>\n\t<meta property=\"og:image:width\" content=\"332\" \/>\n\t<meta property=\"og:image:height\" content=\"167\" \/>\n\t<meta property=\"og:image:type\" content=\"image\/jpeg\" \/>\n<meta name=\"author\" content=\"mun_admin\" \/>\n<meta name=\"twitter:card\" content=\"summary_large_image\" \/>\n<meta name=\"twitter:creator\" content=\"@MunicipalesSF\" \/>\n<meta name=\"twitter:site\" content=\"@MunicipalesSF\" \/>\n<meta name=\"twitter:label1\" content=\"Escrito por\" \/>\n\t<meta name=\"twitter:data1\" content=\"mun_admin\" \/>\n\t<meta name=\"twitter:label2\" content=\"Tiempo de lectura\" \/>\n\t<meta name=\"twitter:data2\" content=\"4 minutos\" \/>\n<script type=\"application\/ld+json\" class=\"yoast-schema-graph\">{\"@context\":\"https:\/\/schema.org\",\"@graph\":[{\"@type\":\"Article\",\"@id\":\"https:\/\/municipales.org.ar\/festram\/rosario-desde-hace-diez-anos-las-mujeres-ganan-espacio-en-la-administracion-municipal\/#article\",\"isPartOf\":{\"@id\":\"https:\/\/municipales.org.ar\/festram\/rosario-desde-hace-diez-anos-las-mujeres-ganan-espacio-en-la-administracion-municipal\/\"},\"author\":{\"name\":\"mun_admin\",\"@id\":\"https:\/\/municipales.org.ar\/festram\/#\/schema\/person\/49096a774c48ce9063df4d59ec059f9e\"},\"headline\":\"Rosario: Desde hace diez a\u00f1os las mujeres ganan espacio en la administraci\u00f3n municipal\",\"datePublished\":\"2014-03-07T15:42:10+00:00\",\"dateModified\":\"2014-06-30T15:39:33+00:00\",\"mainEntityOfPage\":{\"@id\":\"https:\/\/municipales.org.ar\/festram\/rosario-desde-hace-diez-anos-las-mujeres-ganan-espacio-en-la-administracion-municipal\/\"},\"wordCount\":848,\"publisher\":{\"@id\":\"https:\/\/municipales.org.ar\/festram\/#organization\"},\"image\":{\"@id\":\"https:\/\/municipales.org.ar\/festram\/rosario-desde-hace-diez-anos-las-mujeres-ganan-espacio-en-la-administracion-municipal\/#primaryimage\"},\"thumbnailUrl\":\"https:\/\/municipales.org.ar\/festram\/wp-content\/uploads\/2014\/03\/02a.jpg\",\"keywords\":[\"g\u00e9nero\"],\"articleSection\":[\"G\u00e9nero\"],\"inLanguage\":\"es\"},{\"@type\":\"WebPage\",\"@id\":\"https:\/\/municipales.org.ar\/festram\/rosario-desde-hace-diez-anos-las-mujeres-ganan-espacio-en-la-administracion-municipal\/\",\"url\":\"https:\/\/municipales.org.ar\/festram\/rosario-desde-hace-diez-anos-las-mujeres-ganan-espacio-en-la-administracion-municipal\/\",\"name\":\"Rosario: Desde hace diez a\u00f1os las mujeres ganan espacio en la administraci\u00f3n municipal &#8211; FESTRAM\",\"isPartOf\":{\"@id\":\"https:\/\/municipales.org.ar\/festram\/#website\"},\"primaryImageOfPage\":{\"@id\":\"https:\/\/municipales.org.ar\/festram\/rosario-desde-hace-diez-anos-las-mujeres-ganan-espacio-en-la-administracion-municipal\/#primaryimage\"},\"image\":{\"@id\":\"https:\/\/municipales.org.ar\/festram\/rosario-desde-hace-diez-anos-las-mujeres-ganan-espacio-en-la-administracion-municipal\/#primaryimage\"},\"thumbnailUrl\":\"https:\/\/municipales.org.ar\/festram\/wp-content\/uploads\/2014\/03\/02a.jpg\",\"datePublished\":\"2014-03-07T15:42:10+00:00\",\"dateModified\":\"2014-06-30T15:39:33+00:00\",\"description\":\"Actualmente representan el 53 por ciento de la planta, revirtiendo la mayor\u00eda que en 2004 ostentaban los empleados varones.\",\"breadcrumb\":{\"@id\":\"https:\/\/municipales.org.ar\/festram\/rosario-desde-hace-diez-anos-las-mujeres-ganan-espacio-en-la-administracion-municipal\/#breadcrumb\"},\"inLanguage\":\"es\",\"potentialAction\":[{\"@type\":\"ReadAction\",\"target\":[\"https:\/\/municipales.org.ar\/festram\/rosario-desde-hace-diez-anos-las-mujeres-ganan-espacio-en-la-administracion-municipal\/\"]}]},{\"@type\":\"ImageObject\",\"inLanguage\":\"es\",\"@id\":\"https:\/\/municipales.org.ar\/festram\/rosario-desde-hace-diez-anos-las-mujeres-ganan-espacio-en-la-administracion-municipal\/#primaryimage\",\"url\":\"https:\/\/municipales.org.ar\/festram\/wp-content\/uploads\/2014\/03\/02a.jpg\",\"contentUrl\":\"https:\/\/municipales.org.ar\/festram\/wp-content\/uploads\/2014\/03\/02a.jpg\",\"width\":332,\"height\":167},{\"@type\":\"BreadcrumbList\",\"@id\":\"https:\/\/municipales.org.ar\/festram\/rosario-desde-hace-diez-anos-las-mujeres-ganan-espacio-en-la-administracion-municipal\/#breadcrumb\",\"itemListElement\":[{\"@type\":\"ListItem\",\"position\":1,\"name\":\"Portada\",\"item\":\"https:\/\/municipales.org.ar\/festram\/\"},{\"@type\":\"ListItem\",\"position\":2,\"name\":\"Rosario: Desde hace diez a\u00f1os las mujeres ganan espacio en la administraci\u00f3n municipal\"}]},{\"@type\":\"WebSite\",\"@id\":\"https:\/\/municipales.org.ar\/festram\/#website\",\"url\":\"https:\/\/municipales.org.ar\/festram\/\",\"name\":\"FESTRAM\",\"description\":\"La web de los trabajadores municipales\",\"publisher\":{\"@id\":\"https:\/\/municipales.org.ar\/festram\/#organization\"},\"potentialAction\":[{\"@type\":\"SearchAction\",\"target\":{\"@type\":\"EntryPoint\",\"urlTemplate\":\"https:\/\/municipales.org.ar\/festram\/?s={search_term_string}\"},\"query-input\":{\"@type\":\"PropertyValueSpecification\",\"valueRequired\":true,\"valueName\":\"search_term_string\"}}],\"inLanguage\":\"es\"},{\"@type\":\"Organization\",\"@id\":\"https:\/\/municipales.org.ar\/festram\/#organization\",\"name\":\"Federaci\u00f3n de Sindicatos de Trabajadores Municipales de la Provincia de Santa Fe\",\"url\":\"https:\/\/municipales.org.ar\/festram\/\",\"logo\":{\"@type\":\"ImageObject\",\"inLanguage\":\"es\",\"@id\":\"https:\/\/municipales.org.ar\/festram\/#\/schema\/logo\/image\/\",\"url\":\"https:\/\/www.municipales.org.ar\/festram\/wp-content\/uploads\/2014\/07\/logo_fes.jpg\",\"contentUrl\":\"https:\/\/www.municipales.org.ar\/festram\/wp-content\/uploads\/2014\/07\/logo_fes.jpg\",\"width\":661,\"height\":673,\"caption\":\"Federaci\u00f3n de Sindicatos de Trabajadores Municipales de la Provincia de Santa Fe\"},\"image\":{\"@id\":\"https:\/\/municipales.org.ar\/festram\/#\/schema\/logo\/image\/\"},\"sameAs\":[\"https:\/\/www.facebook.com\/MunicipalesSF\",\"https:\/\/x.com\/MunicipalesSF\",\"https:\/\/www.youtube.com\/user\/festram\"]},{\"@type\":\"Person\",\"@id\":\"https:\/\/municipales.org.ar\/festram\/#\/schema\/person\/49096a774c48ce9063df4d59ec059f9e\",\"name\":\"mun_admin\"}]}<\/script>\n<!-- \/ Yoast SEO plugin. -->","yoast_head_json":{"title":"Rosario: Desde hace diez a\u00f1os las mujeres ganan espacio en la administraci\u00f3n municipal &#8211; FESTRAM","description":"Actualmente representan el 53 por ciento de la planta, revirtiendo la mayor\u00eda que en 2004 ostentaban los empleados varones.","robots":{"index":"index","follow":"follow","max-snippet":"max-snippet:-1","max-image-preview":"max-image-preview:large","max-video-preview":"max-video-preview:-1"},"canonical":"https:\/\/municipales.org.ar\/festram\/rosario-desde-hace-diez-anos-las-mujeres-ganan-espacio-en-la-administracion-municipal\/","og_locale":"es_ES","og_type":"article","og_title":"Rosario: Desde hace diez a\u00f1os las mujeres ganan espacio en la administraci\u00f3n municipal &#8211; FESTRAM","og_description":"Actualmente representan el 53 por ciento de la planta, revirtiendo la mayor\u00eda que en 2004 ostentaban los empleados varones.","og_url":"https:\/\/municipales.org.ar\/festram\/rosario-desde-hace-diez-anos-las-mujeres-ganan-espacio-en-la-administracion-municipal\/","og_site_name":"FESTRAM","article_publisher":"https:\/\/www.facebook.com\/MunicipalesSF","article_published_time":"2014-03-07T15:42:10+00:00","article_modified_time":"2014-06-30T15:39:33+00:00","og_image":[{"width":332,"height":167,"url":"https:\/\/municipales.org.ar\/festram\/wp-content\/uploads\/2014\/03\/02a.jpg","type":"image\/jpeg"}],"author":"mun_admin","twitter_card":"summary_large_image","twitter_creator":"@MunicipalesSF","twitter_site":"@MunicipalesSF","twitter_misc":{"Escrito por":"mun_admin","Tiempo de lectura":"4 minutos"},"schema":{"@context":"https:\/\/schema.org","@graph":[{"@type":"Article","@id":"https:\/\/municipales.org.ar\/festram\/rosario-desde-hace-diez-anos-las-mujeres-ganan-espacio-en-la-administracion-municipal\/#article","isPartOf":{"@id":"https:\/\/municipales.org.ar\/festram\/rosario-desde-hace-diez-anos-las-mujeres-ganan-espacio-en-la-administracion-municipal\/"},"author":{"name":"mun_admin","@id":"https:\/\/municipales.org.ar\/festram\/#\/schema\/person\/49096a774c48ce9063df4d59ec059f9e"},"headline":"Rosario: Desde hace diez a\u00f1os las mujeres ganan espacio en la administraci\u00f3n municipal","datePublished":"2014-03-07T15:42:10+00:00","dateModified":"2014-06-30T15:39:33+00:00","mainEntityOfPage":{"@id":"https:\/\/municipales.org.ar\/festram\/rosario-desde-hace-diez-anos-las-mujeres-ganan-espacio-en-la-administracion-municipal\/"},"wordCount":848,"publisher":{"@id":"https:\/\/municipales.org.ar\/festram\/#organization"},"image":{"@id":"https:\/\/municipales.org.ar\/festram\/rosario-desde-hace-diez-anos-las-mujeres-ganan-espacio-en-la-administracion-municipal\/#primaryimage"},"thumbnailUrl":"https:\/\/municipales.org.ar\/festram\/wp-content\/uploads\/2014\/03\/02a.jpg","keywords":["g\u00e9nero"],"articleSection":["G\u00e9nero"],"inLanguage":"es"},{"@type":"WebPage","@id":"https:\/\/municipales.org.ar\/festram\/rosario-desde-hace-diez-anos-las-mujeres-ganan-espacio-en-la-administracion-municipal\/","url":"https:\/\/municipales.org.ar\/festram\/rosario-desde-hace-diez-anos-las-mujeres-ganan-espacio-en-la-administracion-municipal\/","name":"Rosario: Desde hace diez a\u00f1os las mujeres ganan espacio en la administraci\u00f3n municipal &#8211; FESTRAM","isPartOf":{"@id":"https:\/\/municipales.org.ar\/festram\/#website"},"primaryImageOfPage":{"@id":"https:\/\/municipales.org.ar\/festram\/rosario-desde-hace-diez-anos-las-mujeres-ganan-espacio-en-la-administracion-municipal\/#primaryimage"},"image":{"@id":"https:\/\/municipales.org.ar\/festram\/rosario-desde-hace-diez-anos-las-mujeres-ganan-espacio-en-la-administracion-municipal\/#primaryimage"},"thumbnailUrl":"https:\/\/municipales.org.ar\/festram\/wp-content\/uploads\/2014\/03\/02a.jpg","datePublished":"2014-03-07T15:42:10+00:00","dateModified":"2014-06-30T15:39:33+00:00","description":"Actualmente representan el 53 por ciento de la planta, revirtiendo la mayor\u00eda que en 2004 ostentaban los empleados varones.","breadcrumb":{"@id":"https:\/\/municipales.org.ar\/festram\/rosario-desde-hace-diez-anos-las-mujeres-ganan-espacio-en-la-administracion-municipal\/#breadcrumb"},"inLanguage":"es","potentialAction":[{"@type":"ReadAction","target":["https:\/\/municipales.org.ar\/festram\/rosario-desde-hace-diez-anos-las-mujeres-ganan-espacio-en-la-administracion-municipal\/"]}]},{"@type":"ImageObject","inLanguage":"es","@id":"https:\/\/municipales.org.ar\/festram\/rosario-desde-hace-diez-anos-las-mujeres-ganan-espacio-en-la-administracion-municipal\/#primaryimage","url":"https:\/\/municipales.org.ar\/festram\/wp-content\/uploads\/2014\/03\/02a.jpg","contentUrl":"https:\/\/municipales.org.ar\/festram\/wp-content\/uploads\/2014\/03\/02a.jpg","width":332,"height":167},{"@type":"BreadcrumbList","@id":"https:\/\/municipales.org.ar\/festram\/rosario-desde-hace-diez-anos-las-mujeres-ganan-espacio-en-la-administracion-municipal\/#breadcrumb","itemListElement":[{"@type":"ListItem","position":1,"name":"Portada","item":"https:\/\/municipales.org.ar\/festram\/"},{"@type":"ListItem","position":2,"name":"Rosario: Desde hace diez a\u00f1os las mujeres ganan espacio en la administraci\u00f3n municipal"}]},{"@type":"WebSite","@id":"https:\/\/municipales.org.ar\/festram\/#website","url":"https:\/\/municipales.org.ar\/festram\/","name":"FESTRAM","description":"La web de los trabajadores municipales","publisher":{"@id":"https:\/\/municipales.org.ar\/festram\/#organization"},"potentialAction":[{"@type":"SearchAction","target":{"@type":"EntryPoint","urlTemplate":"https:\/\/municipales.org.ar\/festram\/?s={search_term_string}"},"query-input":{"@type":"PropertyValueSpecification","valueRequired":true,"valueName":"search_term_string"}}],"inLanguage":"es"},{"@type":"Organization","@id":"https:\/\/municipales.org.ar\/festram\/#organization","name":"Federaci\u00f3n de Sindicatos de Trabajadores Municipales de la Provincia de Santa Fe","url":"https:\/\/municipales.org.ar\/festram\/","logo":{"@type":"ImageObject","inLanguage":"es","@id":"https:\/\/municipales.org.ar\/festram\/#\/schema\/logo\/image\/","url":"https:\/\/www.municipales.org.ar\/festram\/wp-content\/uploads\/2014\/07\/logo_fes.jpg","contentUrl":"https:\/\/www.municipales.org.ar\/festram\/wp-content\/uploads\/2014\/07\/logo_fes.jpg","width":661,"height":673,"caption":"Federaci\u00f3n de Sindicatos de Trabajadores Municipales de la Provincia de Santa Fe"},"image":{"@id":"https:\/\/municipales.org.ar\/festram\/#\/schema\/logo\/image\/"},"sameAs":["https:\/\/www.facebook.com\/MunicipalesSF","https:\/\/x.com\/MunicipalesSF","https:\/\/www.youtube.com\/user\/festram"]},{"@type":"Person","@id":"https:\/\/municipales.org.ar\/festram\/#\/schema\/person\/49096a774c48ce9063df4d59ec059f9e","name":"mun_admin"}]}},"jetpack_publicize_connections":[],"jetpack_featured_media_url":"https:\/\/municipales.org.ar\/festram\/wp-content\/uploads\/2014\/03\/02a.jpg","jetpack_sharing_enabled":true,"jetpack_likes_enabled":false,"jetpack_shortlink":"https:\/\/wp.me\/p7l4x1-2bT","_links":{"self":[{"href":"https:\/\/municipales.org.ar\/festram\/wp-json\/wp\/v2\/posts\/8425","targetHints":{"allow":["GET"]}}],"collection":[{"href":"https:\/\/municipales.org.ar\/festram\/wp-json\/wp\/v2\/posts"}],"about":[{"href":"https:\/\/municipales.org.ar\/festram\/wp-json\/wp\/v2\/types\/post"}],"author":[{"embeddable":true,"href":"https:\/\/municipales.org.ar\/festram\/wp-json\/wp\/v2\/users\/1"}],"replies":[{"embeddable":true,"href":"https:\/\/municipales.org.ar\/festram\/wp-json\/wp\/v2\/comments?post=8425"}],"version-history":[{"count":2,"href":"https:\/\/municipales.org.ar\/festram\/wp-json\/wp\/v2\/posts\/8425\/revisions"}],"predecessor-version":[{"id":9536,"href":"https:\/\/municipales.org.ar\/festram\/wp-json\/wp\/v2\/posts\/8425\/revisions\/9536"}],"wp:featuredmedia":[{"embeddable":true,"href":"https:\/\/municipales.org.ar\/festram\/wp-json\/wp\/v2\/media\/9535"}],"wp:attachment":[{"href":"https:\/\/municipales.org.ar\/festram\/wp-json\/wp\/v2\/media?parent=8425"}],"wp:term":[{"taxonomy":"category","embeddable":true,"href":"https:\/\/municipales.org.ar\/festram\/wp-json\/wp\/v2\/categories?post=8425"},{"taxonomy":"post_tag","embeddable":true,"href":"https:\/\/municipales.org.ar\/festram\/wp-json\/wp\/v2\/tags?post=8425"}],"curies":[{"name":"wp","href":"https:\/\/api.w.org\/{rel}","templated":true}]}}