{"id":8538,"date":"2014-04-25T12:31:41","date_gmt":"2014-04-25T15:31:41","guid":{"rendered":"http:\/\/municipales.org.ar\/festram\/?p=8538"},"modified":"2015-11-06T08:15:00","modified_gmt":"2015-11-06T11:15:00","slug":"municipales-en-estado-de-movilizacion-provincial-por-conflicto-en-la-comuna-de-maria-susana","status":"publish","type":"post","link":"https:\/\/municipales.org.ar\/festram\/municipales-en-estado-de-movilizacion-provincial-por-conflicto-en-la-comuna-de-maria-susana\/","title":{"rendered":"Municipales en estado de movilizaci\u00f3n provincial por conflicto en la Comuna de Mar\u00eda Susana"},"content":{"rendered":"<h5><strong>Los Trabajadores llevan a cabo un paro por tiempo indeterminado por incumplimiento de aumento paritario.<\/strong><\/h5>\n<p>[ot-caption title=\u00bb\u00bb url=\u00bbhttp:\/\/municipales.org.ar\/festram\/wp-content\/uploads\/2014\/04\/maria-susana-paro.jpg\u00bb]<\/p>\n<p>FESTRAM se solidariza con los Trabajadores Comunales de Mar\u00eda Susana, quienes est\u00e1n realizando un paro por tiempo indeterminado desde el d\u00eda martes 22.<\/p>\n<p>El motivo de la medida de fuerza es en respuesta a la negativa del Presidente Comunal, Norberto Antici, de abonar el aumento paritario del 20% correspondiente al mes de marzo.<\/p>\n<p>Luego de sucesivos reclamos del Sindicato Municipal, ATEMyC San Jorge, se llev\u00f3 a cabo el pasado lunes 21 una audiencia de conciliaci\u00f3n en el Ministerio de Trabajo y Seguridad Social de la Provincia, en donde las autoridades comunales ratificaron su decisi\u00f3n de no cumplir con el acuerdo paritario provincial, y por lo tanto no abonar el aumento salarial.<\/p>\n<p>Esta medida arbitraria de las autoridades provoc\u00f3 la reacci\u00f3n de los compa\u00f1eros, quienes en Asamblea respaldaron la decisi\u00f3n del Sindicato de base de realizar paro por tiempo indeterminado, el cual se cumple desde hace varios d\u00edas.<\/p>\n<p>El pr\u00f3ximo lunes 28 habr\u00e1 una nueva audiencia convocada por el Ministerio de Trabajo de la Provincia. En caso que las autoridades Comunales de Mar\u00eda Susana se nieguen a abonar el aumento paritario, a partir del d\u00eda martes 29 se profundizar\u00e1n las medidas de fuerza, que incluyen una movilizaci\u00f3n a esa localidad y que contar\u00e1 con la participaci\u00f3n de todos los Sindicatos Municipales de la regi\u00f3n.<\/p>\n<p>FESTRAM advierte que no permitir\u00e1 que en ning\u00fan lugar de la Provincia se deje de cumplir con el pago de aumentos fijados en las actas paritarias, dado que configura un incumplimiento y violaci\u00f3n a la ley Provincial 9.996.<\/p>\n<p>Por \u00faltimo la Federaci\u00f3n hace un llamamiento para que las autoridades Comunales, el d\u00eda lunes 28, reflexionen y determinen el pago de lo adeudado, para evitar situaciones de alteraci\u00f3n de la paz social, que tendr\u00e1 como \u00fanicos responsables a las Autoridades Comunales de esa localidad.<\/p>\n<p>&nbsp;<\/p>\n<pre>Felipe Baptista\r\nSecretario de Actas y Administraci\u00f3n<\/pre>\n","protected":false},"excerpt":{"rendered":"<p>Los Trabajadores llevan a cabo un paro por tiempo indeterminado por incumplimiento de aumento paritario.<\/p>\n","protected":false},"author":1,"featured_media":9618,"comment_status":"closed","ping_status":"closed","sticky":false,"template":"","format":"standard","meta":{"_jetpack_memberships_contains_paid_content":false,"footnotes":"","jetpack_publicize_message":"","jetpack_publicize_feature_enabled":true,"jetpack_social_post_already_shared":false,"jetpack_social_options":{"image_generator_settings":{"template":"highway","default_image_id":0,"font":"","enabled":false},"version":2}},"categories":[115,57],"tags":[71,67],"class_list":["post-8538","post","type-post","status-publish","format-standard","has-post-thumbnail","hentry","category-comunicados-2014","category-sindicatos-noticias","tag-medidas-de-fuerza","tag-sindicatos-afiliados"],"yoast_head":"<!-- This site is optimized with the Yoast SEO plugin v25.9 - https:\/\/yoast.com\/wordpress\/plugins\/seo\/ -->\n<title>Municipales en estado de movilizaci\u00f3n provincial por conflicto en la Comuna de Mar\u00eda Susana &#8211; FESTRAM<\/title>\n<meta name=\"description\" content=\"Los Trabajadores llevan a cabo un paro por tiempo indeterminado por incumplimiento de aumento paritario.\" \/>\n<meta name=\"robots\" content=\"index, follow, max-snippet:-1, max-image-preview:large, max-video-preview:-1\" \/>\n<link rel=\"canonical\" href=\"https:\/\/municipales.org.ar\/festram\/municipales-en-estado-de-movilizacion-provincial-por-conflicto-en-la-comuna-de-maria-susana\/\" \/>\n<meta property=\"og:locale\" content=\"es_ES\" \/>\n<meta property=\"og:type\" content=\"article\" \/>\n<meta property=\"og:title\" content=\"Municipales en estado de movilizaci\u00f3n provincial por conflicto en la Comuna de Mar\u00eda Susana &#8211; FESTRAM\" \/>\n<meta property=\"og:description\" content=\"Los Trabajadores llevan a cabo un paro por tiempo indeterminado por incumplimiento de aumento paritario.\" \/>\n<meta property=\"og:url\" content=\"https:\/\/municipales.org.ar\/festram\/municipales-en-estado-de-movilizacion-provincial-por-conflicto-en-la-comuna-de-maria-susana\/\" \/>\n<meta property=\"og:site_name\" content=\"FESTRAM\" \/>\n<meta property=\"article:publisher\" content=\"https:\/\/www.facebook.com\/MunicipalesSF\" \/>\n<meta property=\"article:published_time\" content=\"2014-04-25T15:31:41+00:00\" \/>\n<meta property=\"article:modified_time\" content=\"2015-11-06T11:15:00+00:00\" \/>\n<meta property=\"og:image\" content=\"https:\/\/municipales.org.ar\/festram\/wp-content\/uploads\/2014\/04\/maria-susana-paro.jpg\" \/>\n\t<meta property=\"og:image:width\" content=\"2000\" \/>\n\t<meta property=\"og:image:height\" content=\"1188\" \/>\n\t<meta property=\"og:image:type\" content=\"image\/jpeg\" \/>\n<meta name=\"author\" content=\"mun_admin\" \/>\n<meta name=\"twitter:card\" content=\"summary_large_image\" \/>\n<meta name=\"twitter:creator\" content=\"@MunicipalesSF\" \/>\n<meta name=\"twitter:site\" content=\"@MunicipalesSF\" \/>\n<meta name=\"twitter:label1\" content=\"Escrito por\" \/>\n\t<meta name=\"twitter:data1\" content=\"mun_admin\" \/>\n\t<meta name=\"twitter:label2\" content=\"Tiempo de lectura\" \/>\n\t<meta name=\"twitter:data2\" content=\"2 minutos\" \/>\n<script type=\"application\/ld+json\" class=\"yoast-schema-graph\">{\"@context\":\"https:\/\/schema.org\",\"@graph\":[{\"@type\":\"Article\",\"@id\":\"https:\/\/municipales.org.ar\/festram\/municipales-en-estado-de-movilizacion-provincial-por-conflicto-en-la-comuna-de-maria-susana\/#article\",\"isPartOf\":{\"@id\":\"https:\/\/municipales.org.ar\/festram\/municipales-en-estado-de-movilizacion-provincial-por-conflicto-en-la-comuna-de-maria-susana\/\"},\"author\":{\"name\":\"mun_admin\",\"@id\":\"https:\/\/municipales.org.ar\/festram\/#\/schema\/person\/49096a774c48ce9063df4d59ec059f9e\"},\"headline\":\"Municipales en estado de movilizaci\u00f3n provincial por conflicto en la Comuna de Mar\u00eda Susana\",\"datePublished\":\"2014-04-25T15:31:41+00:00\",\"dateModified\":\"2015-11-06T11:15:00+00:00\",\"mainEntityOfPage\":{\"@id\":\"https:\/\/municipales.org.ar\/festram\/municipales-en-estado-de-movilizacion-provincial-por-conflicto-en-la-comuna-de-maria-susana\/\"},\"wordCount\":354,\"publisher\":{\"@id\":\"https:\/\/municipales.org.ar\/festram\/#organization\"},\"image\":{\"@id\":\"https:\/\/municipales.org.ar\/festram\/municipales-en-estado-de-movilizacion-provincial-por-conflicto-en-la-comuna-de-maria-susana\/#primaryimage\"},\"thumbnailUrl\":\"https:\/\/municipales.org.ar\/festram\/wp-content\/uploads\/2014\/04\/maria-susana-paro.jpg\",\"keywords\":[\"medidas de fuerza\",\"sindicatos afiliados\"],\"articleSection\":[\"Comunicados 2014\",\"Sindicatos Noticias\"],\"inLanguage\":\"es\"},{\"@type\":\"WebPage\",\"@id\":\"https:\/\/municipales.org.ar\/festram\/municipales-en-estado-de-movilizacion-provincial-por-conflicto-en-la-comuna-de-maria-susana\/\",\"url\":\"https:\/\/municipales.org.ar\/festram\/municipales-en-estado-de-movilizacion-provincial-por-conflicto-en-la-comuna-de-maria-susana\/\",\"name\":\"Municipales en estado de movilizaci\u00f3n provincial por conflicto en la Comuna de Mar\u00eda Susana &#8211; FESTRAM\",\"isPartOf\":{\"@id\":\"https:\/\/municipales.org.ar\/festram\/#website\"},\"primaryImageOfPage\":{\"@id\":\"https:\/\/municipales.org.ar\/festram\/municipales-en-estado-de-movilizacion-provincial-por-conflicto-en-la-comuna-de-maria-susana\/#primaryimage\"},\"image\":{\"@id\":\"https:\/\/municipales.org.ar\/festram\/municipales-en-estado-de-movilizacion-provincial-por-conflicto-en-la-comuna-de-maria-susana\/#primaryimage\"},\"thumbnailUrl\":\"https:\/\/municipales.org.ar\/festram\/wp-content\/uploads\/2014\/04\/maria-susana-paro.jpg\",\"datePublished\":\"2014-04-25T15:31:41+00:00\",\"dateModified\":\"2015-11-06T11:15:00+00:00\",\"description\":\"Los Trabajadores llevan a cabo un paro por tiempo indeterminado por incumplimiento de aumento paritario.\",\"breadcrumb\":{\"@id\":\"https:\/\/municipales.org.ar\/festram\/municipales-en-estado-de-movilizacion-provincial-por-conflicto-en-la-comuna-de-maria-susana\/#breadcrumb\"},\"inLanguage\":\"es\",\"potentialAction\":[{\"@type\":\"ReadAction\",\"target\":[\"https:\/\/municipales.org.ar\/festram\/municipales-en-estado-de-movilizacion-provincial-por-conflicto-en-la-comuna-de-maria-susana\/\"]}]},{\"@type\":\"ImageObject\",\"inLanguage\":\"es\",\"@id\":\"https:\/\/municipales.org.ar\/festram\/municipales-en-estado-de-movilizacion-provincial-por-conflicto-en-la-comuna-de-maria-susana\/#primaryimage\",\"url\":\"https:\/\/municipales.org.ar\/festram\/wp-content\/uploads\/2014\/04\/maria-susana-paro.jpg\",\"contentUrl\":\"https:\/\/municipales.org.ar\/festram\/wp-content\/uploads\/2014\/04\/maria-susana-paro.jpg\",\"width\":2000,\"height\":1188},{\"@type\":\"BreadcrumbList\",\"@id\":\"https:\/\/municipales.org.ar\/festram\/municipales-en-estado-de-movilizacion-provincial-por-conflicto-en-la-comuna-de-maria-susana\/#breadcrumb\",\"itemListElement\":[{\"@type\":\"ListItem\",\"position\":1,\"name\":\"Portada\",\"item\":\"https:\/\/municipales.org.ar\/festram\/\"},{\"@type\":\"ListItem\",\"position\":2,\"name\":\"Municipales en estado de movilizaci\u00f3n provincial por conflicto en la Comuna de Mar\u00eda Susana\"}]},{\"@type\":\"WebSite\",\"@id\":\"https:\/\/municipales.org.ar\/festram\/#website\",\"url\":\"https:\/\/municipales.org.ar\/festram\/\",\"name\":\"FESTRAM\",\"description\":\"La web de los trabajadores municipales\",\"publisher\":{\"@id\":\"https:\/\/municipales.org.ar\/festram\/#organization\"},\"potentialAction\":[{\"@type\":\"SearchAction\",\"target\":{\"@type\":\"EntryPoint\",\"urlTemplate\":\"https:\/\/municipales.org.ar\/festram\/?s={search_term_string}\"},\"query-input\":{\"@type\":\"PropertyValueSpecification\",\"valueRequired\":true,\"valueName\":\"search_term_string\"}}],\"inLanguage\":\"es\"},{\"@type\":\"Organization\",\"@id\":\"https:\/\/municipales.org.ar\/festram\/#organization\",\"name\":\"Federaci\u00f3n de Sindicatos de Trabajadores Municipales de la Provincia de Santa Fe\",\"url\":\"https:\/\/municipales.org.ar\/festram\/\",\"logo\":{\"@type\":\"ImageObject\",\"inLanguage\":\"es\",\"@id\":\"https:\/\/municipales.org.ar\/festram\/#\/schema\/logo\/image\/\",\"url\":\"https:\/\/www.municipales.org.ar\/festram\/wp-content\/uploads\/2014\/07\/logo_fes.jpg\",\"contentUrl\":\"https:\/\/www.municipales.org.ar\/festram\/wp-content\/uploads\/2014\/07\/logo_fes.jpg\",\"width\":661,\"height\":673,\"caption\":\"Federaci\u00f3n de Sindicatos de Trabajadores Municipales de la Provincia de Santa Fe\"},\"image\":{\"@id\":\"https:\/\/municipales.org.ar\/festram\/#\/schema\/logo\/image\/\"},\"sameAs\":[\"https:\/\/www.facebook.com\/MunicipalesSF\",\"https:\/\/x.com\/MunicipalesSF\",\"https:\/\/www.youtube.com\/user\/festram\"]},{\"@type\":\"Person\",\"@id\":\"https:\/\/municipales.org.ar\/festram\/#\/schema\/person\/49096a774c48ce9063df4d59ec059f9e\",\"name\":\"mun_admin\"}]}<\/script>\n<!-- \/ Yoast SEO plugin. -->","yoast_head_json":{"title":"Municipales en estado de movilizaci\u00f3n provincial por conflicto en la Comuna de Mar\u00eda Susana &#8211; FESTRAM","description":"Los Trabajadores llevan a cabo un paro por tiempo indeterminado por incumplimiento de aumento paritario.","robots":{"index":"index","follow":"follow","max-snippet":"max-snippet:-1","max-image-preview":"max-image-preview:large","max-video-preview":"max-video-preview:-1"},"canonical":"https:\/\/municipales.org.ar\/festram\/municipales-en-estado-de-movilizacion-provincial-por-conflicto-en-la-comuna-de-maria-susana\/","og_locale":"es_ES","og_type":"article","og_title":"Municipales en estado de movilizaci\u00f3n provincial por conflicto en la Comuna de Mar\u00eda Susana &#8211; FESTRAM","og_description":"Los Trabajadores llevan a cabo un paro por tiempo indeterminado por incumplimiento de aumento paritario.","og_url":"https:\/\/municipales.org.ar\/festram\/municipales-en-estado-de-movilizacion-provincial-por-conflicto-en-la-comuna-de-maria-susana\/","og_site_name":"FESTRAM","article_publisher":"https:\/\/www.facebook.com\/MunicipalesSF","article_published_time":"2014-04-25T15:31:41+00:00","article_modified_time":"2015-11-06T11:15:00+00:00","og_image":[{"width":2000,"height":1188,"url":"https:\/\/municipales.org.ar\/festram\/wp-content\/uploads\/2014\/04\/maria-susana-paro.jpg","type":"image\/jpeg"}],"author":"mun_admin","twitter_card":"summary_large_image","twitter_creator":"@MunicipalesSF","twitter_site":"@MunicipalesSF","twitter_misc":{"Escrito por":"mun_admin","Tiempo de lectura":"2 minutos"},"schema":{"@context":"https:\/\/schema.org","@graph":[{"@type":"Article","@id":"https:\/\/municipales.org.ar\/festram\/municipales-en-estado-de-movilizacion-provincial-por-conflicto-en-la-comuna-de-maria-susana\/#article","isPartOf":{"@id":"https:\/\/municipales.org.ar\/festram\/municipales-en-estado-de-movilizacion-provincial-por-conflicto-en-la-comuna-de-maria-susana\/"},"author":{"name":"mun_admin","@id":"https:\/\/municipales.org.ar\/festram\/#\/schema\/person\/49096a774c48ce9063df4d59ec059f9e"},"headline":"Municipales en estado de movilizaci\u00f3n provincial por conflicto en la Comuna de Mar\u00eda Susana","datePublished":"2014-04-25T15:31:41+00:00","dateModified":"2015-11-06T11:15:00+00:00","mainEntityOfPage":{"@id":"https:\/\/municipales.org.ar\/festram\/municipales-en-estado-de-movilizacion-provincial-por-conflicto-en-la-comuna-de-maria-susana\/"},"wordCount":354,"publisher":{"@id":"https:\/\/municipales.org.ar\/festram\/#organization"},"image":{"@id":"https:\/\/municipales.org.ar\/festram\/municipales-en-estado-de-movilizacion-provincial-por-conflicto-en-la-comuna-de-maria-susana\/#primaryimage"},"thumbnailUrl":"https:\/\/municipales.org.ar\/festram\/wp-content\/uploads\/2014\/04\/maria-susana-paro.jpg","keywords":["medidas de fuerza","sindicatos afiliados"],"articleSection":["Comunicados 2014","Sindicatos Noticias"],"inLanguage":"es"},{"@type":"WebPage","@id":"https:\/\/municipales.org.ar\/festram\/municipales-en-estado-de-movilizacion-provincial-por-conflicto-en-la-comuna-de-maria-susana\/","url":"https:\/\/municipales.org.ar\/festram\/municipales-en-estado-de-movilizacion-provincial-por-conflicto-en-la-comuna-de-maria-susana\/","name":"Municipales en estado de movilizaci\u00f3n provincial por conflicto en la Comuna de Mar\u00eda Susana &#8211; FESTRAM","isPartOf":{"@id":"https:\/\/municipales.org.ar\/festram\/#website"},"primaryImageOfPage":{"@id":"https:\/\/municipales.org.ar\/festram\/municipales-en-estado-de-movilizacion-provincial-por-conflicto-en-la-comuna-de-maria-susana\/#primaryimage"},"image":{"@id":"https:\/\/municipales.org.ar\/festram\/municipales-en-estado-de-movilizacion-provincial-por-conflicto-en-la-comuna-de-maria-susana\/#primaryimage"},"thumbnailUrl":"https:\/\/municipales.org.ar\/festram\/wp-content\/uploads\/2014\/04\/maria-susana-paro.jpg","datePublished":"2014-04-25T15:31:41+00:00","dateModified":"2015-11-06T11:15:00+00:00","description":"Los Trabajadores llevan a cabo un paro por tiempo indeterminado por incumplimiento de aumento paritario.","breadcrumb":{"@id":"https:\/\/municipales.org.ar\/festram\/municipales-en-estado-de-movilizacion-provincial-por-conflicto-en-la-comuna-de-maria-susana\/#breadcrumb"},"inLanguage":"es","potentialAction":[{"@type":"ReadAction","target":["https:\/\/municipales.org.ar\/festram\/municipales-en-estado-de-movilizacion-provincial-por-conflicto-en-la-comuna-de-maria-susana\/"]}]},{"@type":"ImageObject","inLanguage":"es","@id":"https:\/\/municipales.org.ar\/festram\/municipales-en-estado-de-movilizacion-provincial-por-conflicto-en-la-comuna-de-maria-susana\/#primaryimage","url":"https:\/\/municipales.org.ar\/festram\/wp-content\/uploads\/2014\/04\/maria-susana-paro.jpg","contentUrl":"https:\/\/municipales.org.ar\/festram\/wp-content\/uploads\/2014\/04\/maria-susana-paro.jpg","width":2000,"height":1188},{"@type":"BreadcrumbList","@id":"https:\/\/municipales.org.ar\/festram\/municipales-en-estado-de-movilizacion-provincial-por-conflicto-en-la-comuna-de-maria-susana\/#breadcrumb","itemListElement":[{"@type":"ListItem","position":1,"name":"Portada","item":"https:\/\/municipales.org.ar\/festram\/"},{"@type":"ListItem","position":2,"name":"Municipales en estado de movilizaci\u00f3n provincial por conflicto en la Comuna de Mar\u00eda Susana"}]},{"@type":"WebSite","@id":"https:\/\/municipales.org.ar\/festram\/#website","url":"https:\/\/municipales.org.ar\/festram\/","name":"FESTRAM","description":"La web de los trabajadores municipales","publisher":{"@id":"https:\/\/municipales.org.ar\/festram\/#organization"},"potentialAction":[{"@type":"SearchAction","target":{"@type":"EntryPoint","urlTemplate":"https:\/\/municipales.org.ar\/festram\/?s={search_term_string}"},"query-input":{"@type":"PropertyValueSpecification","valueRequired":true,"valueName":"search_term_string"}}],"inLanguage":"es"},{"@type":"Organization","@id":"https:\/\/municipales.org.ar\/festram\/#organization","name":"Federaci\u00f3n de Sindicatos de Trabajadores Municipales de la Provincia de Santa Fe","url":"https:\/\/municipales.org.ar\/festram\/","logo":{"@type":"ImageObject","inLanguage":"es","@id":"https:\/\/municipales.org.ar\/festram\/#\/schema\/logo\/image\/","url":"https:\/\/www.municipales.org.ar\/festram\/wp-content\/uploads\/2014\/07\/logo_fes.jpg","contentUrl":"https:\/\/www.municipales.org.ar\/festram\/wp-content\/uploads\/2014\/07\/logo_fes.jpg","width":661,"height":673,"caption":"Federaci\u00f3n de Sindicatos de Trabajadores Municipales de la Provincia de Santa Fe"},"image":{"@id":"https:\/\/municipales.org.ar\/festram\/#\/schema\/logo\/image\/"},"sameAs":["https:\/\/www.facebook.com\/MunicipalesSF","https:\/\/x.com\/MunicipalesSF","https:\/\/www.youtube.com\/user\/festram"]},{"@type":"Person","@id":"https:\/\/municipales.org.ar\/festram\/#\/schema\/person\/49096a774c48ce9063df4d59ec059f9e","name":"mun_admin"}]}},"jetpack_publicize_connections":[],"jetpack_featured_media_url":"https:\/\/municipales.org.ar\/festram\/wp-content\/uploads\/2014\/04\/maria-susana-paro.jpg","jetpack_sharing_enabled":true,"jetpack_likes_enabled":false,"jetpack_shortlink":"https:\/\/wp.me\/p7l4x1-2dI","_links":{"self":[{"href":"https:\/\/municipales.org.ar\/festram\/wp-json\/wp\/v2\/posts\/8538","targetHints":{"allow":["GET"]}}],"collection":[{"href":"https:\/\/municipales.org.ar\/festram\/wp-json\/wp\/v2\/posts"}],"about":[{"href":"https:\/\/municipales.org.ar\/festram\/wp-json\/wp\/v2\/types\/post"}],"author":[{"embeddable":true,"href":"https:\/\/municipales.org.ar\/festram\/wp-json\/wp\/v2\/users\/1"}],"replies":[{"embeddable":true,"href":"https:\/\/municipales.org.ar\/festram\/wp-json\/wp\/v2\/comments?post=8538"}],"version-history":[{"count":3,"href":"https:\/\/municipales.org.ar\/festram\/wp-json\/wp\/v2\/posts\/8538\/revisions"}],"predecessor-version":[{"id":9619,"href":"https:\/\/municipales.org.ar\/festram\/wp-json\/wp\/v2\/posts\/8538\/revisions\/9619"}],"wp:featuredmedia":[{"embeddable":true,"href":"https:\/\/municipales.org.ar\/festram\/wp-json\/wp\/v2\/media\/9618"}],"wp:attachment":[{"href":"https:\/\/municipales.org.ar\/festram\/wp-json\/wp\/v2\/media?parent=8538"}],"wp:term":[{"taxonomy":"category","embeddable":true,"href":"https:\/\/municipales.org.ar\/festram\/wp-json\/wp\/v2\/categories?post=8538"},{"taxonomy":"post_tag","embeddable":true,"href":"https:\/\/municipales.org.ar\/festram\/wp-json\/wp\/v2\/tags?post=8538"}],"curies":[{"name":"wp","href":"https:\/\/api.w.org\/{rel}","templated":true}]}}