{"id":9031,"date":"2012-11-05T21:32:42","date_gmt":"2012-11-06T00:32:42","guid":{"rendered":"http:\/\/festram.dyndns.org\/festram\/?p=159"},"modified":"2016-03-07T14:43:31","modified_gmt":"2016-03-07T17:43:31","slug":"asignaciones-familiares-se-elevo-reclamo-a-diputados","status":"publish","type":"post","link":"https:\/\/municipales.org.ar\/festram\/asignaciones-familiares-se-elevo-reclamo-a-diputados\/","title":{"rendered":"Asignaciones Familiares: Se elev\u00f3 reclamo a Diputados"},"content":{"rendered":"<h5><strong>FESTRAM pidi\u00f3 la intervenci\u00f3n de la Comisi\u00f3n de Derechos y Garant\u00edas de la C\u00e1mara de Diputados. Denuncian retraso del 87%.<br \/>\n<\/strong><\/h5>\n<h6>COMUNICADO DE PRENSA OFICIAL<\/h6>\n<p>La Federaci\u00f3n de Trabajadores Municipales, elev\u00f3 una nota a la Comisi\u00f3n de Derechos y Garant\u00edas donde a trav\u00e9s de su Presidente Eduardo Toniolli se pide el fin de la discriminaci\u00f3n a los Trabajadores Municipales ante la falta de actualizaci\u00f3n de las asignaciones familiares.<\/p>\n<p>Para ello, la Federaci\u00f3n pone en conocimiento a dicha Comisi\u00f3n que las asignaciones familiares en todas las Municipalidades y Comunas de la Provincia se rigen por la Ley N\u00ba 9.290 con la que el Gobierno Provincial fija por Decreto los valores de las mismas para todos los agentes p\u00fablicos.<\/p>\n<p>[ot-caption title=\u00bb\u00bb url=\u00bbhttp:\/\/municipales.org.ar\/festram\/wp-content\/uploads\/2012\/11\/asignaciones.gif\u00bb]<\/p>\n<p>La Ley establece para la Asignaci\u00f3n por Hijo un valor \u00fanico sin segmentaci\u00f3n por el salario que percibe el trabajador, que en la actualidad es de $ 112.- seg\u00fan el \u00faltimo ajuste del 31\/8\/10 por Decreto N\u00ba 1.595\/10.-<\/p>\n<p>Por tal motivo, y por el deterioro que sufre la asignaci\u00f3n, que <strong>no se actualiza desde hace dos a\u00f1os<\/strong>, y conscientes de que la misma debe producirse con un porcentaje que alcance el valor promedio entre los segmentos en el orden nacional y no igualando el valor del primer segmento de $ 340.-, Festram considera que el ajuste a solicitar al Poder Ejecutivo es del 87,5 % del monto actual.-<\/p>\n<pre>FELIPE BAPTISTA - Secretario de Actas y Administraci\u00f3n<\/pre>\n","protected":false},"excerpt":{"rendered":"<p>FESTRAM pidi\u00f3 la intervenci\u00f3n de la Comisi\u00f3n de Derechos y Garant\u00edas de la C\u00e1mara de Diputados. Denuncian retraso del 87%.<\/p>\n","protected":false},"author":4,"featured_media":9124,"comment_status":"closed","ping_status":"closed","sticky":false,"template":"","format":"standard","meta":{"_jetpack_memberships_contains_paid_content":false,"footnotes":"","jetpack_publicize_message":"","jetpack_publicize_feature_enabled":true,"jetpack_social_post_already_shared":false,"jetpack_social_options":{"image_generator_settings":{"template":"highway","default_image_id":0,"font":"","enabled":false},"version":2}},"categories":[125,59],"tags":[73],"class_list":["post-9031","post","type-post","status-publish","format-standard","has-post-thumbnail","hentry","category-mas-antiguos","category-salarios-y-paritarias","tag-asignaciones-familiares"],"yoast_head":"<!-- This site is optimized with the Yoast SEO plugin v25.9 - https:\/\/yoast.com\/wordpress\/plugins\/seo\/ -->\n<title>Asignaciones Familiares: Se elev\u00f3 reclamo a Diputados &#8211; FESTRAM<\/title>\n<meta name=\"description\" content=\"FESTRAM pidi\u00f3 la intervenci\u00f3n de la Comisi\u00f3n de Derechos y Garant\u00edas de la C\u00e1mara de Diputados. Denuncian retraso del 87%.\" \/>\n<meta name=\"robots\" content=\"index, follow, max-snippet:-1, max-image-preview:large, max-video-preview:-1\" \/>\n<link rel=\"canonical\" href=\"https:\/\/municipales.org.ar\/festram\/asignaciones-familiares-se-elevo-reclamo-a-diputados\/\" \/>\n<meta property=\"og:locale\" content=\"es_ES\" \/>\n<meta property=\"og:type\" content=\"article\" \/>\n<meta property=\"og:title\" content=\"Asignaciones Familiares: Se elev\u00f3 reclamo a Diputados &#8211; FESTRAM\" \/>\n<meta property=\"og:description\" content=\"FESTRAM pidi\u00f3 la intervenci\u00f3n de la Comisi\u00f3n de Derechos y Garant\u00edas de la C\u00e1mara de Diputados. Denuncian retraso del 87%.\" \/>\n<meta property=\"og:url\" content=\"https:\/\/municipales.org.ar\/festram\/asignaciones-familiares-se-elevo-reclamo-a-diputados\/\" \/>\n<meta property=\"og:site_name\" content=\"FESTRAM\" \/>\n<meta property=\"article:publisher\" content=\"https:\/\/www.facebook.com\/MunicipalesSF\" \/>\n<meta property=\"article:published_time\" content=\"2012-11-06T00:32:42+00:00\" \/>\n<meta property=\"article:modified_time\" content=\"2016-03-07T17:43:31+00:00\" \/>\n<meta property=\"og:image\" content=\"https:\/\/municipales.org.ar\/festram\/wp-content\/uploads\/2012\/11\/asignaciones.gif\" \/>\n\t<meta property=\"og:image:width\" content=\"733\" \/>\n\t<meta property=\"og:image:height\" content=\"484\" \/>\n\t<meta property=\"og:image:type\" content=\"image\/gif\" \/>\n<meta name=\"author\" content=\"wp_admin\" \/>\n<meta name=\"twitter:card\" content=\"summary_large_image\" \/>\n<meta name=\"twitter:creator\" content=\"@MunicipalesSF\" \/>\n<meta name=\"twitter:site\" content=\"@MunicipalesSF\" \/>\n<meta name=\"twitter:label1\" content=\"Escrito por\" \/>\n\t<meta name=\"twitter:data1\" content=\"wp_admin\" \/>\n\t<meta name=\"twitter:label2\" content=\"Tiempo de lectura\" \/>\n\t<meta name=\"twitter:data2\" content=\"1 minuto\" \/>\n<script type=\"application\/ld+json\" class=\"yoast-schema-graph\">{\"@context\":\"https:\/\/schema.org\",\"@graph\":[{\"@type\":\"Article\",\"@id\":\"https:\/\/municipales.org.ar\/festram\/asignaciones-familiares-se-elevo-reclamo-a-diputados\/#article\",\"isPartOf\":{\"@id\":\"https:\/\/municipales.org.ar\/festram\/asignaciones-familiares-se-elevo-reclamo-a-diputados\/\"},\"author\":{\"name\":\"wp_admin\",\"@id\":\"https:\/\/municipales.org.ar\/festram\/#\/schema\/person\/bfcbda16ea802e17decda561ec6e62d3\"},\"headline\":\"Asignaciones Familiares: Se elev\u00f3 reclamo a Diputados\",\"datePublished\":\"2012-11-06T00:32:42+00:00\",\"dateModified\":\"2016-03-07T17:43:31+00:00\",\"mainEntityOfPage\":{\"@id\":\"https:\/\/municipales.org.ar\/festram\/asignaciones-familiares-se-elevo-reclamo-a-diputados\/\"},\"wordCount\":254,\"publisher\":{\"@id\":\"https:\/\/municipales.org.ar\/festram\/#organization\"},\"image\":{\"@id\":\"https:\/\/municipales.org.ar\/festram\/asignaciones-familiares-se-elevo-reclamo-a-diputados\/#primaryimage\"},\"thumbnailUrl\":\"https:\/\/municipales.org.ar\/festram\/wp-content\/uploads\/2012\/11\/asignaciones.gif\",\"keywords\":[\"asignaciones familiares\"],\"articleSection\":[\"M\u00e1s Antiguos\",\"Salarios y Paritarias\"],\"inLanguage\":\"es\"},{\"@type\":\"WebPage\",\"@id\":\"https:\/\/municipales.org.ar\/festram\/asignaciones-familiares-se-elevo-reclamo-a-diputados\/\",\"url\":\"https:\/\/municipales.org.ar\/festram\/asignaciones-familiares-se-elevo-reclamo-a-diputados\/\",\"name\":\"Asignaciones Familiares: Se elev\u00f3 reclamo a Diputados &#8211; FESTRAM\",\"isPartOf\":{\"@id\":\"https:\/\/municipales.org.ar\/festram\/#website\"},\"primaryImageOfPage\":{\"@id\":\"https:\/\/municipales.org.ar\/festram\/asignaciones-familiares-se-elevo-reclamo-a-diputados\/#primaryimage\"},\"image\":{\"@id\":\"https:\/\/municipales.org.ar\/festram\/asignaciones-familiares-se-elevo-reclamo-a-diputados\/#primaryimage\"},\"thumbnailUrl\":\"https:\/\/municipales.org.ar\/festram\/wp-content\/uploads\/2012\/11\/asignaciones.gif\",\"datePublished\":\"2012-11-06T00:32:42+00:00\",\"dateModified\":\"2016-03-07T17:43:31+00:00\",\"description\":\"FESTRAM pidi\u00f3 la intervenci\u00f3n de la Comisi\u00f3n de Derechos y Garant\u00edas de la C\u00e1mara de Diputados. Denuncian retraso del 87%.\",\"breadcrumb\":{\"@id\":\"https:\/\/municipales.org.ar\/festram\/asignaciones-familiares-se-elevo-reclamo-a-diputados\/#breadcrumb\"},\"inLanguage\":\"es\",\"potentialAction\":[{\"@type\":\"ReadAction\",\"target\":[\"https:\/\/municipales.org.ar\/festram\/asignaciones-familiares-se-elevo-reclamo-a-diputados\/\"]}]},{\"@type\":\"ImageObject\",\"inLanguage\":\"es\",\"@id\":\"https:\/\/municipales.org.ar\/festram\/asignaciones-familiares-se-elevo-reclamo-a-diputados\/#primaryimage\",\"url\":\"https:\/\/municipales.org.ar\/festram\/wp-content\/uploads\/2012\/11\/asignaciones.gif\",\"contentUrl\":\"https:\/\/municipales.org.ar\/festram\/wp-content\/uploads\/2012\/11\/asignaciones.gif\",\"width\":733,\"height\":484},{\"@type\":\"BreadcrumbList\",\"@id\":\"https:\/\/municipales.org.ar\/festram\/asignaciones-familiares-se-elevo-reclamo-a-diputados\/#breadcrumb\",\"itemListElement\":[{\"@type\":\"ListItem\",\"position\":1,\"name\":\"Portada\",\"item\":\"https:\/\/municipales.org.ar\/festram\/\"},{\"@type\":\"ListItem\",\"position\":2,\"name\":\"Asignaciones Familiares: Se elev\u00f3 reclamo a Diputados\"}]},{\"@type\":\"WebSite\",\"@id\":\"https:\/\/municipales.org.ar\/festram\/#website\",\"url\":\"https:\/\/municipales.org.ar\/festram\/\",\"name\":\"FESTRAM\",\"description\":\"La web de los trabajadores municipales\",\"publisher\":{\"@id\":\"https:\/\/municipales.org.ar\/festram\/#organization\"},\"potentialAction\":[{\"@type\":\"SearchAction\",\"target\":{\"@type\":\"EntryPoint\",\"urlTemplate\":\"https:\/\/municipales.org.ar\/festram\/?s={search_term_string}\"},\"query-input\":{\"@type\":\"PropertyValueSpecification\",\"valueRequired\":true,\"valueName\":\"search_term_string\"}}],\"inLanguage\":\"es\"},{\"@type\":\"Organization\",\"@id\":\"https:\/\/municipales.org.ar\/festram\/#organization\",\"name\":\"Federaci\u00f3n de Sindicatos de Trabajadores Municipales de la Provincia de Santa Fe\",\"url\":\"https:\/\/municipales.org.ar\/festram\/\",\"logo\":{\"@type\":\"ImageObject\",\"inLanguage\":\"es\",\"@id\":\"https:\/\/municipales.org.ar\/festram\/#\/schema\/logo\/image\/\",\"url\":\"https:\/\/www.municipales.org.ar\/festram\/wp-content\/uploads\/2014\/07\/logo_fes.jpg\",\"contentUrl\":\"https:\/\/www.municipales.org.ar\/festram\/wp-content\/uploads\/2014\/07\/logo_fes.jpg\",\"width\":661,\"height\":673,\"caption\":\"Federaci\u00f3n de Sindicatos de Trabajadores Municipales de la Provincia de Santa Fe\"},\"image\":{\"@id\":\"https:\/\/municipales.org.ar\/festram\/#\/schema\/logo\/image\/\"},\"sameAs\":[\"https:\/\/www.facebook.com\/MunicipalesSF\",\"https:\/\/x.com\/MunicipalesSF\",\"https:\/\/www.youtube.com\/user\/festram\"]},{\"@type\":\"Person\",\"@id\":\"https:\/\/municipales.org.ar\/festram\/#\/schema\/person\/bfcbda16ea802e17decda561ec6e62d3\",\"name\":\"wp_admin\"}]}<\/script>\n<!-- \/ Yoast SEO plugin. -->","yoast_head_json":{"title":"Asignaciones Familiares: Se elev\u00f3 reclamo a Diputados &#8211; FESTRAM","description":"FESTRAM pidi\u00f3 la intervenci\u00f3n de la Comisi\u00f3n de Derechos y Garant\u00edas de la C\u00e1mara de Diputados. Denuncian retraso del 87%.","robots":{"index":"index","follow":"follow","max-snippet":"max-snippet:-1","max-image-preview":"max-image-preview:large","max-video-preview":"max-video-preview:-1"},"canonical":"https:\/\/municipales.org.ar\/festram\/asignaciones-familiares-se-elevo-reclamo-a-diputados\/","og_locale":"es_ES","og_type":"article","og_title":"Asignaciones Familiares: Se elev\u00f3 reclamo a Diputados &#8211; FESTRAM","og_description":"FESTRAM pidi\u00f3 la intervenci\u00f3n de la Comisi\u00f3n de Derechos y Garant\u00edas de la C\u00e1mara de Diputados. Denuncian retraso del 87%.","og_url":"https:\/\/municipales.org.ar\/festram\/asignaciones-familiares-se-elevo-reclamo-a-diputados\/","og_site_name":"FESTRAM","article_publisher":"https:\/\/www.facebook.com\/MunicipalesSF","article_published_time":"2012-11-06T00:32:42+00:00","article_modified_time":"2016-03-07T17:43:31+00:00","og_image":[{"width":733,"height":484,"url":"https:\/\/municipales.org.ar\/festram\/wp-content\/uploads\/2012\/11\/asignaciones.gif","type":"image\/gif"}],"author":"wp_admin","twitter_card":"summary_large_image","twitter_creator":"@MunicipalesSF","twitter_site":"@MunicipalesSF","twitter_misc":{"Escrito por":"wp_admin","Tiempo de lectura":"1 minuto"},"schema":{"@context":"https:\/\/schema.org","@graph":[{"@type":"Article","@id":"https:\/\/municipales.org.ar\/festram\/asignaciones-familiares-se-elevo-reclamo-a-diputados\/#article","isPartOf":{"@id":"https:\/\/municipales.org.ar\/festram\/asignaciones-familiares-se-elevo-reclamo-a-diputados\/"},"author":{"name":"wp_admin","@id":"https:\/\/municipales.org.ar\/festram\/#\/schema\/person\/bfcbda16ea802e17decda561ec6e62d3"},"headline":"Asignaciones Familiares: Se elev\u00f3 reclamo a Diputados","datePublished":"2012-11-06T00:32:42+00:00","dateModified":"2016-03-07T17:43:31+00:00","mainEntityOfPage":{"@id":"https:\/\/municipales.org.ar\/festram\/asignaciones-familiares-se-elevo-reclamo-a-diputados\/"},"wordCount":254,"publisher":{"@id":"https:\/\/municipales.org.ar\/festram\/#organization"},"image":{"@id":"https:\/\/municipales.org.ar\/festram\/asignaciones-familiares-se-elevo-reclamo-a-diputados\/#primaryimage"},"thumbnailUrl":"https:\/\/municipales.org.ar\/festram\/wp-content\/uploads\/2012\/11\/asignaciones.gif","keywords":["asignaciones familiares"],"articleSection":["M\u00e1s Antiguos","Salarios y Paritarias"],"inLanguage":"es"},{"@type":"WebPage","@id":"https:\/\/municipales.org.ar\/festram\/asignaciones-familiares-se-elevo-reclamo-a-diputados\/","url":"https:\/\/municipales.org.ar\/festram\/asignaciones-familiares-se-elevo-reclamo-a-diputados\/","name":"Asignaciones Familiares: Se elev\u00f3 reclamo a Diputados &#8211; FESTRAM","isPartOf":{"@id":"https:\/\/municipales.org.ar\/festram\/#website"},"primaryImageOfPage":{"@id":"https:\/\/municipales.org.ar\/festram\/asignaciones-familiares-se-elevo-reclamo-a-diputados\/#primaryimage"},"image":{"@id":"https:\/\/municipales.org.ar\/festram\/asignaciones-familiares-se-elevo-reclamo-a-diputados\/#primaryimage"},"thumbnailUrl":"https:\/\/municipales.org.ar\/festram\/wp-content\/uploads\/2012\/11\/asignaciones.gif","datePublished":"2012-11-06T00:32:42+00:00","dateModified":"2016-03-07T17:43:31+00:00","description":"FESTRAM pidi\u00f3 la intervenci\u00f3n de la Comisi\u00f3n de Derechos y Garant\u00edas de la C\u00e1mara de Diputados. Denuncian retraso del 87%.","breadcrumb":{"@id":"https:\/\/municipales.org.ar\/festram\/asignaciones-familiares-se-elevo-reclamo-a-diputados\/#breadcrumb"},"inLanguage":"es","potentialAction":[{"@type":"ReadAction","target":["https:\/\/municipales.org.ar\/festram\/asignaciones-familiares-se-elevo-reclamo-a-diputados\/"]}]},{"@type":"ImageObject","inLanguage":"es","@id":"https:\/\/municipales.org.ar\/festram\/asignaciones-familiares-se-elevo-reclamo-a-diputados\/#primaryimage","url":"https:\/\/municipales.org.ar\/festram\/wp-content\/uploads\/2012\/11\/asignaciones.gif","contentUrl":"https:\/\/municipales.org.ar\/festram\/wp-content\/uploads\/2012\/11\/asignaciones.gif","width":733,"height":484},{"@type":"BreadcrumbList","@id":"https:\/\/municipales.org.ar\/festram\/asignaciones-familiares-se-elevo-reclamo-a-diputados\/#breadcrumb","itemListElement":[{"@type":"ListItem","position":1,"name":"Portada","item":"https:\/\/municipales.org.ar\/festram\/"},{"@type":"ListItem","position":2,"name":"Asignaciones Familiares: Se elev\u00f3 reclamo a Diputados"}]},{"@type":"WebSite","@id":"https:\/\/municipales.org.ar\/festram\/#website","url":"https:\/\/municipales.org.ar\/festram\/","name":"FESTRAM","description":"La web de los trabajadores municipales","publisher":{"@id":"https:\/\/municipales.org.ar\/festram\/#organization"},"potentialAction":[{"@type":"SearchAction","target":{"@type":"EntryPoint","urlTemplate":"https:\/\/municipales.org.ar\/festram\/?s={search_term_string}"},"query-input":{"@type":"PropertyValueSpecification","valueRequired":true,"valueName":"search_term_string"}}],"inLanguage":"es"},{"@type":"Organization","@id":"https:\/\/municipales.org.ar\/festram\/#organization","name":"Federaci\u00f3n de Sindicatos de Trabajadores Municipales de la Provincia de Santa Fe","url":"https:\/\/municipales.org.ar\/festram\/","logo":{"@type":"ImageObject","inLanguage":"es","@id":"https:\/\/municipales.org.ar\/festram\/#\/schema\/logo\/image\/","url":"https:\/\/www.municipales.org.ar\/festram\/wp-content\/uploads\/2014\/07\/logo_fes.jpg","contentUrl":"https:\/\/www.municipales.org.ar\/festram\/wp-content\/uploads\/2014\/07\/logo_fes.jpg","width":661,"height":673,"caption":"Federaci\u00f3n de Sindicatos de Trabajadores Municipales de la Provincia de Santa Fe"},"image":{"@id":"https:\/\/municipales.org.ar\/festram\/#\/schema\/logo\/image\/"},"sameAs":["https:\/\/www.facebook.com\/MunicipalesSF","https:\/\/x.com\/MunicipalesSF","https:\/\/www.youtube.com\/user\/festram"]},{"@type":"Person","@id":"https:\/\/municipales.org.ar\/festram\/#\/schema\/person\/bfcbda16ea802e17decda561ec6e62d3","name":"wp_admin"}]}},"jetpack_publicize_connections":[],"jetpack_featured_media_url":"https:\/\/municipales.org.ar\/festram\/wp-content\/uploads\/2012\/11\/asignaciones.gif","jetpack_sharing_enabled":true,"jetpack_likes_enabled":false,"jetpack_shortlink":"https:\/\/wp.me\/p7l4x1-2lF","_links":{"self":[{"href":"https:\/\/municipales.org.ar\/festram\/wp-json\/wp\/v2\/posts\/9031","targetHints":{"allow":["GET"]}}],"collection":[{"href":"https:\/\/municipales.org.ar\/festram\/wp-json\/wp\/v2\/posts"}],"about":[{"href":"https:\/\/municipales.org.ar\/festram\/wp-json\/wp\/v2\/types\/post"}],"author":[{"embeddable":true,"href":"https:\/\/municipales.org.ar\/festram\/wp-json\/wp\/v2\/users\/4"}],"replies":[{"embeddable":true,"href":"https:\/\/municipales.org.ar\/festram\/wp-json\/wp\/v2\/comments?post=9031"}],"version-history":[{"count":2,"href":"https:\/\/municipales.org.ar\/festram\/wp-json\/wp\/v2\/posts\/9031\/revisions"}],"predecessor-version":[{"id":9126,"href":"https:\/\/municipales.org.ar\/festram\/wp-json\/wp\/v2\/posts\/9031\/revisions\/9126"}],"wp:featuredmedia":[{"embeddable":true,"href":"https:\/\/municipales.org.ar\/festram\/wp-json\/wp\/v2\/media\/9124"}],"wp:attachment":[{"href":"https:\/\/municipales.org.ar\/festram\/wp-json\/wp\/v2\/media?parent=9031"}],"wp:term":[{"taxonomy":"category","embeddable":true,"href":"https:\/\/municipales.org.ar\/festram\/wp-json\/wp\/v2\/categories?post=9031"},{"taxonomy":"post_tag","embeddable":true,"href":"https:\/\/municipales.org.ar\/festram\/wp-json\/wp\/v2\/tags?post=9031"}],"curies":[{"name":"wp","href":"https:\/\/api.w.org\/{rel}","templated":true}]}}