{"id":9035,"date":"2012-11-07T18:53:42","date_gmt":"2012-11-07T21:53:42","guid":{"rendered":"\/festram\/?p=855"},"modified":"2016-03-07T14:43:30","modified_gmt":"2016-03-07T17:43:30","slug":"dia-de-ls-trabajadors-municipales-y-comunales","status":"publish","type":"post","link":"https:\/\/municipales.org.ar\/festram\/dia-de-ls-trabajadors-municipales-y-comunales\/","title":{"rendered":"D\u00eda de l@s Trabajador@s Municipales y Comunales"},"content":{"rendered":"<h5><strong>La Federaci\u00f3n de Sindicatos de Trabajadores Municipales de la Provincia de Santa Fe, saluda a todos los compa\u00f1eros en su D\u00eda y felicita a todos los Sindicatos por la unidad, participaci\u00f3n y capacidad de lucha demostrada en el transcurso de estos a\u00f1os.<\/strong><\/h5>\n<h6>[ot-caption title=\u00bb\u00bb url=\u00bbhttp:\/\/municipales.org.ar\/festram\/wp-content\/uploads\/2012\/11\/cenutrios.jpeg\u00bb]<\/h6>\n<h6>COMUNICADO DE PRENSA OFICIAL<\/h6>\n<p>Por ello, en momentos en que en nuestro pa\u00eds se observa c\u00f3mo algunos sectores pretenden cuestionar los avances en materia de derechos laborales y sociales, FESTRAM quiere estar presente en esta celebraci\u00f3n del 8 de Noviembre a trav\u00e9s de un documento que ha hecho p\u00fablico, titulado:<\/p>\n<h3>\u00abMientras los cenutrios protestan, los trabajadores celebramos\u00bb<\/h3>\n<p>Destacando que:<\/p>\n<h4>Tenemos<\/h4>\n<p>Democracia. Justicia Social. Libertad Sindical y Negociaci\u00f3n Colectiva. Conciliaci\u00f3n y arbitraje. Derecho a huelga. Garant\u00edas necesarias para el cumplimiento de la gesti\u00f3n sindical. Beneficios de la seguridad social. Jubilaciones y pensiones m\u00f3viles. Protecci\u00f3n integral de la familia. Y una larga lista de etc\u00e9teras.<\/p>\n<h4>Logramos<\/h4>\n<p>30 a\u00f1os del Estatuto de Estabilidad \u00a0y Escalaf\u00f3n. Ley de Licencia. Paritarias. Recomposici\u00f3n salarial del 200% en los \u00faltimos 5 a\u00f1os. Ley de Comit\u00e9s Mixtos de Salud y Seguridad Laboral. 3000 trabajadores incorporados a planta permanente. 85% de tasa de sindicalizaci\u00f3n.<\/p>\n<p>El documento convoca a mantener la unidad de los trabajadores municipales en defensa de \u00a0nuestros derechos y contribuir a consolidar un modelo nacional y popular en favor de los trabajadores y las mayor\u00edas populares.<\/p>\n<p>Al final reafirma la voluntad de los trabajadores de mejorar nuestras condiciones de vida y resistir todo intento de cuestionar las conquistas alcanzadas, reafirmando el lema : Nunca menos..vamos por mas!<\/p>\n<pre>CONSEJO DIRECTIVO PROVINCIAL<\/pre>\n<p>&nbsp;<\/p>\n","protected":false},"excerpt":{"rendered":"<p>La Federaci\u00f3n de Sindicatos de Trabajadores Municipales de la Provincia de Santa Fe, saluda a todos los compa\u00f1eros en su D\u00eda y felicita a todos los Sindicatos por la unidad, participaci\u00f3n y capacidad de lucha demostrada en el transcurso de estos a\u00f1os.<\/p>\n","protected":false},"author":4,"featured_media":9128,"comment_status":"closed","ping_status":"closed","sticky":false,"template":"","format":"standard","meta":{"_jetpack_memberships_contains_paid_content":false,"footnotes":"","jetpack_publicize_message":"","jetpack_publicize_feature_enabled":true,"jetpack_social_post_already_shared":false,"jetpack_social_options":{"image_generator_settings":{"template":"highway","default_image_id":0,"font":"","enabled":false},"version":2}},"categories":[125],"tags":[],"class_list":["post-9035","post","type-post","status-publish","format-standard","has-post-thumbnail","hentry","category-mas-antiguos"],"yoast_head":"<!-- This site is optimized with the Yoast SEO plugin v25.9 - https:\/\/yoast.com\/wordpress\/plugins\/seo\/ -->\n<title>D\u00eda de l@s Trabajador@s Municipales y Comunales &#8211; FESTRAM<\/title>\n<meta name=\"description\" content=\"La Federaci\u00f3n de Sindicatos de Trabajadores Municipales de la Provincia de Santa Fe, saluda a todos los compa\u00f1eros en su D\u00eda y felicita a todos los Sindicatos por la unidad, participaci\u00f3n y capacidad de lucha demostrada en el transcurso de estos a\u00f1os.\" \/>\n<meta name=\"robots\" content=\"index, follow, max-snippet:-1, max-image-preview:large, max-video-preview:-1\" \/>\n<link rel=\"canonical\" href=\"https:\/\/municipales.org.ar\/festram\/dia-de-ls-trabajadors-municipales-y-comunales\/\" \/>\n<meta property=\"og:locale\" content=\"es_ES\" \/>\n<meta property=\"og:type\" content=\"article\" \/>\n<meta property=\"og:title\" content=\"D\u00eda de l@s Trabajador@s Municipales y Comunales &#8211; FESTRAM\" \/>\n<meta property=\"og:description\" content=\"La Federaci\u00f3n de Sindicatos de Trabajadores Municipales de la Provincia de Santa Fe, saluda a todos los compa\u00f1eros en su D\u00eda y felicita a todos los Sindicatos por la unidad, participaci\u00f3n y capacidad de lucha demostrada en el transcurso de estos a\u00f1os.\" \/>\n<meta property=\"og:url\" content=\"https:\/\/municipales.org.ar\/festram\/dia-de-ls-trabajadors-municipales-y-comunales\/\" \/>\n<meta property=\"og:site_name\" content=\"FESTRAM\" \/>\n<meta property=\"article:publisher\" content=\"https:\/\/www.facebook.com\/MunicipalesSF\" \/>\n<meta property=\"article:published_time\" content=\"2012-11-07T21:53:42+00:00\" \/>\n<meta property=\"article:modified_time\" content=\"2016-03-07T17:43:30+00:00\" \/>\n<meta property=\"og:image\" content=\"https:\/\/municipales.org.ar\/festram\/wp-content\/uploads\/2012\/11\/cenutrios.jpeg\" \/>\n\t<meta property=\"og:image:width\" content=\"1474\" \/>\n\t<meta property=\"og:image:height\" content=\"1016\" \/>\n\t<meta property=\"og:image:type\" content=\"image\/jpeg\" \/>\n<meta name=\"author\" content=\"wp_admin\" \/>\n<meta name=\"twitter:card\" content=\"summary_large_image\" \/>\n<meta name=\"twitter:creator\" content=\"@MunicipalesSF\" \/>\n<meta name=\"twitter:site\" content=\"@MunicipalesSF\" \/>\n<meta name=\"twitter:label1\" content=\"Escrito por\" \/>\n\t<meta name=\"twitter:data1\" content=\"wp_admin\" \/>\n\t<meta name=\"twitter:label2\" content=\"Tiempo de lectura\" \/>\n\t<meta name=\"twitter:data2\" content=\"1 minuto\" \/>\n<script type=\"application\/ld+json\" class=\"yoast-schema-graph\">{\"@context\":\"https:\/\/schema.org\",\"@graph\":[{\"@type\":\"Article\",\"@id\":\"https:\/\/municipales.org.ar\/festram\/dia-de-ls-trabajadors-municipales-y-comunales\/#article\",\"isPartOf\":{\"@id\":\"https:\/\/municipales.org.ar\/festram\/dia-de-ls-trabajadors-municipales-y-comunales\/\"},\"author\":{\"name\":\"wp_admin\",\"@id\":\"https:\/\/municipales.org.ar\/festram\/#\/schema\/person\/bfcbda16ea802e17decda561ec6e62d3\"},\"headline\":\"D\u00eda de l@s Trabajador@s Municipales y Comunales\",\"datePublished\":\"2012-11-07T21:53:42+00:00\",\"dateModified\":\"2016-03-07T17:43:30+00:00\",\"mainEntityOfPage\":{\"@id\":\"https:\/\/municipales.org.ar\/festram\/dia-de-ls-trabajadors-municipales-y-comunales\/\"},\"wordCount\":293,\"publisher\":{\"@id\":\"https:\/\/municipales.org.ar\/festram\/#organization\"},\"image\":{\"@id\":\"https:\/\/municipales.org.ar\/festram\/dia-de-ls-trabajadors-municipales-y-comunales\/#primaryimage\"},\"thumbnailUrl\":\"https:\/\/municipales.org.ar\/festram\/wp-content\/uploads\/2012\/11\/cenutrios.jpeg\",\"articleSection\":[\"M\u00e1s Antiguos\"],\"inLanguage\":\"es\"},{\"@type\":\"WebPage\",\"@id\":\"https:\/\/municipales.org.ar\/festram\/dia-de-ls-trabajadors-municipales-y-comunales\/\",\"url\":\"https:\/\/municipales.org.ar\/festram\/dia-de-ls-trabajadors-municipales-y-comunales\/\",\"name\":\"D\u00eda de l@s Trabajador@s Municipales y Comunales &#8211; FESTRAM\",\"isPartOf\":{\"@id\":\"https:\/\/municipales.org.ar\/festram\/#website\"},\"primaryImageOfPage\":{\"@id\":\"https:\/\/municipales.org.ar\/festram\/dia-de-ls-trabajadors-municipales-y-comunales\/#primaryimage\"},\"image\":{\"@id\":\"https:\/\/municipales.org.ar\/festram\/dia-de-ls-trabajadors-municipales-y-comunales\/#primaryimage\"},\"thumbnailUrl\":\"https:\/\/municipales.org.ar\/festram\/wp-content\/uploads\/2012\/11\/cenutrios.jpeg\",\"datePublished\":\"2012-11-07T21:53:42+00:00\",\"dateModified\":\"2016-03-07T17:43:30+00:00\",\"description\":\"La Federaci\u00f3n de Sindicatos de Trabajadores Municipales de la Provincia de Santa Fe, saluda a todos los compa\u00f1eros en su D\u00eda y felicita a todos los Sindicatos por la unidad, participaci\u00f3n y capacidad de lucha demostrada en el transcurso de estos a\u00f1os.\",\"breadcrumb\":{\"@id\":\"https:\/\/municipales.org.ar\/festram\/dia-de-ls-trabajadors-municipales-y-comunales\/#breadcrumb\"},\"inLanguage\":\"es\",\"potentialAction\":[{\"@type\":\"ReadAction\",\"target\":[\"https:\/\/municipales.org.ar\/festram\/dia-de-ls-trabajadors-municipales-y-comunales\/\"]}]},{\"@type\":\"ImageObject\",\"inLanguage\":\"es\",\"@id\":\"https:\/\/municipales.org.ar\/festram\/dia-de-ls-trabajadors-municipales-y-comunales\/#primaryimage\",\"url\":\"https:\/\/municipales.org.ar\/festram\/wp-content\/uploads\/2012\/11\/cenutrios.jpeg\",\"contentUrl\":\"https:\/\/municipales.org.ar\/festram\/wp-content\/uploads\/2012\/11\/cenutrios.jpeg\",\"width\":1474,\"height\":1016},{\"@type\":\"BreadcrumbList\",\"@id\":\"https:\/\/municipales.org.ar\/festram\/dia-de-ls-trabajadors-municipales-y-comunales\/#breadcrumb\",\"itemListElement\":[{\"@type\":\"ListItem\",\"position\":1,\"name\":\"Portada\",\"item\":\"https:\/\/municipales.org.ar\/festram\/\"},{\"@type\":\"ListItem\",\"position\":2,\"name\":\"D\u00eda de l@s Trabajador@s Municipales y Comunales\"}]},{\"@type\":\"WebSite\",\"@id\":\"https:\/\/municipales.org.ar\/festram\/#website\",\"url\":\"https:\/\/municipales.org.ar\/festram\/\",\"name\":\"FESTRAM\",\"description\":\"La web de los trabajadores municipales\",\"publisher\":{\"@id\":\"https:\/\/municipales.org.ar\/festram\/#organization\"},\"potentialAction\":[{\"@type\":\"SearchAction\",\"target\":{\"@type\":\"EntryPoint\",\"urlTemplate\":\"https:\/\/municipales.org.ar\/festram\/?s={search_term_string}\"},\"query-input\":{\"@type\":\"PropertyValueSpecification\",\"valueRequired\":true,\"valueName\":\"search_term_string\"}}],\"inLanguage\":\"es\"},{\"@type\":\"Organization\",\"@id\":\"https:\/\/municipales.org.ar\/festram\/#organization\",\"name\":\"Federaci\u00f3n de Sindicatos de Trabajadores Municipales de la Provincia de Santa Fe\",\"url\":\"https:\/\/municipales.org.ar\/festram\/\",\"logo\":{\"@type\":\"ImageObject\",\"inLanguage\":\"es\",\"@id\":\"https:\/\/municipales.org.ar\/festram\/#\/schema\/logo\/image\/\",\"url\":\"https:\/\/www.municipales.org.ar\/festram\/wp-content\/uploads\/2014\/07\/logo_fes.jpg\",\"contentUrl\":\"https:\/\/www.municipales.org.ar\/festram\/wp-content\/uploads\/2014\/07\/logo_fes.jpg\",\"width\":661,\"height\":673,\"caption\":\"Federaci\u00f3n de Sindicatos de Trabajadores Municipales de la Provincia de Santa Fe\"},\"image\":{\"@id\":\"https:\/\/municipales.org.ar\/festram\/#\/schema\/logo\/image\/\"},\"sameAs\":[\"https:\/\/www.facebook.com\/MunicipalesSF\",\"https:\/\/x.com\/MunicipalesSF\",\"https:\/\/www.youtube.com\/user\/festram\"]},{\"@type\":\"Person\",\"@id\":\"https:\/\/municipales.org.ar\/festram\/#\/schema\/person\/bfcbda16ea802e17decda561ec6e62d3\",\"name\":\"wp_admin\"}]}<\/script>\n<!-- \/ Yoast SEO plugin. -->","yoast_head_json":{"title":"D\u00eda de l@s Trabajador@s Municipales y Comunales &#8211; FESTRAM","description":"La Federaci\u00f3n de Sindicatos de Trabajadores Municipales de la Provincia de Santa Fe, saluda a todos los compa\u00f1eros en su D\u00eda y felicita a todos los Sindicatos por la unidad, participaci\u00f3n y capacidad de lucha demostrada en el transcurso de estos a\u00f1os.","robots":{"index":"index","follow":"follow","max-snippet":"max-snippet:-1","max-image-preview":"max-image-preview:large","max-video-preview":"max-video-preview:-1"},"canonical":"https:\/\/municipales.org.ar\/festram\/dia-de-ls-trabajadors-municipales-y-comunales\/","og_locale":"es_ES","og_type":"article","og_title":"D\u00eda de l@s Trabajador@s Municipales y Comunales &#8211; FESTRAM","og_description":"La Federaci\u00f3n de Sindicatos de Trabajadores Municipales de la Provincia de Santa Fe, saluda a todos los compa\u00f1eros en su D\u00eda y felicita a todos los Sindicatos por la unidad, participaci\u00f3n y capacidad de lucha demostrada en el transcurso de estos a\u00f1os.","og_url":"https:\/\/municipales.org.ar\/festram\/dia-de-ls-trabajadors-municipales-y-comunales\/","og_site_name":"FESTRAM","article_publisher":"https:\/\/www.facebook.com\/MunicipalesSF","article_published_time":"2012-11-07T21:53:42+00:00","article_modified_time":"2016-03-07T17:43:30+00:00","og_image":[{"width":1474,"height":1016,"url":"https:\/\/municipales.org.ar\/festram\/wp-content\/uploads\/2012\/11\/cenutrios.jpeg","type":"image\/jpeg"}],"author":"wp_admin","twitter_card":"summary_large_image","twitter_creator":"@MunicipalesSF","twitter_site":"@MunicipalesSF","twitter_misc":{"Escrito por":"wp_admin","Tiempo de lectura":"1 minuto"},"schema":{"@context":"https:\/\/schema.org","@graph":[{"@type":"Article","@id":"https:\/\/municipales.org.ar\/festram\/dia-de-ls-trabajadors-municipales-y-comunales\/#article","isPartOf":{"@id":"https:\/\/municipales.org.ar\/festram\/dia-de-ls-trabajadors-municipales-y-comunales\/"},"author":{"name":"wp_admin","@id":"https:\/\/municipales.org.ar\/festram\/#\/schema\/person\/bfcbda16ea802e17decda561ec6e62d3"},"headline":"D\u00eda de l@s Trabajador@s Municipales y Comunales","datePublished":"2012-11-07T21:53:42+00:00","dateModified":"2016-03-07T17:43:30+00:00","mainEntityOfPage":{"@id":"https:\/\/municipales.org.ar\/festram\/dia-de-ls-trabajadors-municipales-y-comunales\/"},"wordCount":293,"publisher":{"@id":"https:\/\/municipales.org.ar\/festram\/#organization"},"image":{"@id":"https:\/\/municipales.org.ar\/festram\/dia-de-ls-trabajadors-municipales-y-comunales\/#primaryimage"},"thumbnailUrl":"https:\/\/municipales.org.ar\/festram\/wp-content\/uploads\/2012\/11\/cenutrios.jpeg","articleSection":["M\u00e1s Antiguos"],"inLanguage":"es"},{"@type":"WebPage","@id":"https:\/\/municipales.org.ar\/festram\/dia-de-ls-trabajadors-municipales-y-comunales\/","url":"https:\/\/municipales.org.ar\/festram\/dia-de-ls-trabajadors-municipales-y-comunales\/","name":"D\u00eda de l@s Trabajador@s Municipales y Comunales &#8211; FESTRAM","isPartOf":{"@id":"https:\/\/municipales.org.ar\/festram\/#website"},"primaryImageOfPage":{"@id":"https:\/\/municipales.org.ar\/festram\/dia-de-ls-trabajadors-municipales-y-comunales\/#primaryimage"},"image":{"@id":"https:\/\/municipales.org.ar\/festram\/dia-de-ls-trabajadors-municipales-y-comunales\/#primaryimage"},"thumbnailUrl":"https:\/\/municipales.org.ar\/festram\/wp-content\/uploads\/2012\/11\/cenutrios.jpeg","datePublished":"2012-11-07T21:53:42+00:00","dateModified":"2016-03-07T17:43:30+00:00","description":"La Federaci\u00f3n de Sindicatos de Trabajadores Municipales de la Provincia de Santa Fe, saluda a todos los compa\u00f1eros en su D\u00eda y felicita a todos los Sindicatos por la unidad, participaci\u00f3n y capacidad de lucha demostrada en el transcurso de estos a\u00f1os.","breadcrumb":{"@id":"https:\/\/municipales.org.ar\/festram\/dia-de-ls-trabajadors-municipales-y-comunales\/#breadcrumb"},"inLanguage":"es","potentialAction":[{"@type":"ReadAction","target":["https:\/\/municipales.org.ar\/festram\/dia-de-ls-trabajadors-municipales-y-comunales\/"]}]},{"@type":"ImageObject","inLanguage":"es","@id":"https:\/\/municipales.org.ar\/festram\/dia-de-ls-trabajadors-municipales-y-comunales\/#primaryimage","url":"https:\/\/municipales.org.ar\/festram\/wp-content\/uploads\/2012\/11\/cenutrios.jpeg","contentUrl":"https:\/\/municipales.org.ar\/festram\/wp-content\/uploads\/2012\/11\/cenutrios.jpeg","width":1474,"height":1016},{"@type":"BreadcrumbList","@id":"https:\/\/municipales.org.ar\/festram\/dia-de-ls-trabajadors-municipales-y-comunales\/#breadcrumb","itemListElement":[{"@type":"ListItem","position":1,"name":"Portada","item":"https:\/\/municipales.org.ar\/festram\/"},{"@type":"ListItem","position":2,"name":"D\u00eda de l@s Trabajador@s Municipales y Comunales"}]},{"@type":"WebSite","@id":"https:\/\/municipales.org.ar\/festram\/#website","url":"https:\/\/municipales.org.ar\/festram\/","name":"FESTRAM","description":"La web de los trabajadores municipales","publisher":{"@id":"https:\/\/municipales.org.ar\/festram\/#organization"},"potentialAction":[{"@type":"SearchAction","target":{"@type":"EntryPoint","urlTemplate":"https:\/\/municipales.org.ar\/festram\/?s={search_term_string}"},"query-input":{"@type":"PropertyValueSpecification","valueRequired":true,"valueName":"search_term_string"}}],"inLanguage":"es"},{"@type":"Organization","@id":"https:\/\/municipales.org.ar\/festram\/#organization","name":"Federaci\u00f3n de Sindicatos de Trabajadores Municipales de la Provincia de Santa Fe","url":"https:\/\/municipales.org.ar\/festram\/","logo":{"@type":"ImageObject","inLanguage":"es","@id":"https:\/\/municipales.org.ar\/festram\/#\/schema\/logo\/image\/","url":"https:\/\/www.municipales.org.ar\/festram\/wp-content\/uploads\/2014\/07\/logo_fes.jpg","contentUrl":"https:\/\/www.municipales.org.ar\/festram\/wp-content\/uploads\/2014\/07\/logo_fes.jpg","width":661,"height":673,"caption":"Federaci\u00f3n de Sindicatos de Trabajadores Municipales de la Provincia de Santa Fe"},"image":{"@id":"https:\/\/municipales.org.ar\/festram\/#\/schema\/logo\/image\/"},"sameAs":["https:\/\/www.facebook.com\/MunicipalesSF","https:\/\/x.com\/MunicipalesSF","https:\/\/www.youtube.com\/user\/festram"]},{"@type":"Person","@id":"https:\/\/municipales.org.ar\/festram\/#\/schema\/person\/bfcbda16ea802e17decda561ec6e62d3","name":"wp_admin"}]}},"jetpack_publicize_connections":[],"jetpack_featured_media_url":"https:\/\/municipales.org.ar\/festram\/wp-content\/uploads\/2012\/11\/cenutrios.jpeg","jetpack_sharing_enabled":true,"jetpack_likes_enabled":false,"jetpack_shortlink":"https:\/\/wp.me\/p7l4x1-2lJ","_links":{"self":[{"href":"https:\/\/municipales.org.ar\/festram\/wp-json\/wp\/v2\/posts\/9035","targetHints":{"allow":["GET"]}}],"collection":[{"href":"https:\/\/municipales.org.ar\/festram\/wp-json\/wp\/v2\/posts"}],"about":[{"href":"https:\/\/municipales.org.ar\/festram\/wp-json\/wp\/v2\/types\/post"}],"author":[{"embeddable":true,"href":"https:\/\/municipales.org.ar\/festram\/wp-json\/wp\/v2\/users\/4"}],"replies":[{"embeddable":true,"href":"https:\/\/municipales.org.ar\/festram\/wp-json\/wp\/v2\/comments?post=9035"}],"version-history":[{"count":2,"href":"https:\/\/municipales.org.ar\/festram\/wp-json\/wp\/v2\/posts\/9035\/revisions"}],"predecessor-version":[{"id":9129,"href":"https:\/\/municipales.org.ar\/festram\/wp-json\/wp\/v2\/posts\/9035\/revisions\/9129"}],"wp:featuredmedia":[{"embeddable":true,"href":"https:\/\/municipales.org.ar\/festram\/wp-json\/wp\/v2\/media\/9128"}],"wp:attachment":[{"href":"https:\/\/municipales.org.ar\/festram\/wp-json\/wp\/v2\/media?parent=9035"}],"wp:term":[{"taxonomy":"category","embeddable":true,"href":"https:\/\/municipales.org.ar\/festram\/wp-json\/wp\/v2\/categories?post=9035"},{"taxonomy":"post_tag","embeddable":true,"href":"https:\/\/municipales.org.ar\/festram\/wp-json\/wp\/v2\/tags?post=9035"}],"curies":[{"name":"wp","href":"https:\/\/api.w.org\/{rel}","templated":true}]}}