{"id":9167,"date":"2013-04-12T11:24:28","date_gmt":"2013-04-12T14:24:28","guid":{"rendered":"http:\/\/municipales.org.ar\/festram\/?p=8121"},"modified":"2014-06-28T12:27:20","modified_gmt":"2014-06-28T15:27:20","slug":"fallos-judiciales-y-antecedentes-juridicos-a-favor-del-aporte-solidario-de-festram","status":"publish","type":"post","link":"https:\/\/municipales.org.ar\/festram\/fallos-judiciales-y-antecedentes-juridicos-a-favor-del-aporte-solidario-de-festram\/","title":{"rendered":"Aporte Solidario. Fallos Judiciales y Antecedentes Jur\u00eddicos"},"content":{"rendered":"<h5><strong>Los trabajadores municipales no afiliados deben aportar el 1% del total de sus haberes.<br \/>\n<\/strong><\/h5>\n<p>&nbsp;<\/p>\n<p>&nbsp;<\/p>\n<p>En fecha 4 de noviembre del 2008, la Comisi\u00f3n Paritaria Municipal resolvi\u00f3 acordar un reajuste salarial para todos los trabajadores municipales y comunales de la Provincia de Santa Fe. En la oportunidad, tambi\u00e9n se estableci\u00f3 la aplicaci\u00f3n de un \u201cAporte Solidario\u201d para aquellos trabajadores que se beneficiaron con los distintos aumentos salariales y derechos establecidos en la Ley 9286 y que no se encuentran afiliados a un Sindicato de 1\u00ba grado adherido a FESTRAM.<\/p>\n<p>Dado que la ley 9996 establece que todas las resoluciones de la Comisi\u00f3n Paritaria son de aplicaci\u00f3n obligatoria en el \u00e1mbito de las Municipalidades y Comunas de la Provincia de Santa Fe y adem\u00e1s la Constituci\u00f3n Nacional art. 14 Bis, Tratados Internacionales, la ley 23.551 de Asociaciones Sindicales en su art. 5, art. 23 inc. d); art. 37 inc. a) y art. 38 y la ley 14.250 art. 9 de Convenciones Colectivas, con numerosos fallos que han formado jurisprudencia al respecto, FESTRAM comenz\u00f3 a efectuar los descuentos del Aporte Solidario, con un porcentaje menor al que se establece como cuota sindical.<\/p>\n<p>&nbsp;<\/p>\n<ul>\n<li><a href=\"http:\/\/municipales.org.ar\/festram\/wp-content\/uploads\/2014\/06\/01-rechazo-recurso-apelacion.pdf\" target=\"_blank\">C\u00e1mara de Apelaci\u00f3n en lo Laboral Sala Segunda. Rechazo de recurso interpuesto contra el aporte solidario que percibe FESTRAM<\/a><\/li>\n<li><a href=\"http:\/\/municipales.org.ar\/festram\/wp-content\/uploads\/2014\/06\/02-rechazo-cautelar.pdf\" target=\"_blank\">Juzgado de Primera Instancia en lo Laboral de la Tercera Nominaci\u00f3n. Desestima medida cautelar para impedir el descuento del Aporte Solidario resuelto en Paritarias<\/a><\/li>\n<li><a href=\"http:\/\/municipales.org.ar\/festram\/wp-content\/uploads\/2014\/06\/03-rechazo-demanda-finochietti.pdf\" target=\"_blank\">Juzgado de Primera Instancia en lo Laboral de la Segunda Nominaci\u00f3n. Resuelven a favor de FESTRAM medida cautelar por la aplicaci\u00f3n de acuerdos paritarios por Aporte Solidario<\/a><\/li>\n<li><a href=\"http:\/\/municipales.org.ar\/festram\/wp-content\/uploads\/2014\/06\/04-fiscalia-estado.pdf\" target=\"_blank\">Fiscal\u00eda de Estado de la Provincia de Santa Fe. El Estado comparece a favor de la Paritaria Municipal por el descuento de Aportes Solidarios<\/a><\/li>\n<\/ul>\n<p>&nbsp;<\/p>\n<p>&nbsp;<\/p>\n","protected":false},"excerpt":{"rendered":"<p>Los trabajadores municipales no afiliados deben aportar el 1% del total de sus haberes.<\/p>\n","protected":false},"author":1,"featured_media":7971,"comment_status":"closed","ping_status":"closed","sticky":false,"template":"","format":"standard","meta":{"_jetpack_memberships_contains_paid_content":false,"footnotes":"","jetpack_publicize_message":"","jetpack_publicize_feature_enabled":true,"jetpack_social_post_already_shared":false,"jetpack_social_options":{"image_generator_settings":{"template":"highway","default_image_id":0,"font":"","enabled":false},"version":2}},"categories":[54,59],"tags":[89,111],"class_list":["post-9167","post","type-post","status-publish","format-standard","has-post-thumbnail","hentry","category-legislacion-fallos","category-salarios-y-paritarias","tag-fallos-juridicos","tag-legislacion"],"yoast_head":"<!-- This site is optimized with the Yoast SEO plugin v25.9 - https:\/\/yoast.com\/wordpress\/plugins\/seo\/ -->\n<title>Aporte Solidario. Fallos Judiciales y Antecedentes Jur\u00eddicos &#8211; FESTRAM<\/title>\n<meta name=\"description\" content=\"Los trabajadores municipales no afiliados deben aportar el 1% del total de sus haberes.\" \/>\n<meta name=\"robots\" content=\"index, follow, max-snippet:-1, max-image-preview:large, max-video-preview:-1\" \/>\n<link rel=\"canonical\" href=\"https:\/\/municipales.org.ar\/festram\/fallos-judiciales-y-antecedentes-juridicos-a-favor-del-aporte-solidario-de-festram\/\" \/>\n<meta property=\"og:locale\" content=\"es_ES\" \/>\n<meta property=\"og:type\" content=\"article\" \/>\n<meta property=\"og:title\" content=\"Aporte Solidario. Fallos Judiciales y Antecedentes Jur\u00eddicos &#8211; FESTRAM\" \/>\n<meta property=\"og:description\" content=\"Los trabajadores municipales no afiliados deben aportar el 1% del total de sus haberes.\" \/>\n<meta property=\"og:url\" content=\"https:\/\/municipales.org.ar\/festram\/fallos-judiciales-y-antecedentes-juridicos-a-favor-del-aporte-solidario-de-festram\/\" \/>\n<meta property=\"og:site_name\" content=\"FESTRAM\" \/>\n<meta property=\"article:publisher\" content=\"https:\/\/www.facebook.com\/MunicipalesSF\" \/>\n<meta property=\"article:published_time\" content=\"2013-04-12T14:24:28+00:00\" \/>\n<meta property=\"article:modified_time\" content=\"2014-06-28T15:27:20+00:00\" \/>\n<meta property=\"og:image\" content=\"https:\/\/municipales.org.ar\/festram\/wp-content\/uploads\/2015\/11\/tapa-convocatoria-2016A.jpg\" \/>\n\t<meta property=\"og:image:width\" content=\"1200\" \/>\n\t<meta property=\"og:image:height\" content=\"512\" \/>\n\t<meta property=\"og:image:type\" content=\"image\/jpeg\" \/>\n<meta name=\"author\" content=\"mun_admin\" \/>\n<meta name=\"twitter:card\" content=\"summary_large_image\" \/>\n<meta name=\"twitter:creator\" content=\"@MunicipalesSF\" \/>\n<meta name=\"twitter:site\" content=\"@MunicipalesSF\" \/>\n<meta name=\"twitter:label1\" content=\"Escrito por\" \/>\n\t<meta name=\"twitter:data1\" content=\"mun_admin\" \/>\n\t<meta name=\"twitter:label2\" content=\"Tiempo de lectura\" \/>\n\t<meta name=\"twitter:data2\" content=\"1 minuto\" \/>\n<script type=\"application\/ld+json\" class=\"yoast-schema-graph\">{\"@context\":\"https:\/\/schema.org\",\"@graph\":[{\"@type\":\"Article\",\"@id\":\"https:\/\/municipales.org.ar\/festram\/fallos-judiciales-y-antecedentes-juridicos-a-favor-del-aporte-solidario-de-festram\/#article\",\"isPartOf\":{\"@id\":\"https:\/\/municipales.org.ar\/festram\/fallos-judiciales-y-antecedentes-juridicos-a-favor-del-aporte-solidario-de-festram\/\"},\"author\":{\"name\":\"mun_admin\",\"@id\":\"https:\/\/municipales.org.ar\/festram\/#\/schema\/person\/49096a774c48ce9063df4d59ec059f9e\"},\"headline\":\"Aporte Solidario. Fallos Judiciales y Antecedentes Jur\u00eddicos\",\"datePublished\":\"2013-04-12T14:24:28+00:00\",\"dateModified\":\"2014-06-28T15:27:20+00:00\",\"mainEntityOfPage\":{\"@id\":\"https:\/\/municipales.org.ar\/festram\/fallos-judiciales-y-antecedentes-juridicos-a-favor-del-aporte-solidario-de-festram\/\"},\"wordCount\":295,\"publisher\":{\"@id\":\"https:\/\/municipales.org.ar\/festram\/#organization\"},\"image\":{\"@id\":\"https:\/\/municipales.org.ar\/festram\/fallos-judiciales-y-antecedentes-juridicos-a-favor-del-aporte-solidario-de-festram\/#primaryimage\"},\"thumbnailUrl\":\"\",\"keywords\":[\"fallos jur\u00eddicos\",\"Legislaci\u00f3n\"],\"articleSection\":[\"Legislaci\u00f3n Fallos\",\"Salarios y Paritarias\"],\"inLanguage\":\"es\"},{\"@type\":\"WebPage\",\"@id\":\"https:\/\/municipales.org.ar\/festram\/fallos-judiciales-y-antecedentes-juridicos-a-favor-del-aporte-solidario-de-festram\/\",\"url\":\"https:\/\/municipales.org.ar\/festram\/fallos-judiciales-y-antecedentes-juridicos-a-favor-del-aporte-solidario-de-festram\/\",\"name\":\"Aporte Solidario. Fallos Judiciales y Antecedentes Jur\u00eddicos &#8211; FESTRAM\",\"isPartOf\":{\"@id\":\"https:\/\/municipales.org.ar\/festram\/#website\"},\"primaryImageOfPage\":{\"@id\":\"https:\/\/municipales.org.ar\/festram\/fallos-judiciales-y-antecedentes-juridicos-a-favor-del-aporte-solidario-de-festram\/#primaryimage\"},\"image\":{\"@id\":\"https:\/\/municipales.org.ar\/festram\/fallos-judiciales-y-antecedentes-juridicos-a-favor-del-aporte-solidario-de-festram\/#primaryimage\"},\"thumbnailUrl\":\"\",\"datePublished\":\"2013-04-12T14:24:28+00:00\",\"dateModified\":\"2014-06-28T15:27:20+00:00\",\"description\":\"Los trabajadores municipales no afiliados deben aportar el 1% del total de sus haberes.\",\"breadcrumb\":{\"@id\":\"https:\/\/municipales.org.ar\/festram\/fallos-judiciales-y-antecedentes-juridicos-a-favor-del-aporte-solidario-de-festram\/#breadcrumb\"},\"inLanguage\":\"es\",\"potentialAction\":[{\"@type\":\"ReadAction\",\"target\":[\"https:\/\/municipales.org.ar\/festram\/fallos-judiciales-y-antecedentes-juridicos-a-favor-del-aporte-solidario-de-festram\/\"]}]},{\"@type\":\"ImageObject\",\"inLanguage\":\"es\",\"@id\":\"https:\/\/municipales.org.ar\/festram\/fallos-judiciales-y-antecedentes-juridicos-a-favor-del-aporte-solidario-de-festram\/#primaryimage\",\"url\":\"\",\"contentUrl\":\"\"},{\"@type\":\"BreadcrumbList\",\"@id\":\"https:\/\/municipales.org.ar\/festram\/fallos-judiciales-y-antecedentes-juridicos-a-favor-del-aporte-solidario-de-festram\/#breadcrumb\",\"itemListElement\":[{\"@type\":\"ListItem\",\"position\":1,\"name\":\"Portada\",\"item\":\"https:\/\/municipales.org.ar\/festram\/\"},{\"@type\":\"ListItem\",\"position\":2,\"name\":\"Aporte Solidario. Fallos Judiciales y Antecedentes Jur\u00eddicos\"}]},{\"@type\":\"WebSite\",\"@id\":\"https:\/\/municipales.org.ar\/festram\/#website\",\"url\":\"https:\/\/municipales.org.ar\/festram\/\",\"name\":\"FESTRAM\",\"description\":\"La web de los trabajadores municipales\",\"publisher\":{\"@id\":\"https:\/\/municipales.org.ar\/festram\/#organization\"},\"potentialAction\":[{\"@type\":\"SearchAction\",\"target\":{\"@type\":\"EntryPoint\",\"urlTemplate\":\"https:\/\/municipales.org.ar\/festram\/?s={search_term_string}\"},\"query-input\":{\"@type\":\"PropertyValueSpecification\",\"valueRequired\":true,\"valueName\":\"search_term_string\"}}],\"inLanguage\":\"es\"},{\"@type\":\"Organization\",\"@id\":\"https:\/\/municipales.org.ar\/festram\/#organization\",\"name\":\"Federaci\u00f3n de Sindicatos de Trabajadores Municipales de la Provincia de Santa Fe\",\"url\":\"https:\/\/municipales.org.ar\/festram\/\",\"logo\":{\"@type\":\"ImageObject\",\"inLanguage\":\"es\",\"@id\":\"https:\/\/municipales.org.ar\/festram\/#\/schema\/logo\/image\/\",\"url\":\"https:\/\/www.municipales.org.ar\/festram\/wp-content\/uploads\/2014\/07\/logo_fes.jpg\",\"contentUrl\":\"https:\/\/www.municipales.org.ar\/festram\/wp-content\/uploads\/2014\/07\/logo_fes.jpg\",\"width\":661,\"height\":673,\"caption\":\"Federaci\u00f3n de Sindicatos de Trabajadores Municipales de la Provincia de Santa Fe\"},\"image\":{\"@id\":\"https:\/\/municipales.org.ar\/festram\/#\/schema\/logo\/image\/\"},\"sameAs\":[\"https:\/\/www.facebook.com\/MunicipalesSF\",\"https:\/\/x.com\/MunicipalesSF\",\"https:\/\/www.youtube.com\/user\/festram\"]},{\"@type\":\"Person\",\"@id\":\"https:\/\/municipales.org.ar\/festram\/#\/schema\/person\/49096a774c48ce9063df4d59ec059f9e\",\"name\":\"mun_admin\"}]}<\/script>\n<!-- \/ Yoast SEO plugin. -->","yoast_head_json":{"title":"Aporte Solidario. Fallos Judiciales y Antecedentes Jur\u00eddicos &#8211; FESTRAM","description":"Los trabajadores municipales no afiliados deben aportar el 1% del total de sus haberes.","robots":{"index":"index","follow":"follow","max-snippet":"max-snippet:-1","max-image-preview":"max-image-preview:large","max-video-preview":"max-video-preview:-1"},"canonical":"https:\/\/municipales.org.ar\/festram\/fallos-judiciales-y-antecedentes-juridicos-a-favor-del-aporte-solidario-de-festram\/","og_locale":"es_ES","og_type":"article","og_title":"Aporte Solidario. Fallos Judiciales y Antecedentes Jur\u00eddicos &#8211; FESTRAM","og_description":"Los trabajadores municipales no afiliados deben aportar el 1% del total de sus haberes.","og_url":"https:\/\/municipales.org.ar\/festram\/fallos-judiciales-y-antecedentes-juridicos-a-favor-del-aporte-solidario-de-festram\/","og_site_name":"FESTRAM","article_publisher":"https:\/\/www.facebook.com\/MunicipalesSF","article_published_time":"2013-04-12T14:24:28+00:00","article_modified_time":"2014-06-28T15:27:20+00:00","og_image":[{"width":1200,"height":512,"url":"https:\/\/municipales.org.ar\/festram\/wp-content\/uploads\/2015\/11\/tapa-convocatoria-2016A.jpg","type":"image\/jpeg"}],"author":"mun_admin","twitter_card":"summary_large_image","twitter_creator":"@MunicipalesSF","twitter_site":"@MunicipalesSF","twitter_misc":{"Escrito por":"mun_admin","Tiempo de lectura":"1 minuto"},"schema":{"@context":"https:\/\/schema.org","@graph":[{"@type":"Article","@id":"https:\/\/municipales.org.ar\/festram\/fallos-judiciales-y-antecedentes-juridicos-a-favor-del-aporte-solidario-de-festram\/#article","isPartOf":{"@id":"https:\/\/municipales.org.ar\/festram\/fallos-judiciales-y-antecedentes-juridicos-a-favor-del-aporte-solidario-de-festram\/"},"author":{"name":"mun_admin","@id":"https:\/\/municipales.org.ar\/festram\/#\/schema\/person\/49096a774c48ce9063df4d59ec059f9e"},"headline":"Aporte Solidario. Fallos Judiciales y Antecedentes Jur\u00eddicos","datePublished":"2013-04-12T14:24:28+00:00","dateModified":"2014-06-28T15:27:20+00:00","mainEntityOfPage":{"@id":"https:\/\/municipales.org.ar\/festram\/fallos-judiciales-y-antecedentes-juridicos-a-favor-del-aporte-solidario-de-festram\/"},"wordCount":295,"publisher":{"@id":"https:\/\/municipales.org.ar\/festram\/#organization"},"image":{"@id":"https:\/\/municipales.org.ar\/festram\/fallos-judiciales-y-antecedentes-juridicos-a-favor-del-aporte-solidario-de-festram\/#primaryimage"},"thumbnailUrl":"","keywords":["fallos jur\u00eddicos","Legislaci\u00f3n"],"articleSection":["Legislaci\u00f3n Fallos","Salarios y Paritarias"],"inLanguage":"es"},{"@type":"WebPage","@id":"https:\/\/municipales.org.ar\/festram\/fallos-judiciales-y-antecedentes-juridicos-a-favor-del-aporte-solidario-de-festram\/","url":"https:\/\/municipales.org.ar\/festram\/fallos-judiciales-y-antecedentes-juridicos-a-favor-del-aporte-solidario-de-festram\/","name":"Aporte Solidario. Fallos Judiciales y Antecedentes Jur\u00eddicos &#8211; FESTRAM","isPartOf":{"@id":"https:\/\/municipales.org.ar\/festram\/#website"},"primaryImageOfPage":{"@id":"https:\/\/municipales.org.ar\/festram\/fallos-judiciales-y-antecedentes-juridicos-a-favor-del-aporte-solidario-de-festram\/#primaryimage"},"image":{"@id":"https:\/\/municipales.org.ar\/festram\/fallos-judiciales-y-antecedentes-juridicos-a-favor-del-aporte-solidario-de-festram\/#primaryimage"},"thumbnailUrl":"","datePublished":"2013-04-12T14:24:28+00:00","dateModified":"2014-06-28T15:27:20+00:00","description":"Los trabajadores municipales no afiliados deben aportar el 1% del total de sus haberes.","breadcrumb":{"@id":"https:\/\/municipales.org.ar\/festram\/fallos-judiciales-y-antecedentes-juridicos-a-favor-del-aporte-solidario-de-festram\/#breadcrumb"},"inLanguage":"es","potentialAction":[{"@type":"ReadAction","target":["https:\/\/municipales.org.ar\/festram\/fallos-judiciales-y-antecedentes-juridicos-a-favor-del-aporte-solidario-de-festram\/"]}]},{"@type":"ImageObject","inLanguage":"es","@id":"https:\/\/municipales.org.ar\/festram\/fallos-judiciales-y-antecedentes-juridicos-a-favor-del-aporte-solidario-de-festram\/#primaryimage","url":"","contentUrl":""},{"@type":"BreadcrumbList","@id":"https:\/\/municipales.org.ar\/festram\/fallos-judiciales-y-antecedentes-juridicos-a-favor-del-aporte-solidario-de-festram\/#breadcrumb","itemListElement":[{"@type":"ListItem","position":1,"name":"Portada","item":"https:\/\/municipales.org.ar\/festram\/"},{"@type":"ListItem","position":2,"name":"Aporte Solidario. Fallos Judiciales y Antecedentes Jur\u00eddicos"}]},{"@type":"WebSite","@id":"https:\/\/municipales.org.ar\/festram\/#website","url":"https:\/\/municipales.org.ar\/festram\/","name":"FESTRAM","description":"La web de los trabajadores municipales","publisher":{"@id":"https:\/\/municipales.org.ar\/festram\/#organization"},"potentialAction":[{"@type":"SearchAction","target":{"@type":"EntryPoint","urlTemplate":"https:\/\/municipales.org.ar\/festram\/?s={search_term_string}"},"query-input":{"@type":"PropertyValueSpecification","valueRequired":true,"valueName":"search_term_string"}}],"inLanguage":"es"},{"@type":"Organization","@id":"https:\/\/municipales.org.ar\/festram\/#organization","name":"Federaci\u00f3n de Sindicatos de Trabajadores Municipales de la Provincia de Santa Fe","url":"https:\/\/municipales.org.ar\/festram\/","logo":{"@type":"ImageObject","inLanguage":"es","@id":"https:\/\/municipales.org.ar\/festram\/#\/schema\/logo\/image\/","url":"https:\/\/www.municipales.org.ar\/festram\/wp-content\/uploads\/2014\/07\/logo_fes.jpg","contentUrl":"https:\/\/www.municipales.org.ar\/festram\/wp-content\/uploads\/2014\/07\/logo_fes.jpg","width":661,"height":673,"caption":"Federaci\u00f3n de Sindicatos de Trabajadores Municipales de la Provincia de Santa Fe"},"image":{"@id":"https:\/\/municipales.org.ar\/festram\/#\/schema\/logo\/image\/"},"sameAs":["https:\/\/www.facebook.com\/MunicipalesSF","https:\/\/x.com\/MunicipalesSF","https:\/\/www.youtube.com\/user\/festram"]},{"@type":"Person","@id":"https:\/\/municipales.org.ar\/festram\/#\/schema\/person\/49096a774c48ce9063df4d59ec059f9e","name":"mun_admin"}]}},"jetpack_publicize_connections":[],"jetpack_featured_media_url":"","jetpack_sharing_enabled":true,"jetpack_likes_enabled":false,"jetpack_shortlink":"https:\/\/wp.me\/p7l4x1-2nR","_links":{"self":[{"href":"https:\/\/municipales.org.ar\/festram\/wp-json\/wp\/v2\/posts\/9167","targetHints":{"allow":["GET"]}}],"collection":[{"href":"https:\/\/municipales.org.ar\/festram\/wp-json\/wp\/v2\/posts"}],"about":[{"href":"https:\/\/municipales.org.ar\/festram\/wp-json\/wp\/v2\/types\/post"}],"author":[{"embeddable":true,"href":"https:\/\/municipales.org.ar\/festram\/wp-json\/wp\/v2\/users\/1"}],"replies":[{"embeddable":true,"href":"https:\/\/municipales.org.ar\/festram\/wp-json\/wp\/v2\/comments?post=9167"}],"version-history":[{"count":4,"href":"https:\/\/municipales.org.ar\/festram\/wp-json\/wp\/v2\/posts\/9167\/revisions"}],"predecessor-version":[{"id":9264,"href":"https:\/\/municipales.org.ar\/festram\/wp-json\/wp\/v2\/posts\/9167\/revisions\/9264"}],"wp:featuredmedia":[{"embeddable":true,"href":"https:\/\/municipales.org.ar\/festram\/wp-json\/"}],"wp:attachment":[{"href":"https:\/\/municipales.org.ar\/festram\/wp-json\/wp\/v2\/media?parent=9167"}],"wp:term":[{"taxonomy":"category","embeddable":true,"href":"https:\/\/municipales.org.ar\/festram\/wp-json\/wp\/v2\/categories?post=9167"},{"taxonomy":"post_tag","embeddable":true,"href":"https:\/\/municipales.org.ar\/festram\/wp-json\/wp\/v2\/tags?post=9167"}],"curies":[{"name":"wp","href":"https:\/\/api.w.org\/{rel}","templated":true}]}}